{"id":1072,"date":"2017-04-25T13:43:19","date_gmt":"2017-04-25T11:43:19","guid":{"rendered":"http:\/\/agora.xtec.cat\/ceipelsametllers\/?p=1072"},"modified":"2017-04-25T13:49:20","modified_gmt":"2017-04-25T11:49:20","slug":"certamen-literari-eusebi-mercader","status":"publish","type":"post","link":"https:\/\/agora.xtec.cat\/ceipelsametllers\/general\/certamen-literari-eusebi-mercader\/","title":{"rendered":"Certamen literari Eusebi Mercader"},"content":{"rendered":"<p>L&#8217;Ajuntament de La Pobla de Montorn\u00e8s, per tal de fer homenatge a la mem\u00f2ria del que fou l&#8217;estimat poblenc Eusebi Mercader i Mercader, va convocar la primera edici\u00f3 del Certamen literari Eusebi Mercader adre\u00e7at als alumnes de primer a sis\u00e8 de prim\u00e0ria de l&#8217;Escola Els Ametllers.<\/p>\n<p>La setmana pr\u00e8via a la seva celebraci\u00f3, els alumnes d&#8217;Educaci\u00f3 Prim\u00e0ria de l&#8217;escola van realitzar una narraci\u00f3 on la tem\u00e0tica era L&#8217;Ermita de la Mare de D\u00e9u de Montorn\u00e8s.<\/p>\n<p>Per tal de decidir els guanyadors del Certamen, es va valorar l&#8217;originalitat i la correcci\u00f3 ling\u00fc\u00edstica en funci\u00f3 de l&#8217;edat. Es van establir dos premis per categoria amb el benent\u00e8s que el jurat podia atorgar-ne un a cada classe.<\/p>\n<ul>\n<li>Un val de 30 euros per comprar a la llibreria Abacus de primer a cinqu\u00e8 de prim\u00e0ria.<\/li>\n<li>Una Tablet a sis\u00e8 de prim\u00e0ria.<\/li>\n<\/ul>\n<p>El dia 21 d&#8217;abril a les 11:30h es va fer el lliurament de premis, els guanyadors van ser:<\/p>\n<p>Primer: Eric Alc\u00e1ntara Ant\u00f3n.<\/p>\n<p><a href=\"http:\/\/agora.xtec.cat\/ceipelsametllers\/wp-content\/uploads\/usu1019\/2017\/04\/IMG_8574.jpg\"><img loading=\"lazy\" decoding=\"async\" class=\"alignnone wp-image-1073 size-thumbnail\" src=\"http:\/\/agora.xtec.cat\/ceipelsametllers\/wp-content\/uploads\/usu1019\/2017\/04\/IMG_8574-150x150.jpg\" alt=\"IMG_8574\" width=\"150\" height=\"150\" \/><\/a><\/p>\n<p>Segon: Guifr\u00e9 Alom\u00e0 Lir\u00f3n<\/p>\n<p><a href=\"http:\/\/agora.xtec.cat\/ceipelsametllers\/wp-content\/uploads\/usu1019\/2017\/04\/IMG_8580.jpg\"><img loading=\"lazy\" decoding=\"async\" class=\"alignleft wp-image-1078 size-thumbnail\" src=\"http:\/\/agora.xtec.cat\/ceipelsametllers\/wp-content\/uploads\/usu1019\/2017\/04\/IMG_8580-150x150.jpg\" alt=\"IMG_8580\" width=\"150\" height=\"150\" \/><\/a><\/p>\n<p>&nbsp;<\/p>\n<p>&nbsp;<\/p>\n<p>&nbsp;<\/p>\n<p>Tercer: Robert Mihai Matei Dinca<\/p>\n<p><a href=\"http:\/\/agora.xtec.cat\/ceipelsametllers\/wp-content\/uploads\/usu1019\/2017\/04\/IMG_8588.jpg\"><img loading=\"lazy\" decoding=\"async\" class=\"alignleft wp-image-1079 size-thumbnail\" src=\"http:\/\/agora.xtec.cat\/ceipelsametllers\/wp-content\/uploads\/usu1019\/2017\/04\/IMG_8588-150x150.jpg\" alt=\"IMG_8588\" width=\"150\" height=\"150\" \/><\/a><\/p>\n<p>&nbsp;<\/p>\n<p>&nbsp;<\/p>\n<p>&nbsp;<\/p>\n<p>Quart: Aleix Sol\u00e9 Par\u00e9s<\/p>\n<p><a href=\"http:\/\/agora.xtec.cat\/ceipelsametllers\/wp-content\/uploads\/usu1019\/2017\/04\/IMG_8598.jpg\"><img loading=\"lazy\" decoding=\"async\" class=\"alignleft wp-image-1080 size-thumbnail\" src=\"http:\/\/agora.xtec.cat\/ceipelsametllers\/wp-content\/uploads\/usu1019\/2017\/04\/IMG_8598-150x150.jpg\" alt=\"IMG_8598\" width=\"150\" height=\"150\" \/><\/a><\/p>\n<p>&nbsp;<\/p>\n<p>&nbsp;<\/p>\n<p>&nbsp;<\/p>\n<p>Cinqu\u00e8: Maria Tirado Usero<\/p>\n<p><a href=\"http:\/\/agora.xtec.cat\/ceipelsametllers\/wp-content\/uploads\/usu1019\/2017\/04\/IMG_8605.jpg\"><img loading=\"lazy\" decoding=\"async\" class=\"alignleft wp-image-1081 size-thumbnail\" src=\"http:\/\/agora.xtec.cat\/ceipelsametllers\/wp-content\/uploads\/usu1019\/2017\/04\/IMG_8605-150x150.jpg\" alt=\"IMG_8605\" width=\"150\" height=\"150\" \/><\/a><\/p>\n<p>&nbsp;<\/p>\n<p>&nbsp;<\/p>\n<p>&nbsp;<\/p>\n<p>Sis\u00e8 A: Lidia Rosales Polini<\/p>\n<p><a href=\"http:\/\/agora.xtec.cat\/ceipelsametllers\/wp-content\/uploads\/usu1019\/2017\/04\/IMG_8621.jpg\"><img loading=\"lazy\" decoding=\"async\" class=\"alignleft wp-image-1083 size-thumbnail\" src=\"http:\/\/agora.xtec.cat\/ceipelsametllers\/wp-content\/uploads\/usu1019\/2017\/04\/IMG_8621-150x150.jpg\" alt=\"IMG_8621\" width=\"150\" height=\"150\" \/><\/a><\/p>\n<p>&nbsp;<\/p>\n<p>&nbsp;<\/p>\n<p>&nbsp;<\/p>\n<p>Sis\u00e8 B: Laura Sard\u00e0 Asensio<\/p>\n<p><a href=\"http:\/\/agora.xtec.cat\/ceipelsametllers\/wp-content\/uploads\/usu1019\/2017\/04\/IMG_8635.jpg\"><img loading=\"lazy\" decoding=\"async\" class=\"alignleft wp-image-1085 size-thumbnail\" src=\"http:\/\/agora.xtec.cat\/ceipelsametllers\/wp-content\/uploads\/usu1019\/2017\/04\/IMG_8635-150x150.jpg\" alt=\"IMG_8635\" width=\"150\" height=\"150\" \/><\/a><\/p>\n<p>&nbsp;<\/p>\n<p>&nbsp;<\/p>\n<p>&nbsp;<\/p>\n<p><a href=\"https:\/\/photos.google.com\/album\/AF1QipMuvrNo7Uvuk--aiVEFp9hYjGWfPfE1SsQYbMa-?hl=ca\">Aqu\u00ed <\/a>podreu veure m\u00e9s fotos.<\/p>\n","protected":false},"excerpt":{"rendered":"<p>L&#8217;Ajuntament de La Pobla de Montorn\u00e8s, per tal de fer homenatge a la mem\u00f2ria del que fou l&#8217;estimat poblenc Eusebi Mercader i Mercader, va convocar la primera edici\u00f3 del Certamen literari Eusebi Mercader adre\u00e7at als alumnes de primer a sis\u00e8 de prim\u00e0ria de l&#8217;Escola Els&hellip;  <a href=\"https:\/\/agora.xtec.cat\/ceipelsametllers\/general\/certamen-literari-eusebi-mercader\/\" title=\"Read Certamen literari Eusebi Mercader\">Llegeix m\u00e9s\u00bb<\/a><\/p>\n","protected":false},"author":3,"featured_media":1077,"comment_status":"open","ping_status":"open","sticky":false,"template":"","format":"standard","meta":{"_bbp_topic_count":0,"_bbp_reply_count":0,"_bbp_total_topic_count":0,"_bbp_total_reply_count":0,"_bbp_voice_count":0,"_bbp_anonymous_reply_count":0,"_bbp_topic_count_hidden":0,"_bbp_reply_count_hidden":0,"_bbp_forum_subforum_count":0,"footnotes":""},"categories":[10,11,12,13,14,15,1,4,5],"tags":[],"class_list":["post-1072","post","type-post","status-publish","format-standard","has-post-thumbnail","hentry","category-1r","category-2n","category-3r","category-4t","category-5e","category-6e","category-general","category-portada","category-primaria"],"post_mailing_queue_ids":[],"_links":{"self":[{"href":"https:\/\/agora.xtec.cat\/ceipelsametllers\/wp-json\/wp\/v2\/posts\/1072","targetHints":{"allow":["GET"]}}],"collection":[{"href":"https:\/\/agora.xtec.cat\/ceipelsametllers\/wp-json\/wp\/v2\/posts"}],"about":[{"href":"https:\/\/agora.xtec.cat\/ceipelsametllers\/wp-json\/wp\/v2\/types\/post"}],"author":[{"embeddable":true,"href":"https:\/\/agora.xtec.cat\/ceipelsametllers\/wp-json\/wp\/v2\/users\/3"}],"replies":[{"embeddable":true,"href":"https:\/\/agora.xtec.cat\/ceipelsametllers\/wp-json\/wp\/v2\/comments?post=1072"}],"version-history":[{"count":3,"href":"https:\/\/agora.xtec.cat\/ceipelsametllers\/wp-json\/wp\/v2\/posts\/1072\/revisions"}],"predecessor-version":[{"id":1089,"href":"https:\/\/agora.xtec.cat\/ceipelsametllers\/wp-json\/wp\/v2\/posts\/1072\/revisions\/1089"}],"wp:featuredmedia":[{"embeddable":true,"href":"https:\/\/agora.xtec.cat\/ceipelsametllers\/wp-json\/wp\/v2\/media\/1077"}],"wp:attachment":[{"href":"https:\/\/agora.xtec.cat\/ceipelsametllers\/wp-json\/wp\/v2\/media?parent=1072"}],"wp:term":[{"taxonomy":"category","embeddable":true,"href":"https:\/\/agora.xtec.cat\/ceipelsametllers\/wp-json\/wp\/v2\/categories?post=1072"},{"taxonomy":"post_tag","embeddable":true,"href":"https:\/\/agora.xtec.cat\/ceipelsametllers\/wp-json\/wp\/v2\/tags?post=1072"}],"curies":[{"name":"wp","href":"https:\/\/api.w.org\/{rel}","templated":true}]}}