{"id":1044,"date":"2017-02-28T13:01:59","date_gmt":"2017-02-28T12:01:59","guid":{"rendered":"http:\/\/agora.xtec.cat\/ceipelsametllers\/?p=1044"},"modified":"2017-02-28T13:01:59","modified_gmt":"2017-02-28T12:01:59","slug":"carnaval-2017","status":"publish","type":"post","link":"https:\/\/agora.xtec.cat\/ceipelsametllers\/general\/carnaval-2017\/","title":{"rendered":"Carnaval 2017"},"content":{"rendered":"<p><a href=\"http:\/\/agora.xtec.cat\/ceipelsametllers\/wp-content\/uploads\/usu1019\/2017\/02\/SAM_0164.jpg\"><img loading=\"lazy\" decoding=\"async\" class=\"wp-image-1045 alignleft\" src=\"http:\/\/agora.xtec.cat\/ceipelsametllers\/wp-content\/uploads\/usu1019\/2017\/02\/SAM_0164-1024x768.jpg\" alt=\"sam_0164\" width=\"264\" height=\"198\" srcset=\"https:\/\/agora.xtec.cat\/ceipelsametllers\/wp-content\/uploads\/usu1019\/2017\/02\/SAM_0164-1024x768.jpg 1024w, https:\/\/agora.xtec.cat\/ceipelsametllers\/wp-content\/uploads\/usu1019\/2017\/02\/SAM_0164-300x225.jpg 300w, https:\/\/agora.xtec.cat\/ceipelsametllers\/wp-content\/uploads\/usu1019\/2017\/02\/SAM_0164-768x576.jpg 768w, https:\/\/agora.xtec.cat\/ceipelsametllers\/wp-content\/uploads\/usu1019\/2017\/02\/SAM_0164-200x150.jpg 200w\" sizes=\"auto, (max-width: 264px) 100vw, 264px\" \/><\/a>El divendres 24 vam celebrar el Carnaval. La pluja va impedir que f\u00e9ssim la rua pel poble per\u00f2 malgrat aix\u00f2 ens ho vam passar d&#8217;all\u00f2 m\u00e9s b\u00e9 dintre l&#8217;escola.<\/p>\n<p>Podeu veure les fotos <a href=\"https:\/\/goo.gl\/photos\/4Xp6KtfCRYmRE6Nn8\"><strong>aqu\u00ed<\/strong><\/a>.<\/p>\n","protected":false},"excerpt":{"rendered":"<p><a href=\"http:\/\/agora.xtec.cat\/ceipelsametllers\/wp-content\/uploads\/usu1019\/2017\/02\/SAM_0164.jpg\"><\/a>El divendres 24 vam celebrar el Carnaval. La pluja va impedir que f\u00e9ssim la rua pel poble per\u00f2 malgrat aix\u00f2 ens ho vam passar d&#8217;all\u00f2 m\u00e9s b\u00e9 dintre l&#8217;escola.<br \/>\nPodeu veure les fotos <a href=\"https:\/\/goo.gl\/photos\/4Xp6KtfCRYmRE6Nn8\">aqu\u00ed<\/a>.<\/p>\n","protected":false},"author":3,"featured_media":1045,"comment_status":"open","ping_status":"open","sticky":false,"template":"","format":"standard","meta":{"_bbp_topic_count":0,"_bbp_reply_count":0,"_bbp_total_topic_count":0,"_bbp_total_reply_count":0,"_bbp_voice_count":0,"_bbp_anonymous_reply_count":0,"_bbp_topic_count_hidden":0,"_bbp_reply_count_hidden":0,"_bbp_forum_subforum_count":0,"footnotes":""},"categories":[37,36,1,2,4,5],"tags":[],"class_list":["post-1044","post","type-post","status-publish","format-standard","has-post-thumbnail","hentry","category-escola","category-festes","category-general","category-infantil","category-portada","category-primaria"],"post_mailing_queue_ids":[],"_links":{"self":[{"href":"https:\/\/agora.xtec.cat\/ceipelsametllers\/wp-json\/wp\/v2\/posts\/1044","targetHints":{"allow":["GET"]}}],"collection":[{"href":"https:\/\/agora.xtec.cat\/ceipelsametllers\/wp-json\/wp\/v2\/posts"}],"about":[{"href":"https:\/\/agora.xtec.cat\/ceipelsametllers\/wp-json\/wp\/v2\/types\/post"}],"author":[{"embeddable":true,"href":"https:\/\/agora.xtec.cat\/ceipelsametllers\/wp-json\/wp\/v2\/users\/3"}],"replies":[{"embeddable":true,"href":"https:\/\/agora.xtec.cat\/ceipelsametllers\/wp-json\/wp\/v2\/comments?post=1044"}],"version-history":[{"count":1,"href":"https:\/\/agora.xtec.cat\/ceipelsametllers\/wp-json\/wp\/v2\/posts\/1044\/revisions"}],"predecessor-version":[{"id":1046,"href":"https:\/\/agora.xtec.cat\/ceipelsametllers\/wp-json\/wp\/v2\/posts\/1044\/revisions\/1046"}],"wp:featuredmedia":[{"embeddable":true,"href":"https:\/\/agora.xtec.cat\/ceipelsametllers\/wp-json\/wp\/v2\/media\/1045"}],"wp:attachment":[{"href":"https:\/\/agora.xtec.cat\/ceipelsametllers\/wp-json\/wp\/v2\/media?parent=1044"}],"wp:term":[{"taxonomy":"category","embeddable":true,"href":"https:\/\/agora.xtec.cat\/ceipelsametllers\/wp-json\/wp\/v2\/categories?post=1044"},{"taxonomy":"post_tag","embeddable":true,"href":"https:\/\/agora.xtec.cat\/ceipelsametllers\/wp-json\/wp\/v2\/tags?post=1044"}],"curies":[{"name":"wp","href":"https:\/\/api.w.org\/{rel}","templated":true}]}}