{"id":7586,"date":"2018-11-14T13:49:05","date_gmt":"2018-11-14T12:49:05","guid":{"rendered":"http:\/\/agora.xtec.cat\/ceipelfarell\/?p=7586"},"modified":"2018-11-14T13:49:05","modified_gmt":"2018-11-14T12:49:05","slug":"tastem-els-fruits-de-la-tardor","status":"publish","type":"post","link":"https:\/\/agora.xtec.cat\/ceipelfarell\/general\/tastem-els-fruits-de-la-tardor\/","title":{"rendered":"Tastem els fruits de la tardor!!"},"content":{"rendered":"<p>Els alumnes de P5 hem treballat diferents aspectes matem\u00e0tics i de<a href=\"https:\/\/agora.xtec.cat\/ceipelfarell\/wp-content\/uploads\/usu1549\/2018\/11\/IMG_20181107_101624.jpg\"><img loading=\"lazy\" decoding=\"async\" class=\"wp-image-7592 alignright\" src=\"https:\/\/agora.xtec.cat\/ceipelfarell\/wp-content\/uploads\/usu1549\/2018\/11\/IMG_20181107_101624-1024x768.jpg\" alt=\"\" width=\"372\" height=\"279\" srcset=\"https:\/\/agora.xtec.cat\/ceipelfarell\/wp-content\/uploads\/usu1549\/2018\/11\/IMG_20181107_101624-1024x768.jpg 1024w, https:\/\/agora.xtec.cat\/ceipelfarell\/wp-content\/uploads\/usu1549\/2018\/11\/IMG_20181107_101624-300x225.jpg 300w, https:\/\/agora.xtec.cat\/ceipelfarell\/wp-content\/uploads\/usu1549\/2018\/11\/IMG_20181107_101624-768x576.jpg 768w, https:\/\/agora.xtec.cat\/ceipelfarell\/wp-content\/uploads\/usu1549\/2018\/11\/IMG_20181107_101624-200x150.jpg 200w, https:\/\/agora.xtec.cat\/ceipelfarell\/wp-content\/uploads\/usu1549\/2018\/11\/IMG_20181107_101624.jpg 1600w\" sizes=\"auto, (max-width: 372px) 100vw, 372px\" \/><\/a> lecto-escriptura mitjan\u00e7ant els fruits de la tardor.<\/p>\n<p>Cada infant va portar uns fruits a l&#8217;escola: ametlles, nous, avellanes, codonys, magranes, pomes, moniatos, ra\u00efm blanc i ra\u00efm negre, mandarines, taronges&#8230; que vam agrupar i classificar a la classe. Despr\u00e9s vam jugar a pesar-los:<\/p>\n<p>&#8220;1 codony pesa com 2 mandarines!&#8221;, &#8220;9 ametlles pesen com 1 poma!&#8221;, o tamb\u00e9 mir\u00e0vem qu\u00e8 pesava m\u00e9s, f\u00e8iem hip\u00f2tesis del qu\u00e8 pens\u00e0vem i despr\u00e9s ho comprov\u00e0vem.<\/p>\n<p>&nbsp;<\/p>\n<p>Tamb\u00e9 vam veure quins sons formaven cada paraula dels fruits de la tardor, si eren llargues o curtes, els vam escriure a la pissarra, vam jugar a un joc de relacionar paraules amb imatges o paraules amb els fruits que hav\u00edem portat&#8230;<\/p>\n<p><a href=\"https:\/\/agora.xtec.cat\/ceipelfarell\/wp-content\/uploads\/usu1549\/2018\/11\/IMG_20181105_103430.jpg\"><img loading=\"lazy\" decoding=\"async\" class=\"alignnone  wp-image-7587\" src=\"https:\/\/agora.xtec.cat\/ceipelfarell\/wp-content\/uploads\/usu1549\/2018\/11\/IMG_20181105_103430-1024x768.jpg\" alt=\"\" width=\"351\" height=\"263\" srcset=\"https:\/\/agora.xtec.cat\/ceipelfarell\/wp-content\/uploads\/usu1549\/2018\/11\/IMG_20181105_103430-1024x768.jpg 1024w, https:\/\/agora.xtec.cat\/ceipelfarell\/wp-content\/uploads\/usu1549\/2018\/11\/IMG_20181105_103430-300x225.jpg 300w, https:\/\/agora.xtec.cat\/ceipelfarell\/wp-content\/uploads\/usu1549\/2018\/11\/IMG_20181105_103430-768x576.jpg 768w, https:\/\/agora.xtec.cat\/ceipelfarell\/wp-content\/uploads\/usu1549\/2018\/11\/IMG_20181105_103430-200x150.jpg 200w, https:\/\/agora.xtec.cat\/ceipelfarell\/wp-content\/uploads\/usu1549\/2018\/11\/IMG_20181105_103430.jpg 1600w\" sizes=\"auto, (max-width: 351px) 100vw, 351px\" \/><\/a><a href=\"https:\/\/agora.xtec.cat\/ceipelfarell\/wp-content\/uploads\/usu1549\/2018\/11\/IMG_20181106_162351.jpg\"><img loading=\"lazy\" decoding=\"async\" class=\"alignnone  wp-image-7590\" src=\"https:\/\/agora.xtec.cat\/ceipelfarell\/wp-content\/uploads\/usu1549\/2018\/11\/IMG_20181106_162351-1024x768.jpg\" alt=\"\" width=\"353\" height=\"264\" srcset=\"https:\/\/agora.xtec.cat\/ceipelfarell\/wp-content\/uploads\/usu1549\/2018\/11\/IMG_20181106_162351-1024x768.jpg 1024w, https:\/\/agora.xtec.cat\/ceipelfarell\/wp-content\/uploads\/usu1549\/2018\/11\/IMG_20181106_162351-300x225.jpg 300w, https:\/\/agora.xtec.cat\/ceipelfarell\/wp-content\/uploads\/usu1549\/2018\/11\/IMG_20181106_162351-768x576.jpg 768w, https:\/\/agora.xtec.cat\/ceipelfarell\/wp-content\/uploads\/usu1549\/2018\/11\/IMG_20181106_162351-200x150.jpg 200w, https:\/\/agora.xtec.cat\/ceipelfarell\/wp-content\/uploads\/usu1549\/2018\/11\/IMG_20181106_162351.jpg 1600w\" sizes=\"auto, (max-width: 353px) 100vw, 353px\" \/><\/a><\/p>\n<p>Finalment vam olorar i tastar els fruits de la tardor, vam veure quins eren secs (fruits secs) i quins sucosos i quins ens agradaven i quins no.<\/p>\n<table style=\"border-collapse: collapse; width: 100%;\" border=\"1\">\n<tbody>\n<tr>\n<td style=\"width: 33.7583%;\"><a href=\"https:\/\/agora.xtec.cat\/ceipelfarell\/wp-content\/uploads\/usu1549\/2018\/11\/IMG_20181107_155317.jpg\"><img loading=\"lazy\" decoding=\"async\" class=\"alignnone  wp-image-7593\" src=\"https:\/\/agora.xtec.cat\/ceipelfarell\/wp-content\/uploads\/usu1549\/2018\/11\/IMG_20181107_155317-1024x768.jpg\" alt=\"\" width=\"336\" height=\"252\" srcset=\"https:\/\/agora.xtec.cat\/ceipelfarell\/wp-content\/uploads\/usu1549\/2018\/11\/IMG_20181107_155317-1024x768.jpg 1024w, https:\/\/agora.xtec.cat\/ceipelfarell\/wp-content\/uploads\/usu1549\/2018\/11\/IMG_20181107_155317-300x225.jpg 300w, https:\/\/agora.xtec.cat\/ceipelfarell\/wp-content\/uploads\/usu1549\/2018\/11\/IMG_20181107_155317-768x576.jpg 768w, https:\/\/agora.xtec.cat\/ceipelfarell\/wp-content\/uploads\/usu1549\/2018\/11\/IMG_20181107_155317-200x150.jpg 200w, https:\/\/agora.xtec.cat\/ceipelfarell\/wp-content\/uploads\/usu1549\/2018\/11\/IMG_20181107_155317.jpg 1600w\" sizes=\"auto, (max-width: 336px) 100vw, 336px\" \/><\/a><\/td>\n<td style=\"width: 33.2955%;\"><a href=\"https:\/\/agora.xtec.cat\/ceipelfarell\/wp-content\/uploads\/usu1549\/2018\/11\/IMG_20181106_160116.jpg\"><img loading=\"lazy\" decoding=\"async\" class=\"alignnone  wp-image-7588\" src=\"https:\/\/agora.xtec.cat\/ceipelfarell\/wp-content\/uploads\/usu1549\/2018\/11\/IMG_20181106_160116-1024x768.jpg\" alt=\"\" width=\"339\" height=\"255\" srcset=\"https:\/\/agora.xtec.cat\/ceipelfarell\/wp-content\/uploads\/usu1549\/2018\/11\/IMG_20181106_160116-1024x768.jpg 1024w, https:\/\/agora.xtec.cat\/ceipelfarell\/wp-content\/uploads\/usu1549\/2018\/11\/IMG_20181106_160116-300x225.jpg 300w, https:\/\/agora.xtec.cat\/ceipelfarell\/wp-content\/uploads\/usu1549\/2018\/11\/IMG_20181106_160116-768x576.jpg 768w, https:\/\/agora.xtec.cat\/ceipelfarell\/wp-content\/uploads\/usu1549\/2018\/11\/IMG_20181106_160116-200x150.jpg 200w, https:\/\/agora.xtec.cat\/ceipelfarell\/wp-content\/uploads\/usu1549\/2018\/11\/IMG_20181106_160116.jpg 1600w\" sizes=\"auto, (max-width: 339px) 100vw, 339px\" \/><\/a><\/td>\n<\/tr>\n<tr>\n<td style=\"width: 33.7583%;\"><a href=\"https:\/\/agora.xtec.cat\/ceipelfarell\/wp-content\/uploads\/usu1549\/2018\/11\/IMG_20181106_161855.jpg\"><img loading=\"lazy\" decoding=\"async\" class=\"wp-image-7589 aligncenter\" src=\"https:\/\/agora.xtec.cat\/ceipelfarell\/wp-content\/uploads\/usu1549\/2018\/11\/IMG_20181106_161855-768x1024.jpg\" alt=\"\" width=\"193\" height=\"257\" srcset=\"https:\/\/agora.xtec.cat\/ceipelfarell\/wp-content\/uploads\/usu1549\/2018\/11\/IMG_20181106_161855-768x1024.jpg 768w, https:\/\/agora.xtec.cat\/ceipelfarell\/wp-content\/uploads\/usu1549\/2018\/11\/IMG_20181106_161855-225x300.jpg 225w, https:\/\/agora.xtec.cat\/ceipelfarell\/wp-content\/uploads\/usu1549\/2018\/11\/IMG_20181106_161855.jpg 1600w\" sizes=\"auto, (max-width: 193px) 100vw, 193px\" \/><\/a><\/td>\n<td style=\"width: 33.2955%;\"><a href=\"https:\/\/agora.xtec.cat\/ceipelfarell\/wp-content\/uploads\/usu1549\/2018\/11\/IMG_20181107_100700.jpg\"><img loading=\"lazy\" decoding=\"async\" class=\"alignnone  wp-image-7591\" src=\"https:\/\/agora.xtec.cat\/ceipelfarell\/wp-content\/uploads\/usu1549\/2018\/11\/IMG_20181107_100700-1024x768.jpg\" alt=\"\" width=\"340\" height=\"255\" srcset=\"https:\/\/agora.xtec.cat\/ceipelfarell\/wp-content\/uploads\/usu1549\/2018\/11\/IMG_20181107_100700-1024x768.jpg 1024w, https:\/\/agora.xtec.cat\/ceipelfarell\/wp-content\/uploads\/usu1549\/2018\/11\/IMG_20181107_100700-300x225.jpg 300w, https:\/\/agora.xtec.cat\/ceipelfarell\/wp-content\/uploads\/usu1549\/2018\/11\/IMG_20181107_100700-768x576.jpg 768w, https:\/\/agora.xtec.cat\/ceipelfarell\/wp-content\/uploads\/usu1549\/2018\/11\/IMG_20181107_100700-200x150.jpg 200w, https:\/\/agora.xtec.cat\/ceipelfarell\/wp-content\/uploads\/usu1549\/2018\/11\/IMG_20181107_100700.jpg 1600w\" sizes=\"auto, (max-width: 340px) 100vw, 340px\" \/><\/a><\/td>\n<\/tr>\n<\/tbody>\n<\/table>\n<p>&nbsp;<\/p>\n<p>Tots els infants han gaudit molt amb les activitats!! Els animem a continuar tastant i menjant els fruits de la tardor!!<\/p>\n<p><a href=\"https:\/\/drive.google.com\/drive\/folders\/12HLQn40NfrVOQ_mSHpDSwzsag1fwjAkx\" target=\"_blank\" rel=\"noopener\">Mireu m\u00e9s fotografies<\/a><\/p>\n","protected":false},"excerpt":{"rendered":"<p>Els alumnes de P5 hem treballat diferents aspectes matem\u00e0tics i de lecto-escriptura mitjan\u00e7ant els fruits de la tardor. Cada infant va portar uns fruits a l&#8217;escola: ametlles, nous, avellanes, codonys, magranes, pomes, moniatos, ra\u00efm blanc i ra\u00efm negre, mandarines, taronges&#8230; que vam agrupar i classificar a la classe. Despr\u00e9s vam jugar a pesar-los: &#8220;1 codony [&hellip;]<\/p>\n","protected":false},"author":3,"featured_media":7591,"comment_status":"open","ping_status":"closed","sticky":false,"template":"","format":"standard","meta":{"_bbp_topic_count":0,"_bbp_reply_count":0,"_bbp_total_topic_count":0,"_bbp_total_reply_count":0,"_bbp_voice_count":0,"_bbp_anonymous_reply_count":0,"_bbp_topic_count_hidden":0,"_bbp_reply_count_hidden":0,"_bbp_forum_subforum_count":0,"site-sidebar-layout":"default","site-content-layout":"","ast-site-content-layout":"","site-content-style":"default","site-sidebar-style":"default","ast-global-header-display":"","ast-banner-title-visibility":"","ast-main-header-display":"","ast-hfb-above-header-display":"","ast-hfb-below-header-display":"","ast-hfb-mobile-header-display":"","site-post-title":"","ast-breadcrumbs-content":"","ast-featured-img":"","footer-sml-layout":"","theme-transparent-header-meta":"","adv-header-id-meta":"","stick-header-meta":"","header-above-stick-meta":"","header-main-stick-meta":"","header-below-stick-meta":"","astra-migrate-meta-layouts":"default","ast-page-background-enabled":"default","ast-page-background-meta":{"desktop":{"background-color":"var(--ast-global-color-4)","background-image":"","background-repeat":"repeat","background-position":"center center","background-size":"auto","background-attachment":"scroll","background-type":"","background-media":"","overlay-type":"","overlay-color":"","overlay-opacity":"","overlay-gradient":""},"tablet":{"background-color":"","background-image":"","background-repeat":"repeat","background-position":"center center","background-size":"auto","background-attachment":"scroll","background-type":"","background-media":"","overlay-type":"","overlay-color":"","overlay-opacity":"","overlay-gradient":""},"mobile":{"background-color":"","background-image":"","background-repeat":"repeat","background-position":"center center","background-size":"auto","background-attachment":"scroll","background-type":"","background-media":"","overlay-type":"","overlay-color":"","overlay-opacity":"","overlay-gradient":""}},"ast-content-background-meta":{"desktop":{"background-color":"var(--ast-global-color-5)","background-image":"","background-repeat":"repeat","background-position":"center center","background-size":"auto","background-attachment":"scroll","background-type":"","background-media":"","overlay-type":"","overlay-color":"","overlay-opacity":"","overlay-gradient":""},"tablet":{"background-color":"var(--ast-global-color-5)","background-image":"","background-repeat":"repeat","background-position":"center center","background-size":"auto","background-attachment":"scroll","background-type":"","background-media":"","overlay-type":"","overlay-color":"","overlay-opacity":"","overlay-gradient":""},"mobile":{"background-color":"var(--ast-global-color-5)","background-image":"","background-repeat":"repeat","background-position":"center center","background-size":"auto","background-attachment":"scroll","background-type":"","background-media":"","overlay-type":"","overlay-color":"","overlay-opacity":"","overlay-gradient":""}},"footnotes":""},"categories":[1,9],"tags":[195,201],"class_list":["post-7586","post","type-post","status-publish","format-standard","has-post-thumbnail","hentry","category-general","category-i5","tag-activitats","tag-i5"],"post_mailing_queue_ids":[],"_links":{"self":[{"href":"https:\/\/agora.xtec.cat\/ceipelfarell\/wp-json\/wp\/v2\/posts\/7586","targetHints":{"allow":["GET"]}}],"collection":[{"href":"https:\/\/agora.xtec.cat\/ceipelfarell\/wp-json\/wp\/v2\/posts"}],"about":[{"href":"https:\/\/agora.xtec.cat\/ceipelfarell\/wp-json\/wp\/v2\/types\/post"}],"author":[{"embeddable":true,"href":"https:\/\/agora.xtec.cat\/ceipelfarell\/wp-json\/wp\/v2\/users\/3"}],"replies":[{"embeddable":true,"href":"https:\/\/agora.xtec.cat\/ceipelfarell\/wp-json\/wp\/v2\/comments?post=7586"}],"version-history":[{"count":1,"href":"https:\/\/agora.xtec.cat\/ceipelfarell\/wp-json\/wp\/v2\/posts\/7586\/revisions"}],"predecessor-version":[{"id":7594,"href":"https:\/\/agora.xtec.cat\/ceipelfarell\/wp-json\/wp\/v2\/posts\/7586\/revisions\/7594"}],"wp:featuredmedia":[{"embeddable":true,"href":"https:\/\/agora.xtec.cat\/ceipelfarell\/wp-json\/wp\/v2\/media\/7591"}],"wp:attachment":[{"href":"https:\/\/agora.xtec.cat\/ceipelfarell\/wp-json\/wp\/v2\/media?parent=7586"}],"wp:term":[{"taxonomy":"category","embeddable":true,"href":"https:\/\/agora.xtec.cat\/ceipelfarell\/wp-json\/wp\/v2\/categories?post=7586"},{"taxonomy":"post_tag","embeddable":true,"href":"https:\/\/agora.xtec.cat\/ceipelfarell\/wp-json\/wp\/v2\/tags?post=7586"}],"curies":[{"name":"wp","href":"https:\/\/api.w.org\/{rel}","templated":true}]}}