{"id":18398,"date":"2026-04-29T10:50:54","date_gmt":"2026-04-29T08:50:54","guid":{"rendered":"https:\/\/agora.xtec.cat\/ceipelfarell\/?p=18398"},"modified":"2026-04-29T10:53:44","modified_gmt":"2026-04-29T08:53:44","slug":"un-intercanvi-inoblidable-els-nostres-amics-deslovaquia-ens-visiten","status":"publish","type":"post","link":"https:\/\/agora.xtec.cat\/ceipelfarell\/general\/un-intercanvi-inoblidable-els-nostres-amics-deslovaquia-ens-visiten\/","title":{"rendered":"Un intercanvi inoblidable: els nostres amics d\u2019Eslov\u00e0quia ens visiten!"},"content":{"rendered":"\n<div class=\"wp-block-media-text is-stacked-on-mobile\"><figure class=\"wp-block-media-text__media\"><img loading=\"lazy\" decoding=\"async\" width=\"500\" height=\"333\" src=\"https:\/\/agora.xtec.cat\/ceipelfarell\/wp-content\/uploads\/usu1549\/2026\/04\/WhatsApp-Image-2026-04-21-at-00.08.32-1.jpeg\" alt=\"\" class=\"wp-image-18407 size-full\" srcset=\"https:\/\/agora.xtec.cat\/ceipelfarell\/wp-content\/uploads\/usu1549\/2026\/04\/WhatsApp-Image-2026-04-21-at-00.08.32-1.jpeg 500w, https:\/\/agora.xtec.cat\/ceipelfarell\/wp-content\/uploads\/usu1549\/2026\/04\/WhatsApp-Image-2026-04-21-at-00.08.32-1-300x200.jpeg 300w\" sizes=\"auto, (max-width: 500px) 100vw, 500px\" \/><\/figure><div class=\"wp-block-media-text__content\">\n<p>La setmana passada vam viure uns dies molt especials a la nostra escola. Despr\u00e9s que el passat 1 de mar\u00e7 els nostres vuit alumnes de 6\u00e8 gaudissin d\u2019una experi\u00e8ncia fant\u00e0stica a Eslov\u00e0quia, finalment va arribar el moment de rebre a casa nostra els nostres companys eslovacs i les seves mestres  <a href=\"https:\/\/agora.xtec.cat\/ceipelfarell\/general\/nova-mobilitat-amb-el-projecte-erasmus-a-zilina\/\" target=\"_blank\" rel=\"noreferrer noopener\">(en aquest enlla\u00e7 podeu recordar la seva experi\u00e8ncia). <\/a><\/p>\n\n\n\n<p>Ha estat una setmana intensa, plena d&#8217;emocions i d&#8217;experi\u00e8ncies que, sens dubte, els nostres alumnes recordaran sempre. Durant aquests dies, els visitants han compartit aula i activitats amb els seus <em>partners<\/em> i la resta d&#8217;alumnes dels grups de 6\u00e8.<\/p>\n<\/div><\/div>\n\n\n\n<p><\/p>\n\n\n\n<h3 class=\"wp-block-heading\">Una setmana plena d&#8217;activitats<\/h3>\n\n\n\n<p>El programa ha estat molt complet i divers:<\/p>\n\n\n\n<ul class=\"wp-block-list\">\n<li><strong>Coneixent el nostre poble:<\/strong> Vam organitzar una gimcana cultural on els nostres convidats van descobrir els racons m\u00e9s emblem\u00e0tics de la localitat, com la Font del Lle\u00f3, les Termes Romanes, el Safareig i les hortes.<\/li>\n\n\n\n<li><strong>Explorant Barcelona:<\/strong> Un dia de sortida a la capital per visitar la Pedrera, con\u00e8ixer Gaud\u00ed d&#8217;una manera l\u00fadica amb un joc de proves en el Park G\u00fcell i admirar l&#8217;espectacular exterior de la Sagrada Fam\u00edlia i l&#8217;Arc de Triomf.<\/li>\n\n\n\n<li><strong>Creativitat i tradici\u00f3:<\/strong> Els alumnes van participar en tallers de rob\u00f2tica i es van submergir de ple en la festivitat de Sant Jordi, incloent l&#8217;emotiu espectacle de la llegenda representat per les mestres d&#8217;educaci\u00f3 infantil.<\/li>\n<\/ul>\n\n\n\n<figure class=\"wp-block-gallery has-nested-images columns-default is-cropped wp-block-gallery-1 is-layout-flex wp-block-gallery-is-layout-flex\">\n<figure class=\"wp-block-image size-large\"><a href=\"https:\/\/agora.xtec.cat\/ceipelfarell\/wp-content\/uploads\/usu1549\/2026\/04\/20260422_100054.jpg\"><img loading=\"lazy\" decoding=\"async\" width=\"405\" height=\"268\" data-id=\"18400\" src=\"https:\/\/agora.xtec.cat\/ceipelfarell\/wp-content\/uploads\/usu1549\/2026\/04\/20260422_100054.jpg\" alt=\"\" class=\"wp-image-18400\" srcset=\"https:\/\/agora.xtec.cat\/ceipelfarell\/wp-content\/uploads\/usu1549\/2026\/04\/20260422_100054.jpg 405w, https:\/\/agora.xtec.cat\/ceipelfarell\/wp-content\/uploads\/usu1549\/2026\/04\/20260422_100054-300x199.jpg 300w\" sizes=\"auto, (max-width: 405px) 100vw, 405px\" \/><\/a><\/figure>\n\n\n\n<figure class=\"wp-block-image size-large\"><a href=\"https:\/\/agora.xtec.cat\/ceipelfarell\/wp-content\/uploads\/usu1549\/2026\/04\/20260422_102438.jpg\"><img loading=\"lazy\" decoding=\"async\" width=\"431\" height=\"270\" data-id=\"18401\" src=\"https:\/\/agora.xtec.cat\/ceipelfarell\/wp-content\/uploads\/usu1549\/2026\/04\/20260422_102438.jpg\" alt=\"\" class=\"wp-image-18401\" srcset=\"https:\/\/agora.xtec.cat\/ceipelfarell\/wp-content\/uploads\/usu1549\/2026\/04\/20260422_102438.jpg 431w, https:\/\/agora.xtec.cat\/ceipelfarell\/wp-content\/uploads\/usu1549\/2026\/04\/20260422_102438-300x188.jpg 300w\" sizes=\"auto, (max-width: 431px) 100vw, 431px\" \/><\/a><\/figure>\n\n\n\n<figure class=\"wp-block-image size-large\"><a href=\"https:\/\/agora.xtec.cat\/ceipelfarell\/wp-content\/uploads\/usu1549\/2026\/04\/IMG_20260422_100631.jpg\"><img loading=\"lazy\" decoding=\"async\" width=\"500\" height=\"375\" data-id=\"18402\" src=\"https:\/\/agora.xtec.cat\/ceipelfarell\/wp-content\/uploads\/usu1549\/2026\/04\/IMG_20260422_100631.jpg\" alt=\"\" class=\"wp-image-18402\" srcset=\"https:\/\/agora.xtec.cat\/ceipelfarell\/wp-content\/uploads\/usu1549\/2026\/04\/IMG_20260422_100631.jpg 500w, https:\/\/agora.xtec.cat\/ceipelfarell\/wp-content\/uploads\/usu1549\/2026\/04\/IMG_20260422_100631-300x225.jpg 300w\" sizes=\"auto, (max-width: 500px) 100vw, 500px\" \/><\/a><\/figure>\n<\/figure>\n\n\n\n<div class=\"wp-block-getwid-images-slider has-arrows-inside has-dots-inside has-images-center has-fitted-images\"><div class=\"wp-block-getwid-images-slider__wrapper\" data-effect=\"slide\" data-slides-show=\"1\" data-slides-show-laptop=\"1\" data-slides-show-tablet=\"1\" data-slides-show-mobile=\"1\" data-slides-scroll=\"1\" data-autoplay=\"false\" data-pause-hover=\"false\" data-autoplay-speed=\"6000\" data-infinite=\"true\" data-animation-speed=\"800\" data-center-mode=\"false\" data-variable-width=\"false\" data-arrows=\"inside\" data-dots=\"inside\" data-spacing=\"none\"><div class=\"wp-block-getwid-images-slider__item\"><figure><img loading=\"lazy\" decoding=\"async\" width=\"300\" height=\"400\" src=\"https:\/\/agora.xtec.cat\/ceipelfarell\/wp-content\/uploads\/usu1549\/2026\/04\/WhatsApp-Image-2026-04-22-at-16.05.17-copia.jpeg\" data-id=\"18406\" data-link=\"https:\/\/agora.xtec.cat\/ceipelfarell\/?attachment_id=18406\" data-original-link=\"https:\/\/agora.xtec.cat\/ceipelfarell\/wp-content\/uploads\/usu1549\/2026\/04\/WhatsApp-Image-2026-04-22-at-16.05.17-copia.jpeg\" class=\"wp-block-getwid-images-slider__image wp-image-18406\" srcset=\"https:\/\/agora.xtec.cat\/ceipelfarell\/wp-content\/uploads\/usu1549\/2026\/04\/WhatsApp-Image-2026-04-22-at-16.05.17-copia.jpeg 300w, https:\/\/agora.xtec.cat\/ceipelfarell\/wp-content\/uploads\/usu1549\/2026\/04\/WhatsApp-Image-2026-04-22-at-16.05.17-copia-225x300.jpeg 225w\" sizes=\"auto, (max-width: 300px) 100vw, 300px\" \/><\/figure><\/div><div class=\"wp-block-getwid-images-slider__item\"><figure><img loading=\"lazy\" decoding=\"async\" width=\"300\" height=\"400\" src=\"https:\/\/agora.xtec.cat\/ceipelfarell\/wp-content\/uploads\/usu1549\/2026\/04\/WhatsApp-Image-2026-04-22-at-16.05.14-copia.jpeg\" data-id=\"18404\" data-link=\"https:\/\/agora.xtec.cat\/ceipelfarell\/?attachment_id=18404\" data-original-link=\"https:\/\/agora.xtec.cat\/ceipelfarell\/wp-content\/uploads\/usu1549\/2026\/04\/WhatsApp-Image-2026-04-22-at-16.05.14-copia.jpeg\" class=\"wp-block-getwid-images-slider__image wp-image-18404\" srcset=\"https:\/\/agora.xtec.cat\/ceipelfarell\/wp-content\/uploads\/usu1549\/2026\/04\/WhatsApp-Image-2026-04-22-at-16.05.14-copia.jpeg 300w, https:\/\/agora.xtec.cat\/ceipelfarell\/wp-content\/uploads\/usu1549\/2026\/04\/WhatsApp-Image-2026-04-22-at-16.05.14-copia-225x300.jpeg 225w\" sizes=\"auto, (max-width: 300px) 100vw, 300px\" \/><\/figure><\/div><div class=\"wp-block-getwid-images-slider__item\"><figure><img loading=\"lazy\" decoding=\"async\" width=\"300\" height=\"400\" src=\"https:\/\/agora.xtec.cat\/ceipelfarell\/wp-content\/uploads\/usu1549\/2026\/04\/WhatsApp-Image-2026-04-22-at-16.05.54-2.jpeg\" data-id=\"18405\" data-link=\"https:\/\/agora.xtec.cat\/ceipelfarell\/?attachment_id=18405\" data-original-link=\"https:\/\/agora.xtec.cat\/ceipelfarell\/wp-content\/uploads\/usu1549\/2026\/04\/WhatsApp-Image-2026-04-22-at-16.05.54-2.jpeg\" class=\"wp-block-getwid-images-slider__image wp-image-18405\" srcset=\"https:\/\/agora.xtec.cat\/ceipelfarell\/wp-content\/uploads\/usu1549\/2026\/04\/WhatsApp-Image-2026-04-22-at-16.05.54-2.jpeg 300w, https:\/\/agora.xtec.cat\/ceipelfarell\/wp-content\/uploads\/usu1549\/2026\/04\/WhatsApp-Image-2026-04-22-at-16.05.54-2-225x300.jpeg 225w\" sizes=\"auto, (max-width: 300px) 100vw, 300px\" \/><\/figure><\/div><\/div><\/div>\n\n\n\n<p><\/p>\n\n\n\n<h3 class=\"wp-block-heading\">Un agra\u00efment especial a les fam\u00edlies<\/h3>\n\n\n\n<p>M\u00e9s enll\u00e0 de l&#8217;escola, les tardes han estat el moment clau per a la conviv\u00e8ncia. Els nens i nenes eslovacs han estat acollits a les cases dels nostres alumnes, on les fam\u00edlies no nom\u00e9s els han fet sentir com a casa, sin\u00f3 que han organitzat nombroses activitats addicionals que han enriquit encara m\u00e9s l&#8217;experi\u00e8ncia.<\/p>\n\n\n\n<div class=\"wp-block-media-text has-media-on-the-right is-stacked-on-mobile\"><div class=\"wp-block-media-text__content\">\n<p>El dia de Sant Jordi vam celebrar un <strong>sopar de germanor<\/strong> per acomiadar-nos, on totes les fam\u00edlies, l&#8217;alumnat catal\u00e0 i eslovac i les mestres vam compartir taula i viv\u00e8ncies.<\/p>\n\n\n\n<p>Volem expressar el nostre <strong>m\u00e9s sincer agra\u00efment a totes les fam\u00edlies acollidores<\/strong>. Gr\u00e0cies per la vostra implicaci\u00f3 i generositat; sense vosaltres, aquest intercanvi no hauria estat possible. Estem conven\u00e7uts que aquesta experi\u00e8ncia ha estat un aprenentatge vital i enriquidor per a tots els nois i noies, tot refor\u00e7ant uns vincles que, de ben segur, perduraran en el temps.<\/p>\n<\/div><figure class=\"wp-block-media-text__media\"><img loading=\"lazy\" decoding=\"async\" width=\"489\" height=\"317\" src=\"https:\/\/agora.xtec.cat\/ceipelfarell\/wp-content\/uploads\/usu1549\/2026\/04\/IMG-20260424-WA0001.jpg\" alt=\"\" class=\"wp-image-18408 size-full\" srcset=\"https:\/\/agora.xtec.cat\/ceipelfarell\/wp-content\/uploads\/usu1549\/2026\/04\/IMG-20260424-WA0001.jpg 489w, https:\/\/agora.xtec.cat\/ceipelfarell\/wp-content\/uploads\/usu1549\/2026\/04\/IMG-20260424-WA0001-300x194.jpg 300w\" sizes=\"auto, (max-width: 489px) 100vw, 489px\" \/><\/figure><\/div>\n\n\n\n<hr class=\"wp-block-separator has-alpha-channel-opacity\"\/>\n\n\n\n<div class=\"wp-block-buttons is-content-justification-center is-layout-flex wp-container-core-buttons-is-layout-1 wp-block-buttons-is-layout-flex\">\n<div class=\"wp-block-button\"><a class=\"wp-block-button__link wp-element-button\" href=\"https:\/\/drive.google.com\/drive\/folders\/1KFwpcAV5te5JSq7nvGwrEexR7KYloNQT?usp=drive_link\" target=\"_blank\" rel=\"noreferrer noopener\">Veure totes les fotografies<\/a><\/div>\n<\/div>\n\n\n\n<div class=\"wp-block-media-text is-stacked-on-mobile\"><figure class=\"wp-block-media-text__media\"><a href=\"https:\/\/www.youtube.com\/watch?v=dcO2GpfOepk\" target=\"_blank\" rel=\" noreferrer noopener\"><img loading=\"lazy\" decoding=\"async\" width=\"946\" height=\"468\" src=\"https:\/\/agora.xtec.cat\/ceipelfarell\/wp-content\/uploads\/usu1549\/2026\/04\/Captura-2.png\" alt=\"\" class=\"wp-image-18412 size-full\" srcset=\"https:\/\/agora.xtec.cat\/ceipelfarell\/wp-content\/uploads\/usu1549\/2026\/04\/Captura-2.png 946w, https:\/\/agora.xtec.cat\/ceipelfarell\/wp-content\/uploads\/usu1549\/2026\/04\/Captura-2-300x148.png 300w, https:\/\/agora.xtec.cat\/ceipelfarell\/wp-content\/uploads\/usu1549\/2026\/04\/Captura-2-768x380.png 768w\" sizes=\"auto, (max-width: 946px) 100vw, 946px\" \/><\/a><\/figure><div class=\"wp-block-media-text__content\">\n<p><\/p>\n\n\n\n<p>Som not\u00edcia al VOTV!! <a href=\"https:\/\/www.youtube.com\/watch?v=dcO2GpfOepk\" target=\"_blank\" rel=\"noreferrer noopener\">Cliqueu aqu\u00ed per veure la not\u00edcia. Sortim a partir del minut 11:11<\/a><\/p>\n<\/div><\/div>\n\n\n\n<p><\/p>\n","protected":false},"excerpt":{"rendered":"<p>La setmana passada vam viure uns dies molt especials a la nostra escola. Despr\u00e9s que el passat 1 de mar\u00e7 els nostres vuit alumnes de 6\u00e8 gaudissin d\u2019una experi\u00e8ncia fant\u00e0stica a Eslov\u00e0quia, finalment va arribar el moment de rebre a casa nostra els nostres companys eslovacs i les seves mestres (en aquest enlla\u00e7 podeu recordar [&hellip;]<\/p>\n","protected":false},"author":3,"featured_media":18408,"comment_status":"closed","ping_status":"open","sticky":false,"template":"","format":"standard","meta":{"_bbp_topic_count":0,"_bbp_reply_count":0,"_bbp_total_topic_count":0,"_bbp_total_reply_count":0,"_bbp_voice_count":0,"_bbp_anonymous_reply_count":0,"_bbp_topic_count_hidden":0,"_bbp_reply_count_hidden":0,"_bbp_forum_subforum_count":0,"site-sidebar-layout":"default","site-content-layout":"","ast-site-content-layout":"default","site-content-style":"default","site-sidebar-style":"default","ast-global-header-display":"","ast-banner-title-visibility":"","ast-main-header-display":"","ast-hfb-above-header-display":"","ast-hfb-below-header-display":"","ast-hfb-mobile-header-display":"","site-post-title":"","ast-breadcrumbs-content":"","ast-featured-img":"","footer-sml-layout":"","theme-transparent-header-meta":"","adv-header-id-meta":"","stick-header-meta":"","header-above-stick-meta":"","header-main-stick-meta":"","header-below-stick-meta":"","astra-migrate-meta-layouts":"set","ast-page-background-enabled":"default","ast-page-background-meta":{"desktop":{"background-color":"var(--ast-global-color-4)","background-image":"","background-repeat":"repeat","background-position":"center center","background-size":"auto","background-attachment":"scroll","background-type":"","background-media":"","overlay-type":"","overlay-color":"","overlay-opacity":"","overlay-gradient":""},"tablet":{"background-color":"","background-image":"","background-repeat":"repeat","background-position":"center center","background-size":"auto","background-attachment":"scroll","background-type":"","background-media":"","overlay-type":"","overlay-color":"","overlay-opacity":"","overlay-gradient":""},"mobile":{"background-color":"","background-image":"","background-repeat":"repeat","background-position":"center center","background-size":"auto","background-attachment":"scroll","background-type":"","background-media":"","overlay-type":"","overlay-color":"","overlay-opacity":"","overlay-gradient":""}},"ast-content-background-meta":{"desktop":{"background-color":"var(--ast-global-color-5)","background-image":"","background-repeat":"repeat","background-position":"center center","background-size":"auto","background-attachment":"scroll","background-type":"","background-media":"","overlay-type":"","overlay-color":"","overlay-opacity":"","overlay-gradient":""},"tablet":{"background-color":"var(--ast-global-color-5)","background-image":"","background-repeat":"repeat","background-position":"center center","background-size":"auto","background-attachment":"scroll","background-type":"","background-media":"","overlay-type":"","overlay-color":"","overlay-opacity":"","overlay-gradient":""},"mobile":{"background-color":"var(--ast-global-color-5)","background-image":"","background-repeat":"repeat","background-position":"center center","background-size":"auto","background-attachment":"scroll","background-type":"","background-media":"","overlay-type":"","overlay-color":"","overlay-opacity":"","overlay-gradient":""}},"footnotes":""},"categories":[15,1,4],"tags":[290],"class_list":["post-18398","post","type-post","status-publish","format-standard","has-post-thumbnail","hentry","category-6e","category-general","category-portada","tag-erasmus"],"post_mailing_queue_ids":[],"_links":{"self":[{"href":"https:\/\/agora.xtec.cat\/ceipelfarell\/wp-json\/wp\/v2\/posts\/18398","targetHints":{"allow":["GET"]}}],"collection":[{"href":"https:\/\/agora.xtec.cat\/ceipelfarell\/wp-json\/wp\/v2\/posts"}],"about":[{"href":"https:\/\/agora.xtec.cat\/ceipelfarell\/wp-json\/wp\/v2\/types\/post"}],"author":[{"embeddable":true,"href":"https:\/\/agora.xtec.cat\/ceipelfarell\/wp-json\/wp\/v2\/users\/3"}],"replies":[{"embeddable":true,"href":"https:\/\/agora.xtec.cat\/ceipelfarell\/wp-json\/wp\/v2\/comments?post=18398"}],"version-history":[{"count":5,"href":"https:\/\/agora.xtec.cat\/ceipelfarell\/wp-json\/wp\/v2\/posts\/18398\/revisions"}],"predecessor-version":[{"id":18433,"href":"https:\/\/agora.xtec.cat\/ceipelfarell\/wp-json\/wp\/v2\/posts\/18398\/revisions\/18433"}],"wp:featuredmedia":[{"embeddable":true,"href":"https:\/\/agora.xtec.cat\/ceipelfarell\/wp-json\/wp\/v2\/media\/18408"}],"wp:attachment":[{"href":"https:\/\/agora.xtec.cat\/ceipelfarell\/wp-json\/wp\/v2\/media?parent=18398"}],"wp:term":[{"taxonomy":"category","embeddable":true,"href":"https:\/\/agora.xtec.cat\/ceipelfarell\/wp-json\/wp\/v2\/categories?post=18398"},{"taxonomy":"post_tag","embeddable":true,"href":"https:\/\/agora.xtec.cat\/ceipelfarell\/wp-json\/wp\/v2\/tags?post=18398"}],"curies":[{"name":"wp","href":"https:\/\/api.w.org\/{rel}","templated":true}]}}