{"id":17520,"date":"2025-11-26T10:42:00","date_gmt":"2025-11-26T09:42:00","guid":{"rendered":"https:\/\/agora.xtec.cat\/ceipelfarell\/?p=17520"},"modified":"2025-11-26T10:42:01","modified_gmt":"2025-11-26T09:42:01","slug":"comencem-el-curs-amb-forca-primera-reunio-dels-delegats-i-delegades-verds","status":"publish","type":"post","link":"https:\/\/agora.xtec.cat\/ceipelfarell\/general\/comencem-el-curs-amb-forca-primera-reunio-dels-delegats-i-delegades-verds\/","title":{"rendered":"Comencem el curs amb for\u00e7a: Primera reuni\u00f3 dels delegats i delegades verds."},"content":{"rendered":"\n<div class=\"wp-block-media-text is-stacked-on-mobile\"><figure class=\"wp-block-media-text__media\"><img loading=\"lazy\" decoding=\"async\" width=\"604\" height=\"653\" src=\"https:\/\/agora.xtec.cat\/ceipelfarell\/wp-content\/uploads\/usu1549\/2025\/11\/WhatsApp-Image-2025-11-25-at-13.09.25-1.jpeg\" alt=\"\" class=\"wp-image-17523 size-full\" srcset=\"https:\/\/agora.xtec.cat\/ceipelfarell\/wp-content\/uploads\/usu1549\/2025\/11\/WhatsApp-Image-2025-11-25-at-13.09.25-1.jpeg 604w, https:\/\/agora.xtec.cat\/ceipelfarell\/wp-content\/uploads\/usu1549\/2025\/11\/WhatsApp-Image-2025-11-25-at-13.09.25-1-277x300.jpeg 277w\" sizes=\"auto, (max-width: 604px) 100vw, 604px\" \/><\/figure><div class=\"wp-block-media-text__content\">\n<p>El passat 10 de novembre vam celebrar la primera trobada oficial dels nostres delegats i delegades verdes d&#8217;aquest curs escolar. L&#8217;entusiasme i les ganes de treballar pel medi ambient a la nostra escola han estat els protagonistes de la jornada.<\/p>\n\n\n\n<p>La reuni\u00f3 ha servit, principalment, perqu\u00e8 els infants entenguessin les seves noves funcions i responsabilitats. Ser delegat\/da verd\/a \u00e9s un paper important que implica promoure pr\u00e0ctiques sostenibles a les aules, participar en la gesti\u00f3 de residus i ser la veu dels seus companys i companyes en temes ecol\u00f2gics.<\/p>\n\n\n\n<p>Per a aquesta sessi\u00f3 inaugural, hem tingut el plaer de comptar amb la pres\u00e8ncia del Carlos, un pare de l&#8217;escola que col\u00b7labora de manera desinteressada en la cura del nostre hort escolar.<\/p>\n\n\n\n<p>La seva experi\u00e8ncia ha estat molt valuosa per als nostres joves delegats\/des. El Carlos els ha explicat la import\u00e0ncia de les abelles a l&#8217;ecosistema en general i a al nostre hort escolar en concret i amb ell ens hem posat mans a la feina renovant l&#8217;hotel d&#8217;insectes de l&#8217;escola.<\/p>\n<\/div><\/div>\n\n\n\n<p><\/p>\n\n\n\n<p>Aquest hotel \u00e9s fonamental per a la biodiversitat del nostre espai verd, ja que ofereix refugi a insectes beneficiosos que ajuden a controlar plagues i a pol\u00b7linitzar les plantes. La feina en equip va ser fant\u00e0stica i l&#8217;hotel ha quedat preparat per acollir nous habitants aquesta temporada.<\/p>\n\n\n\n<p>Agra\u00efm profundament la col\u00b7laboraci\u00f3 del Carlos i felicitem els nostres delegats i delegades verds per la seva implicaci\u00f3. Estem segurs que, amb aquest equip, l&#8217;escola far\u00e0 un pas endavant molt important en la cura del nostre entorn.<\/p>\n\n\n\n<p>Seguiu atents a les pr\u00f2ximes not\u00edcies del projecte verd de l&#8217;escola!<\/p>\n\n\n\n<div class=\"wp-block-buttons is-layout-flex wp-block-buttons-is-layout-flex\">\n<div class=\"wp-block-button\"><a class=\"wp-block-button__link wp-element-button\" href=\"https:\/\/drive.google.com\/drive\/folders\/1FKZOOpyMLvTR1fr9XmA2z8CPAkl0iP-C?usp=drive_link\" target=\"_blank\" rel=\"noreferrer noopener\">Aqu\u00ed podeu veure les fotografies de la trobada.<\/a><\/div>\n<\/div>\n\n\n\n<div class=\"wp-block-getwid-images-slider has-arrows-inside has-dots-inside has-images-center has-fitted-images\"><div class=\"wp-block-getwid-images-slider__wrapper\" data-effect=\"slide\" data-slides-show=\"1\" data-slides-show-laptop=\"1\" data-slides-show-tablet=\"1\" data-slides-show-mobile=\"1\" data-slides-scroll=\"1\" data-autoplay=\"false\" data-pause-hover=\"false\" data-autoplay-speed=\"6000\" data-infinite=\"true\" data-animation-speed=\"800\" data-center-mode=\"false\" data-variable-width=\"false\" data-arrows=\"inside\" data-dots=\"inside\" data-spacing=\"none\"><div class=\"wp-block-getwid-images-slider__item\"><figure><img loading=\"lazy\" decoding=\"async\" width=\"736\" height=\"604\" src=\"https:\/\/agora.xtec.cat\/ceipelfarell\/wp-content\/uploads\/usu1549\/2025\/11\/WhatsApp-Image-2025-11-25-at-13.09.30.jpeg\" data-id=\"17525\" data-link=\"https:\/\/agora.xtec.cat\/ceipelfarell\/?attachment_id=17525\" data-original-link=\"https:\/\/agora.xtec.cat\/ceipelfarell\/wp-content\/uploads\/usu1549\/2025\/11\/WhatsApp-Image-2025-11-25-at-13.09.30.jpeg\" class=\"wp-block-getwid-images-slider__image wp-image-17525\" srcset=\"https:\/\/agora.xtec.cat\/ceipelfarell\/wp-content\/uploads\/usu1549\/2025\/11\/WhatsApp-Image-2025-11-25-at-13.09.30.jpeg 736w, https:\/\/agora.xtec.cat\/ceipelfarell\/wp-content\/uploads\/usu1549\/2025\/11\/WhatsApp-Image-2025-11-25-at-13.09.30-300x246.jpeg 300w\" sizes=\"auto, (max-width: 736px) 100vw, 736px\" \/><\/figure><\/div><div class=\"wp-block-getwid-images-slider__item\"><figure><img loading=\"lazy\" decoding=\"async\" width=\"639\" height=\"604\" src=\"https:\/\/agora.xtec.cat\/ceipelfarell\/wp-content\/uploads\/usu1549\/2025\/11\/WhatsApp-Image-2025-11-25-at-13.09.28-1.jpeg\" data-id=\"17524\" data-link=\"https:\/\/agora.xtec.cat\/ceipelfarell\/?attachment_id=17524\" data-original-link=\"https:\/\/agora.xtec.cat\/ceipelfarell\/wp-content\/uploads\/usu1549\/2025\/11\/WhatsApp-Image-2025-11-25-at-13.09.28-1.jpeg\" class=\"wp-block-getwid-images-slider__image wp-image-17524\" srcset=\"https:\/\/agora.xtec.cat\/ceipelfarell\/wp-content\/uploads\/usu1549\/2025\/11\/WhatsApp-Image-2025-11-25-at-13.09.28-1.jpeg 639w, https:\/\/agora.xtec.cat\/ceipelfarell\/wp-content\/uploads\/usu1549\/2025\/11\/WhatsApp-Image-2025-11-25-at-13.09.28-1-300x284.jpeg 300w\" sizes=\"auto, (max-width: 639px) 100vw, 639px\" \/><\/figure><\/div><\/div><\/div>\n","protected":false},"excerpt":{"rendered":"<p>El passat 10 de novembre vam celebrar la primera trobada oficial dels nostres delegats i delegades verdes d&#8217;aquest curs escolar. L&#8217;entusiasme i les ganes de treballar pel medi ambient a la nostra escola han estat els protagonistes de la jornada. La reuni\u00f3 ha servit, principalment, perqu\u00e8 els infants entenguessin les seves noves funcions i responsabilitats. [&hellip;]<\/p>\n","protected":false},"author":27,"featured_media":17523,"comment_status":"closed","ping_status":"open","sticky":false,"template":"","format":"standard","meta":{"_bbp_topic_count":0,"_bbp_reply_count":0,"_bbp_total_topic_count":0,"_bbp_total_reply_count":0,"_bbp_voice_count":0,"_bbp_anonymous_reply_count":0,"_bbp_topic_count_hidden":0,"_bbp_reply_count_hidden":0,"_bbp_forum_subforum_count":0,"site-sidebar-layout":"default","site-content-layout":"","ast-site-content-layout":"default","site-content-style":"default","site-sidebar-style":"default","ast-global-header-display":"","ast-banner-title-visibility":"","ast-main-header-display":"","ast-hfb-above-header-display":"","ast-hfb-below-header-display":"","ast-hfb-mobile-header-display":"","site-post-title":"","ast-breadcrumbs-content":"","ast-featured-img":"","footer-sml-layout":"","theme-transparent-header-meta":"","adv-header-id-meta":"","stick-header-meta":"","header-above-stick-meta":"","header-main-stick-meta":"","header-below-stick-meta":"","astra-migrate-meta-layouts":"set","ast-page-background-enabled":"default","ast-page-background-meta":{"desktop":{"background-color":"var(--ast-global-color-4)","background-image":"","background-repeat":"repeat","background-position":"center center","background-size":"auto","background-attachment":"scroll","background-type":"","background-media":"","overlay-type":"","overlay-color":"","overlay-opacity":"","overlay-gradient":""},"tablet":{"background-color":"","background-image":"","background-repeat":"repeat","background-position":"center center","background-size":"auto","background-attachment":"scroll","background-type":"","background-media":"","overlay-type":"","overlay-color":"","overlay-opacity":"","overlay-gradient":""},"mobile":{"background-color":"","background-image":"","background-repeat":"repeat","background-position":"center center","background-size":"auto","background-attachment":"scroll","background-type":"","background-media":"","overlay-type":"","overlay-color":"","overlay-opacity":"","overlay-gradient":""}},"ast-content-background-meta":{"desktop":{"background-color":"var(--ast-global-color-5)","background-image":"","background-repeat":"repeat","background-position":"center center","background-size":"auto","background-attachment":"scroll","background-type":"","background-media":"","overlay-type":"","overlay-color":"","overlay-opacity":"","overlay-gradient":""},"tablet":{"background-color":"var(--ast-global-color-5)","background-image":"","background-repeat":"repeat","background-position":"center center","background-size":"auto","background-attachment":"scroll","background-type":"","background-media":"","overlay-type":"","overlay-color":"","overlay-opacity":"","overlay-gradient":""},"mobile":{"background-color":"var(--ast-global-color-5)","background-image":"","background-repeat":"repeat","background-position":"center center","background-size":"auto","background-attachment":"scroll","background-type":"","background-media":"","overlay-type":"","overlay-color":"","overlay-opacity":"","overlay-gradient":""}},"footnotes":""},"categories":[1,4],"tags":[225],"class_list":["post-17520","post","type-post","status-publish","format-standard","has-post-thumbnail","hentry","category-general","category-portada","tag-escola-verda"],"post_mailing_queue_ids":[],"_links":{"self":[{"href":"https:\/\/agora.xtec.cat\/ceipelfarell\/wp-json\/wp\/v2\/posts\/17520","targetHints":{"allow":["GET"]}}],"collection":[{"href":"https:\/\/agora.xtec.cat\/ceipelfarell\/wp-json\/wp\/v2\/posts"}],"about":[{"href":"https:\/\/agora.xtec.cat\/ceipelfarell\/wp-json\/wp\/v2\/types\/post"}],"author":[{"embeddable":true,"href":"https:\/\/agora.xtec.cat\/ceipelfarell\/wp-json\/wp\/v2\/users\/27"}],"replies":[{"embeddable":true,"href":"https:\/\/agora.xtec.cat\/ceipelfarell\/wp-json\/wp\/v2\/comments?post=17520"}],"version-history":[{"count":2,"href":"https:\/\/agora.xtec.cat\/ceipelfarell\/wp-json\/wp\/v2\/posts\/17520\/revisions"}],"predecessor-version":[{"id":17526,"href":"https:\/\/agora.xtec.cat\/ceipelfarell\/wp-json\/wp\/v2\/posts\/17520\/revisions\/17526"}],"wp:featuredmedia":[{"embeddable":true,"href":"https:\/\/agora.xtec.cat\/ceipelfarell\/wp-json\/wp\/v2\/media\/17523"}],"wp:attachment":[{"href":"https:\/\/agora.xtec.cat\/ceipelfarell\/wp-json\/wp\/v2\/media?parent=17520"}],"wp:term":[{"taxonomy":"category","embeddable":true,"href":"https:\/\/agora.xtec.cat\/ceipelfarell\/wp-json\/wp\/v2\/categories?post=17520"},{"taxonomy":"post_tag","embeddable":true,"href":"https:\/\/agora.xtec.cat\/ceipelfarell\/wp-json\/wp\/v2\/tags?post=17520"}],"curies":[{"name":"wp","href":"https:\/\/api.w.org\/{rel}","templated":true}]}}