{"id":16970,"date":"2025-06-05T12:21:17","date_gmt":"2025-06-05T10:21:17","guid":{"rendered":"https:\/\/agora.xtec.cat\/ceipelfarell\/?p=16970"},"modified":"2025-06-05T12:21:17","modified_gmt":"2025-06-05T10:21:17","slug":"els-i-les-alumnes-de-1r-descobreixen-el-bosc-de-can-deu","status":"publish","type":"post","link":"https:\/\/agora.xtec.cat\/ceipelfarell\/general\/els-i-les-alumnes-de-1r-descobreixen-el-bosc-de-can-deu\/","title":{"rendered":"Els i les alumnes de 1r descobreixen el bosc de Can Deu"},"content":{"rendered":"<p><span style=\"font-weight: 400;\">El passat divendres, 30 de maig, els nens i les nenes de 1r vam visitar el Bosc de Can Deu, a Sabadell, per dur a terme diferents activitats pensades per descobrir i experimentar els cinc sentits a trav\u00e9s de la natura.<\/span><\/p>\n<p><span style=\"font-weight: 400;\">Durant tot el mat\u00ed, els i les alumnes van participar en diverses activitats sensorials, guiades pels monitors de la masia, que els van ajudar a posar en pr\u00e0ctica cadascun dels cinc sentits. <\/span><\/p>\n<p><span style=\"font-weight: 400;\">El sentit de l\u2019olfacte es va explorar tot olorant diferents plantes arom\u00e0tiques, com la farigola i el roman\u00ed. Fins i tot van poder esmicolar la planta amb el morter per tal d\u2019emportar-se una frag\u00e0ncia natural per a la classe.<\/span><\/p>\n<table style=\"border-collapse: collapse; width: 95.2786%;\">\n<tbody>\n<tr>\n<td style=\"width: 33.3333%;\"><a href=\"https:\/\/agora.xtec.cat\/ceipelfarell\/wp-content\/uploads\/usu1549\/2025\/06\/DSC_5252.jpg\"><img loading=\"lazy\" decoding=\"async\" class=\"alignnone size-large wp-image-16997\" src=\"https:\/\/agora.xtec.cat\/ceipelfarell\/wp-content\/uploads\/usu1549\/2025\/06\/DSC_5252.jpg\" alt=\"\" width=\"557\" height=\"372\" srcset=\"https:\/\/agora.xtec.cat\/ceipelfarell\/wp-content\/uploads\/usu1549\/2025\/06\/DSC_5252.jpg 557w, https:\/\/agora.xtec.cat\/ceipelfarell\/wp-content\/uploads\/usu1549\/2025\/06\/DSC_5252-300x200.jpg 300w\" sizes=\"auto, (max-width: 557px) 100vw, 557px\" \/><\/a><\/td>\n<td style=\"width: 33.3333%;\"><a href=\"https:\/\/agora.xtec.cat\/ceipelfarell\/wp-content\/uploads\/usu1549\/2025\/06\/DSC_5063.jpg\"><img loading=\"lazy\" decoding=\"async\" class=\"alignnone size-full wp-image-16992\" src=\"https:\/\/agora.xtec.cat\/ceipelfarell\/wp-content\/uploads\/usu1549\/2025\/06\/DSC_5063.jpg\" alt=\"\" width=\"557\" height=\"372\" srcset=\"https:\/\/agora.xtec.cat\/ceipelfarell\/wp-content\/uploads\/usu1549\/2025\/06\/DSC_5063.jpg 557w, https:\/\/agora.xtec.cat\/ceipelfarell\/wp-content\/uploads\/usu1549\/2025\/06\/DSC_5063-300x200.jpg 300w\" sizes=\"auto, (max-width: 557px) 100vw, 557px\" \/><\/a><\/td>\n<td style=\"width: 28.6119%;\"><a href=\"https:\/\/agora.xtec.cat\/ceipelfarell\/wp-content\/uploads\/usu1549\/2025\/06\/WhatsApp-Image-2025-06-02-at-11.35.31.jpeg\"><img loading=\"lazy\" decoding=\"async\" class=\"alignnone  wp-image-16998\" src=\"https:\/\/agora.xtec.cat\/ceipelfarell\/wp-content\/uploads\/usu1549\/2025\/06\/WhatsApp-Image-2025-06-02-at-11.35.31.jpeg\" alt=\"\" width=\"288\" height=\"216\" srcset=\"https:\/\/agora.xtec.cat\/ceipelfarell\/wp-content\/uploads\/usu1549\/2025\/06\/WhatsApp-Image-2025-06-02-at-11.35.31.jpeg 410w, https:\/\/agora.xtec.cat\/ceipelfarell\/wp-content\/uploads\/usu1549\/2025\/06\/WhatsApp-Image-2025-06-02-at-11.35.31-300x225.jpeg 300w, https:\/\/agora.xtec.cat\/ceipelfarell\/wp-content\/uploads\/usu1549\/2025\/06\/WhatsApp-Image-2025-06-02-at-11.35.31-200x150.jpeg 200w\" sizes=\"auto, (max-width: 288px) 100vw, 288px\" \/><\/a><\/td>\n<\/tr>\n<\/tbody>\n<\/table>\n<p><span style=\"font-family: inherit; font-size: 1em;\">El sentit de l\u2019o\u00efda va ser protagonista quan, en silenci i al mig del bosc, els infants van escoltar amb atenci\u00f3 els sons que els envoltaven, especialment el cant dels ocells, tot aprenent a identificar sons de la natura que sovint passen desapercebuts.<\/span><\/p>\n<p><span style=\"font-weight: 400;\">Per treballar el gust, els nens i les nenes van tastar alguns elements que es poden trobar al bosc, com pinyons i fulles de menta, descobrint nous sabors i relacionant-los amb el seu origen natural.<\/span><\/p>\n<p><span style=\"font-weight: 400;\">El tacte va prendre forma amb el descobriment de diferents plantes i textures, com va ser l\u2019heura, de la qual van observar i tocar les fulles, aprenent a recon\u00e8ixer-ne les caracter\u00edstiques amb les mans.<\/span><\/p>\n<p><span style=\"font-weight: 400;\">Finalment, el sentit de la vista es va posar a prova amb un joc molt divertit: el joc del conill, el pa\u00f3 i el porc senglar, on cada infant tenia un rol diferent i havien de posar atenci\u00f3 als detalls visuals i reaccionar r\u00e0pidament per recon\u00e8ixer la seva pressa.<\/span><\/p>\n<p><span style=\"font-weight: 400;\">Va ser una sortida plena de descobriments, aprenentatges i moments compartits, que no nom\u00e9s va refor\u00e7ar el treball dels sentits fet a l\u2019aula, sin\u00f3 que tamb\u00e9 va connectar els infants amb l\u2019entorn natural d\u2019una manera viva, divertida i significativa.<\/span><\/p>\n<table style=\"border-collapse: collapse; width: 100%;\">\n<tbody>\n<tr>\n<td style=\"width: 25%;\"><a href=\"https:\/\/agora.xtec.cat\/ceipelfarell\/wp-content\/uploads\/usu1549\/2025\/06\/DSC_5170.jpg\"><img loading=\"lazy\" decoding=\"async\" class=\"alignnone size-large wp-image-16995\" src=\"https:\/\/agora.xtec.cat\/ceipelfarell\/wp-content\/uploads\/usu1549\/2025\/06\/DSC_5170.jpg\" alt=\"\" width=\"557\" height=\"372\" srcset=\"https:\/\/agora.xtec.cat\/ceipelfarell\/wp-content\/uploads\/usu1549\/2025\/06\/DSC_5170.jpg 557w, https:\/\/agora.xtec.cat\/ceipelfarell\/wp-content\/uploads\/usu1549\/2025\/06\/DSC_5170-300x200.jpg 300w\" sizes=\"auto, (max-width: 557px) 100vw, 557px\" \/><\/a><\/td>\n<td style=\"width: 25%;\"><a href=\"https:\/\/agora.xtec.cat\/ceipelfarell\/wp-content\/uploads\/usu1549\/2025\/06\/DSC_5107.jpg\"><img loading=\"lazy\" decoding=\"async\" class=\"alignnone size-large wp-image-16993\" src=\"https:\/\/agora.xtec.cat\/ceipelfarell\/wp-content\/uploads\/usu1549\/2025\/06\/DSC_5107.jpg\" alt=\"\" width=\"557\" height=\"372\" srcset=\"https:\/\/agora.xtec.cat\/ceipelfarell\/wp-content\/uploads\/usu1549\/2025\/06\/DSC_5107.jpg 557w, https:\/\/agora.xtec.cat\/ceipelfarell\/wp-content\/uploads\/usu1549\/2025\/06\/DSC_5107-300x200.jpg 300w\" sizes=\"auto, (max-width: 557px) 100vw, 557px\" \/><\/a><\/td>\n<td style=\"width: 25%;\"><a href=\"https:\/\/agora.xtec.cat\/ceipelfarell\/wp-content\/uploads\/usu1549\/2025\/06\/DSC_5179.jpg\"><img loading=\"lazy\" decoding=\"async\" class=\"alignnone size-large wp-image-16996\" src=\"https:\/\/agora.xtec.cat\/ceipelfarell\/wp-content\/uploads\/usu1549\/2025\/06\/DSC_5179.jpg\" alt=\"\" width=\"557\" height=\"372\" srcset=\"https:\/\/agora.xtec.cat\/ceipelfarell\/wp-content\/uploads\/usu1549\/2025\/06\/DSC_5179.jpg 557w, https:\/\/agora.xtec.cat\/ceipelfarell\/wp-content\/uploads\/usu1549\/2025\/06\/DSC_5179-300x200.jpg 300w\" sizes=\"auto, (max-width: 557px) 100vw, 557px\" \/><\/a><\/td>\n<td style=\"width: 25%;\"><a href=\"https:\/\/agora.xtec.cat\/ceipelfarell\/wp-content\/uploads\/usu1549\/2025\/06\/DSC_5119.jpg\"><img loading=\"lazy\" decoding=\"async\" class=\"alignnone size-large wp-image-16994\" src=\"https:\/\/agora.xtec.cat\/ceipelfarell\/wp-content\/uploads\/usu1549\/2025\/06\/DSC_5119.jpg\" alt=\"\" width=\"557\" height=\"372\" srcset=\"https:\/\/agora.xtec.cat\/ceipelfarell\/wp-content\/uploads\/usu1549\/2025\/06\/DSC_5119.jpg 557w, https:\/\/agora.xtec.cat\/ceipelfarell\/wp-content\/uploads\/usu1549\/2025\/06\/DSC_5119-300x200.jpg 300w\" sizes=\"auto, (max-width: 557px) 100vw, 557px\" \/><\/a><\/td>\n<\/tr>\n<\/tbody>\n<\/table>\n<p style=\"text-align: center;\"><a href=\"https:\/\/drive.google.com\/drive\/folders\/1lN55NuqkuW_MVW_YYbGk6690Fy251hXv?usp=drive_link\" target=\"_blank\" rel=\"noopener\">Veure totes les fotografies<\/a><\/p>\n","protected":false},"excerpt":{"rendered":"<p>El passat divendres, 30 de maig, els nens i les nenes de 1r vam visitar el Bosc de Can Deu, a Sabadell, per dur a terme diferents activitats pensades per descobrir i experimentar els cinc sentits a trav\u00e9s de la natura. Durant tot el mat\u00ed, els i les alumnes van participar en diverses activitats sensorials, [&hellip;]<\/p>\n","protected":false},"author":78,"featured_media":16997,"comment_status":"closed","ping_status":"closed","sticky":false,"template":"","format":"standard","meta":{"_bbp_topic_count":0,"_bbp_reply_count":0,"_bbp_total_topic_count":0,"_bbp_total_reply_count":0,"_bbp_voice_count":0,"_bbp_anonymous_reply_count":0,"_bbp_topic_count_hidden":0,"_bbp_reply_count_hidden":0,"_bbp_forum_subforum_count":0,"site-sidebar-layout":"default","site-content-layout":"","ast-site-content-layout":"","site-content-style":"default","site-sidebar-style":"default","ast-global-header-display":"","ast-banner-title-visibility":"","ast-main-header-display":"","ast-hfb-above-header-display":"","ast-hfb-below-header-display":"","ast-hfb-mobile-header-display":"","site-post-title":"","ast-breadcrumbs-content":"","ast-featured-img":"","footer-sml-layout":"","theme-transparent-header-meta":"","adv-header-id-meta":"","stick-header-meta":"","header-above-stick-meta":"","header-main-stick-meta":"","header-below-stick-meta":"","astra-migrate-meta-layouts":"default","ast-page-background-enabled":"default","ast-page-background-meta":{"desktop":{"background-color":"var(--ast-global-color-4)","background-image":"","background-repeat":"repeat","background-position":"center center","background-size":"auto","background-attachment":"scroll","background-type":"","background-media":"","overlay-type":"","overlay-color":"","overlay-opacity":"","overlay-gradient":""},"tablet":{"background-color":"","background-image":"","background-repeat":"repeat","background-position":"center center","background-size":"auto","background-attachment":"scroll","background-type":"","background-media":"","overlay-type":"","overlay-color":"","overlay-opacity":"","overlay-gradient":""},"mobile":{"background-color":"","background-image":"","background-repeat":"repeat","background-position":"center center","background-size":"auto","background-attachment":"scroll","background-type":"","background-media":"","overlay-type":"","overlay-color":"","overlay-opacity":"","overlay-gradient":""}},"ast-content-background-meta":{"desktop":{"background-color":"var(--ast-global-color-5)","background-image":"","background-repeat":"repeat","background-position":"center center","background-size":"auto","background-attachment":"scroll","background-type":"","background-media":"","overlay-type":"","overlay-color":"","overlay-opacity":"","overlay-gradient":""},"tablet":{"background-color":"var(--ast-global-color-5)","background-image":"","background-repeat":"repeat","background-position":"center center","background-size":"auto","background-attachment":"scroll","background-type":"","background-media":"","overlay-type":"","overlay-color":"","overlay-opacity":"","overlay-gradient":""},"mobile":{"background-color":"var(--ast-global-color-5)","background-image":"","background-repeat":"repeat","background-position":"center center","background-size":"auto","background-attachment":"scroll","background-type":"","background-media":"","overlay-type":"","overlay-color":"","overlay-opacity":"","overlay-gradient":""}},"footnotes":""},"categories":[10,1,4],"tags":[197,237,198],"class_list":["post-16970","post","type-post","status-publish","format-standard","has-post-thumbnail","hentry","category-1r","category-general","category-portada","tag-1r","tag-projectes","tag-sortides"],"post_mailing_queue_ids":[],"_links":{"self":[{"href":"https:\/\/agora.xtec.cat\/ceipelfarell\/wp-json\/wp\/v2\/posts\/16970","targetHints":{"allow":["GET"]}}],"collection":[{"href":"https:\/\/agora.xtec.cat\/ceipelfarell\/wp-json\/wp\/v2\/posts"}],"about":[{"href":"https:\/\/agora.xtec.cat\/ceipelfarell\/wp-json\/wp\/v2\/types\/post"}],"author":[{"embeddable":true,"href":"https:\/\/agora.xtec.cat\/ceipelfarell\/wp-json\/wp\/v2\/users\/78"}],"replies":[{"embeddable":true,"href":"https:\/\/agora.xtec.cat\/ceipelfarell\/wp-json\/wp\/v2\/comments?post=16970"}],"version-history":[{"count":4,"href":"https:\/\/agora.xtec.cat\/ceipelfarell\/wp-json\/wp\/v2\/posts\/16970\/revisions"}],"predecessor-version":[{"id":16999,"href":"https:\/\/agora.xtec.cat\/ceipelfarell\/wp-json\/wp\/v2\/posts\/16970\/revisions\/16999"}],"wp:featuredmedia":[{"embeddable":true,"href":"https:\/\/agora.xtec.cat\/ceipelfarell\/wp-json\/wp\/v2\/media\/16997"}],"wp:attachment":[{"href":"https:\/\/agora.xtec.cat\/ceipelfarell\/wp-json\/wp\/v2\/media?parent=16970"}],"wp:term":[{"taxonomy":"category","embeddable":true,"href":"https:\/\/agora.xtec.cat\/ceipelfarell\/wp-json\/wp\/v2\/categories?post=16970"},{"taxonomy":"post_tag","embeddable":true,"href":"https:\/\/agora.xtec.cat\/ceipelfarell\/wp-json\/wp\/v2\/tags?post=16970"}],"curies":[{"name":"wp","href":"https:\/\/api.w.org\/{rel}","templated":true}]}}