{"id":15457,"date":"2024-04-24T09:27:50","date_gmt":"2024-04-24T07:27:50","guid":{"rendered":"https:\/\/agora.xtec.cat\/ceipelfarell\/?p=15457"},"modified":"2024-04-24T09:27:50","modified_gmt":"2024-04-24T07:27:50","slug":"els-infants-de-2n-us-regalen-un-poema-per-sant-jordi","status":"publish","type":"post","link":"https:\/\/agora.xtec.cat\/ceipelfarell\/general\/els-infants-de-2n-us-regalen-un-poema-per-sant-jordi\/","title":{"rendered":"Els infants de 2n us regalen un poema per Sant Jordi"},"content":{"rendered":"<p style=\"text-align: center;\">Els llibres i les roses es converteixen en els grans protagonistes del dia de Sant Jordi, per\u00f2 els poemes tamb\u00e9 tenen un paper important en aquesta jornada liter\u00e0ria. Amb l&#8217;arribada de la primavera, els i les mestres sempre tenim una excusa per engrescar l&#8217;alumnat en l&#8217;aprenentatge d&#8217;algun poema i, aquesta vegada, els nens i les nenes de 2n han apr\u00e8s el poema &#8220;A la primavera&#8221; de Jos\u00e9 Manuel Pag\u00e1n.<\/p>\n<p style=\"text-align: center;\">I qu\u00e8 millor que obsequiar-vos amb el seu recital?<\/p>\n<p style=\"text-align: center;\">Mireu i gaudiu dels seg\u00fcents v\u00eddeos. Feli\u00e7 Sant Jordi, fam\u00edlies i alumnes!<\/p>\n<p style=\"text-align: center;\">\u00a0<iframe loading=\"lazy\" src=\"https:\/\/drive.google.com\/file\/d\/1X1yXzZfCIDlJ_4T1iB7uxd9aqNa3OP-l\/preview\" width=\"640\" height=\"480\"><\/iframe><\/p>\n<p style=\"text-align: center;\">\u00a0<iframe loading=\"lazy\" src=\"https:\/\/drive.google.com\/file\/d\/1UU5pf8J6rHfnYv-mED340_PG48TEBDtM\/preview\" width=\"640\" height=\"480\"><\/iframe><\/p>\n<p style=\"text-align: center;\"><a href=\"https:\/\/drive.google.com\/drive\/folders\/1k9thqW3out6CMJT6t4nxG8DiR4DgpdH_?usp=drive_link\" target=\"_blank\" rel=\"noopener\">Cliqueu aqu\u00ed per descarregar els v\u00eddeos<\/a><\/p>\n","protected":false},"excerpt":{"rendered":"<p>Els llibres i les roses es converteixen en els grans protagonistes del dia de Sant Jordi, per\u00f2 els poemes tamb\u00e9 tenen un paper important en aquesta jornada liter\u00e0ria. Amb l&#8217;arribada de la primavera, els i les mestres sempre tenim una excusa per engrescar l&#8217;alumnat en l&#8217;aprenentatge d&#8217;algun poema i, aquesta vegada, els nens i les [&hellip;]<\/p>\n","protected":false},"author":15,"featured_media":15462,"comment_status":"closed","ping_status":"closed","sticky":false,"template":"","format":"standard","meta":{"_bbp_topic_count":0,"_bbp_reply_count":0,"_bbp_total_topic_count":0,"_bbp_total_reply_count":0,"_bbp_voice_count":0,"_bbp_anonymous_reply_count":0,"_bbp_topic_count_hidden":0,"_bbp_reply_count_hidden":0,"_bbp_forum_subforum_count":0,"site-sidebar-layout":"default","site-content-layout":"","ast-site-content-layout":"","site-content-style":"default","site-sidebar-style":"default","ast-global-header-display":"","ast-banner-title-visibility":"","ast-main-header-display":"","ast-hfb-above-header-display":"","ast-hfb-below-header-display":"","ast-hfb-mobile-header-display":"","site-post-title":"","ast-breadcrumbs-content":"","ast-featured-img":"","footer-sml-layout":"","theme-transparent-header-meta":"","adv-header-id-meta":"","stick-header-meta":"","header-above-stick-meta":"","header-main-stick-meta":"","header-below-stick-meta":"","astra-migrate-meta-layouts":"default","ast-page-background-enabled":"default","ast-page-background-meta":{"desktop":{"background-color":"var(--ast-global-color-4)","background-image":"","background-repeat":"repeat","background-position":"center center","background-size":"auto","background-attachment":"scroll","background-type":"","background-media":"","overlay-type":"","overlay-color":"","overlay-opacity":"","overlay-gradient":""},"tablet":{"background-color":"","background-image":"","background-repeat":"repeat","background-position":"center center","background-size":"auto","background-attachment":"scroll","background-type":"","background-media":"","overlay-type":"","overlay-color":"","overlay-opacity":"","overlay-gradient":""},"mobile":{"background-color":"","background-image":"","background-repeat":"repeat","background-position":"center center","background-size":"auto","background-attachment":"scroll","background-type":"","background-media":"","overlay-type":"","overlay-color":"","overlay-opacity":"","overlay-gradient":""}},"ast-content-background-meta":{"desktop":{"background-color":"var(--ast-global-color-5)","background-image":"","background-repeat":"repeat","background-position":"center center","background-size":"auto","background-attachment":"scroll","background-type":"","background-media":"","overlay-type":"","overlay-color":"","overlay-opacity":"","overlay-gradient":""},"tablet":{"background-color":"var(--ast-global-color-5)","background-image":"","background-repeat":"repeat","background-position":"center center","background-size":"auto","background-attachment":"scroll","background-type":"","background-media":"","overlay-type":"","overlay-color":"","overlay-opacity":"","overlay-gradient":""},"mobile":{"background-color":"var(--ast-global-color-5)","background-image":"","background-repeat":"repeat","background-position":"center center","background-size":"auto","background-attachment":"scroll","background-type":"","background-media":"","overlay-type":"","overlay-color":"","overlay-opacity":"","overlay-gradient":""}},"footnotes":""},"categories":[11,1,4],"tags":[203,195,226],"class_list":["post-15457","post","type-post","status-publish","format-standard","has-post-thumbnail","hentry","category-2n","category-general","category-portada","tag-2n","tag-activitats","tag-sant-jordi"],"post_mailing_queue_ids":[],"_links":{"self":[{"href":"https:\/\/agora.xtec.cat\/ceipelfarell\/wp-json\/wp\/v2\/posts\/15457","targetHints":{"allow":["GET"]}}],"collection":[{"href":"https:\/\/agora.xtec.cat\/ceipelfarell\/wp-json\/wp\/v2\/posts"}],"about":[{"href":"https:\/\/agora.xtec.cat\/ceipelfarell\/wp-json\/wp\/v2\/types\/post"}],"author":[{"embeddable":true,"href":"https:\/\/agora.xtec.cat\/ceipelfarell\/wp-json\/wp\/v2\/users\/15"}],"replies":[{"embeddable":true,"href":"https:\/\/agora.xtec.cat\/ceipelfarell\/wp-json\/wp\/v2\/comments?post=15457"}],"version-history":[{"count":2,"href":"https:\/\/agora.xtec.cat\/ceipelfarell\/wp-json\/wp\/v2\/posts\/15457\/revisions"}],"predecessor-version":[{"id":15463,"href":"https:\/\/agora.xtec.cat\/ceipelfarell\/wp-json\/wp\/v2\/posts\/15457\/revisions\/15463"}],"wp:featuredmedia":[{"embeddable":true,"href":"https:\/\/agora.xtec.cat\/ceipelfarell\/wp-json\/wp\/v2\/media\/15462"}],"wp:attachment":[{"href":"https:\/\/agora.xtec.cat\/ceipelfarell\/wp-json\/wp\/v2\/media?parent=15457"}],"wp:term":[{"taxonomy":"category","embeddable":true,"href":"https:\/\/agora.xtec.cat\/ceipelfarell\/wp-json\/wp\/v2\/categories?post=15457"},{"taxonomy":"post_tag","embeddable":true,"href":"https:\/\/agora.xtec.cat\/ceipelfarell\/wp-json\/wp\/v2\/tags?post=15457"}],"curies":[{"name":"wp","href":"https:\/\/api.w.org\/{rel}","templated":true}]}}