{"id":5785,"date":"2026-04-24T15:33:34","date_gmt":"2026-04-24T13:33:34","guid":{"rendered":"https:\/\/agora.xtec.cat\/ceipduranibas\/?p=5785"},"modified":"2026-04-24T15:33:35","modified_gmt":"2026-04-24T13:33:35","slug":"jocs-florals-una-celebracio-de-lletres-art-i-creativitat","status":"publish","type":"post","link":"https:\/\/agora.xtec.cat\/ceipduranibas\/general\/jocs-florals-una-celebracio-de-lletres-art-i-creativitat\/","title":{"rendered":"JOCS FLORALS: UNA CELEBRACI\u00d3 DE LLETRES, ART I CREATIVITAT!"},"content":{"rendered":"\n<p>Aquesta setmana, l\u2019Escola s\u2019ha omplert de m\u00e0gia, dracs, roses i, sobretot, de paraules. Com ja \u00e9s tradici\u00f3 per Sant Jordi, hem celebrat els Jocs Florals, un dels moments on la creativitat de l\u2019alumnat n&#8217;\u00e9s la protagonista.<\/p>\n\n\n\n<p>Des dels m\u00e9s petits fins als m\u00e9s grans, tots i totes han participat amb il\u00b7lusi\u00f3 en aquest certamen que ens recorda la bellesa de la nostra llengua i la for\u00e7a de la imaginaci\u00f3.<\/p>\n\n\n\n<p>El gimn\u00e0s s&#8217;ha omplert d\u2019infants i mestres per acollir l&#8217;entrega de premis. Hem gaudit de:<\/p>\n\n\n\n<ul class=\"wp-block-list\">\n<li>Lectures en veu alta: escoltar els textos guanyadors ha estat un regal per als sentits. Hem viatjat a mons llunyans, hem rigut amb poemes divertits i ens hem emocionat amb relats plens de sensibilitat.<\/li>\n\n\n\n<li>Art i color: no nom\u00e9s hem premiat les lletres; els \u00e0lbums il\u00b7lustrats dels m\u00e9s petits i les m\u00e9s petites de l\u2019escola tamb\u00e9 han tingut el seu reconeixement.<\/li>\n\n\n\n<li>M\u00fasica i tradici\u00f3: el ball de bastons i de cascabells ha estat el complement perfecte per a la nostra festa de les lletres.<\/li>\n<\/ul>\n\n\n\n<p>Volem donar l&#8217;enhorabona no nom\u00e9s a les persones premiades, sin\u00f3 a tots els participants. Escriure \u00e9s una forma de llibertat, i veure com cada alumne ha buscat la seva pr\u00f2pia veu ens omple d\u2019orgull.<\/p>\n\n\n\n<p>Bona Diada i bona lectura a tothom!<\/p>\n\n\n\n<figure class=\"wp-block-gallery has-nested-images columns-default is-cropped wp-block-gallery-1 is-layout-flex wp-block-gallery-is-layout-flex\">\n<figure class=\"wp-block-image size-large\"><a href=\"https:\/\/agora.xtec.cat\/ceipduranibas\/wp-content\/uploads\/usu2643\/2026\/04\/IMG_9330-scaled.jpg\"><img loading=\"lazy\" decoding=\"async\" width=\"1024\" height=\"799\" data-id=\"5788\" src=\"https:\/\/agora.xtec.cat\/ceipduranibas\/wp-content\/uploads\/usu2643\/2026\/04\/IMG_9330-1024x799.jpg\" alt=\"\" class=\"wp-image-5788\" srcset=\"https:\/\/agora.xtec.cat\/ceipduranibas\/wp-content\/uploads\/usu2643\/2026\/04\/IMG_9330-1024x799.jpg 1024w, https:\/\/agora.xtec.cat\/ceipduranibas\/wp-content\/uploads\/usu2643\/2026\/04\/IMG_9330-300x234.jpg 300w, https:\/\/agora.xtec.cat\/ceipduranibas\/wp-content\/uploads\/usu2643\/2026\/04\/IMG_9330-768x599.jpg 768w, https:\/\/agora.xtec.cat\/ceipduranibas\/wp-content\/uploads\/usu2643\/2026\/04\/IMG_9330-1536x1198.jpg 1536w, https:\/\/agora.xtec.cat\/ceipduranibas\/wp-content\/uploads\/usu2643\/2026\/04\/IMG_9330-2048x1598.jpg 2048w\" sizes=\"auto, (max-width: 1024px) 100vw, 1024px\" \/><\/a><\/figure>\n\n\n\n<figure class=\"wp-block-image size-large\"><a href=\"https:\/\/agora.xtec.cat\/ceipduranibas\/wp-content\/uploads\/usu2643\/2026\/04\/IMG_9315-1-scaled.jpg\"><img loading=\"lazy\" decoding=\"async\" width=\"1024\" height=\"691\" data-id=\"5789\" src=\"https:\/\/agora.xtec.cat\/ceipduranibas\/wp-content\/uploads\/usu2643\/2026\/04\/IMG_9315-1-1024x691.jpg\" alt=\"\" class=\"wp-image-5789\" srcset=\"https:\/\/agora.xtec.cat\/ceipduranibas\/wp-content\/uploads\/usu2643\/2026\/04\/IMG_9315-1-1024x691.jpg 1024w, https:\/\/agora.xtec.cat\/ceipduranibas\/wp-content\/uploads\/usu2643\/2026\/04\/IMG_9315-1-300x202.jpg 300w, https:\/\/agora.xtec.cat\/ceipduranibas\/wp-content\/uploads\/usu2643\/2026\/04\/IMG_9315-1-768x518.jpg 768w, https:\/\/agora.xtec.cat\/ceipduranibas\/wp-content\/uploads\/usu2643\/2026\/04\/IMG_9315-1-1536x1036.jpg 1536w, https:\/\/agora.xtec.cat\/ceipduranibas\/wp-content\/uploads\/usu2643\/2026\/04\/IMG_9315-1-2048x1381.jpg 2048w\" sizes=\"auto, (max-width: 1024px) 100vw, 1024px\" \/><\/a><\/figure>\n<\/figure>\n\n\n<div class=\"wp-block-image\">\n<figure class=\"aligncenter size-full\"><a href=\"https:\/\/drive.google.com\/drive\/u\/0\/folders\/1RE7CTe5fdo6oEw98PoDdfN8ZbYbp7V1u\"><img loading=\"lazy\" decoding=\"async\" width=\"300\" height=\"100\" src=\"https:\/\/agora.xtec.cat\/ceipduranibas\/wp-content\/uploads\/usu2643\/2023\/03\/Boto-enllac.png\" alt=\"\" class=\"wp-image-2326\"\/><\/a><\/figure><\/div>\n\n\n<p><\/p>\n","protected":false},"excerpt":{"rendered":"<p>Aquesta setmana, l\u2019Escola s\u2019ha omplert de m\u00e0gia, dracs, roses i, sobretot, de paraules. Com ja \u00e9s tradici\u00f3 per Sant Jordi, hem celebrat els Jocs Florals, un dels moments on la creativitat de l\u2019alumnat n&#8217;\u00e9s la protagonista.<\/p>\n<p>Des dels m\u00e9s petits fins als m\u00e9s grans, tots i&hellip;  <a href=\"https:\/\/agora.xtec.cat\/ceipduranibas\/general\/jocs-florals-una-celebracio-de-lletres-art-i-creativitat\/\" title=\"Read JOCS FLORALS: UNA CELEBRACI\u00d3 DE LLETRES, ART I CREATIVITAT!\">Llegeix m\u00e9s\u00bb<\/a><\/p>\n","protected":false},"author":9,"featured_media":5792,"comment_status":"closed","ping_status":"closed","sticky":false,"template":"","format":"standard","meta":{"_bbp_topic_count":0,"_bbp_reply_count":0,"_bbp_total_topic_count":0,"_bbp_total_reply_count":0,"_bbp_voice_count":0,"_bbp_anonymous_reply_count":0,"_bbp_topic_count_hidden":0,"_bbp_reply_count_hidden":0,"_bbp_forum_subforum_count":0,"footnotes":""},"categories":[71,68,66,1,4],"tags":[183],"class_list":["post-5785","post","type-post","status-publish","format-standard","has-post-thumbnail","hentry","category-blog-grans","category-blog-mitjans","category-blog-petits","category-general","category-portada","tag-festes"],"post_mailing_queue_ids":[],"_links":{"self":[{"href":"https:\/\/agora.xtec.cat\/ceipduranibas\/wp-json\/wp\/v2\/posts\/5785","targetHints":{"allow":["GET"]}}],"collection":[{"href":"https:\/\/agora.xtec.cat\/ceipduranibas\/wp-json\/wp\/v2\/posts"}],"about":[{"href":"https:\/\/agora.xtec.cat\/ceipduranibas\/wp-json\/wp\/v2\/types\/post"}],"author":[{"embeddable":true,"href":"https:\/\/agora.xtec.cat\/ceipduranibas\/wp-json\/wp\/v2\/users\/9"}],"replies":[{"embeddable":true,"href":"https:\/\/agora.xtec.cat\/ceipduranibas\/wp-json\/wp\/v2\/comments?post=5785"}],"version-history":[{"count":1,"href":"https:\/\/agora.xtec.cat\/ceipduranibas\/wp-json\/wp\/v2\/posts\/5785\/revisions"}],"predecessor-version":[{"id":5793,"href":"https:\/\/agora.xtec.cat\/ceipduranibas\/wp-json\/wp\/v2\/posts\/5785\/revisions\/5793"}],"wp:featuredmedia":[{"embeddable":true,"href":"https:\/\/agora.xtec.cat\/ceipduranibas\/wp-json\/wp\/v2\/media\/5792"}],"wp:attachment":[{"href":"https:\/\/agora.xtec.cat\/ceipduranibas\/wp-json\/wp\/v2\/media?parent=5785"}],"wp:term":[{"taxonomy":"category","embeddable":true,"href":"https:\/\/agora.xtec.cat\/ceipduranibas\/wp-json\/wp\/v2\/categories?post=5785"},{"taxonomy":"post_tag","embeddable":true,"href":"https:\/\/agora.xtec.cat\/ceipduranibas\/wp-json\/wp\/v2\/tags?post=5785"}],"curies":[{"name":"wp","href":"https:\/\/api.w.org\/{rel}","templated":true}]}}