{"id":3250,"date":"2021-11-25T21:03:37","date_gmt":"2021-11-25T20:03:37","guid":{"rendered":"https:\/\/agora.xtec.cat\/ceipcreixa\/?p=3250"},"modified":"2021-11-25T21:17:29","modified_gmt":"2021-11-25T20:17:29","slug":"25n-dia-internacional-contra-la-violencia-de-genere","status":"publish","type":"post","link":"https:\/\/agora.xtec.cat\/ceipcreixa\/general\/25n-dia-internacional-contra-la-violencia-de-genere\/","title":{"rendered":"25N-Dia internacional contra la viol\u00e8ncia de g\u00e8nere"},"content":{"rendered":"<p>Avui, 25 de novembre, \u00e9s el dia internacional contra la viol\u00e8ncia de g\u00e8nere. \ud83d\udc9c<\/p>\n<p>Des de l&#8217;escola hem volgut dedicar un moment del dia per parlar i reflexionar. Ho hem fet a trav\u00e9s del v\u00eddeo &#8220;La Caputxeta diu No&#8221; i a partir de diferents din\u00e0miques: canviem el final del conte, an\u00e0lisis de viol\u00e8ncia de g\u00e8nere en xats, etc.<\/p>\n<div class=\"ast-oembed-container \" style=\"height: 100%;\"><iframe loading=\"lazy\" title=\"Caperucita dice NO - #CambiaelCuento - Violencias machistas\" width=\"500\" height=\"281\" src=\"https:\/\/www.youtube.com\/embed\/xCEEKqcSFL0?feature=oembed\" frameborder=\"0\" allow=\"accelerometer; autoplay; clipboard-write; encrypted-media; gyroscope; picture-in-picture; web-share\" referrerpolicy=\"strict-origin-when-cross-origin\" allowfullscreen><\/iframe><\/div>\n<p>Aqu\u00ed ho tenim clar!\u00a0<span style=\"font-family: inherit;font-size: 1em\">Volem canviar el conte!<\/span><\/p>\n<p><a href=\"https:\/\/agora.xtec.cat\/ceipcreixa\/wp-content\/uploads\/usu1518\/2021\/11\/Captura-de-pantalla-2021-11-25-a-les-21.06.10.png\"><img loading=\"lazy\" decoding=\"async\" class=\"wp-image-3255 aligncenter\" src=\"https:\/\/agora.xtec.cat\/ceipcreixa\/wp-content\/uploads\/usu1518\/2021\/11\/Captura-de-pantalla-2021-11-25-a-les-21.06.10.png\" alt=\"\" width=\"623\" height=\"685\" srcset=\"https:\/\/agora.xtec.cat\/ceipcreixa\/wp-content\/uploads\/usu1518\/2021\/11\/Captura-de-pantalla-2021-11-25-a-les-21.06.10.png 840w, https:\/\/agora.xtec.cat\/ceipcreixa\/wp-content\/uploads\/usu1518\/2021\/11\/Captura-de-pantalla-2021-11-25-a-les-21.06.10-273x300.png 273w, https:\/\/agora.xtec.cat\/ceipcreixa\/wp-content\/uploads\/usu1518\/2021\/11\/Captura-de-pantalla-2021-11-25-a-les-21.06.10-768x845.png 768w\" sizes=\"auto, (max-width: 623px) 100vw, 623px\" \/><\/a><\/p>\n<p>&nbsp;<\/p>\n","protected":false},"excerpt":{"rendered":"<p>Avui, 25 de novembre, \u00e9s el dia internacional contra la viol\u00e8ncia de g\u00e8nere. \ud83d\udc9c Des de l&#8217;escola hem volgut dedicar un moment del dia per parlar i reflexionar. Ho hem fet a trav\u00e9s del v\u00eddeo &#8220;La Caputxeta diu No&#8221; i a partir de diferents din\u00e0miques: canviem el final del conte, an\u00e0lisis de viol\u00e8ncia de g\u00e8nere [&hellip;]<\/p>\n","protected":false},"author":31,"featured_media":3255,"comment_status":"open","ping_status":"closed","sticky":false,"template":"","format":"standard","meta":{"_bbp_topic_count":0,"_bbp_reply_count":0,"_bbp_total_topic_count":0,"_bbp_total_reply_count":0,"_bbp_voice_count":0,"_bbp_anonymous_reply_count":0,"_bbp_topic_count_hidden":0,"_bbp_reply_count_hidden":0,"_bbp_forum_subforum_count":0,"site-sidebar-layout":"default","site-content-layout":"","ast-site-content-layout":"","site-content-style":"default","site-sidebar-style":"default","ast-global-header-display":"","ast-banner-title-visibility":"","ast-main-header-display":"","ast-hfb-above-header-display":"","ast-hfb-below-header-display":"","ast-hfb-mobile-header-display":"","site-post-title":"","ast-breadcrumbs-content":"","ast-featured-img":"","footer-sml-layout":"","theme-transparent-header-meta":"","adv-header-id-meta":"","stick-header-meta":"","header-above-stick-meta":"","header-main-stick-meta":"","header-below-stick-meta":"","astra-migrate-meta-layouts":"default","ast-page-background-enabled":"default","ast-page-background-meta":{"desktop":{"background-color":"var(--ast-global-color-4)","background-image":"","background-repeat":"repeat","background-position":"center center","background-size":"auto","background-attachment":"scroll","background-type":"","background-media":"","overlay-type":"","overlay-color":"","overlay-opacity":"","overlay-gradient":""},"tablet":{"background-color":"","background-image":"","background-repeat":"repeat","background-position":"center center","background-size":"auto","background-attachment":"scroll","background-type":"","background-media":"","overlay-type":"","overlay-color":"","overlay-opacity":"","overlay-gradient":""},"mobile":{"background-color":"","background-image":"","background-repeat":"repeat","background-position":"center center","background-size":"auto","background-attachment":"scroll","background-type":"","background-media":"","overlay-type":"","overlay-color":"","overlay-opacity":"","overlay-gradient":""}},"ast-content-background-meta":{"desktop":{"background-color":"var(--ast-global-color-5)","background-image":"","background-repeat":"repeat","background-position":"center center","background-size":"auto","background-attachment":"scroll","background-type":"","background-media":"","overlay-type":"","overlay-color":"","overlay-opacity":"","overlay-gradient":""},"tablet":{"background-color":"var(--ast-global-color-5)","background-image":"","background-repeat":"repeat","background-position":"center center","background-size":"auto","background-attachment":"scroll","background-type":"","background-media":"","overlay-type":"","overlay-color":"","overlay-opacity":"","overlay-gradient":""},"mobile":{"background-color":"var(--ast-global-color-5)","background-image":"","background-repeat":"repeat","background-position":"center center","background-size":"auto","background-attachment":"scroll","background-type":"","background-media":"","overlay-type":"","overlay-color":"","overlay-opacity":"","overlay-gradient":""}},"footnotes":""},"categories":[1,4,5],"tags":[],"class_list":["post-3250","post","type-post","status-publish","format-standard","has-post-thumbnail","hentry","category-general","category-portada","category-primaria"],"post_mailing_queue_ids":[],"_links":{"self":[{"href":"https:\/\/agora.xtec.cat\/ceipcreixa\/wp-json\/wp\/v2\/posts\/3250","targetHints":{"allow":["GET"]}}],"collection":[{"href":"https:\/\/agora.xtec.cat\/ceipcreixa\/wp-json\/wp\/v2\/posts"}],"about":[{"href":"https:\/\/agora.xtec.cat\/ceipcreixa\/wp-json\/wp\/v2\/types\/post"}],"author":[{"embeddable":true,"href":"https:\/\/agora.xtec.cat\/ceipcreixa\/wp-json\/wp\/v2\/users\/31"}],"replies":[{"embeddable":true,"href":"https:\/\/agora.xtec.cat\/ceipcreixa\/wp-json\/wp\/v2\/comments?post=3250"}],"version-history":[{"count":2,"href":"https:\/\/agora.xtec.cat\/ceipcreixa\/wp-json\/wp\/v2\/posts\/3250\/revisions"}],"predecessor-version":[{"id":3259,"href":"https:\/\/agora.xtec.cat\/ceipcreixa\/wp-json\/wp\/v2\/posts\/3250\/revisions\/3259"}],"wp:featuredmedia":[{"embeddable":true,"href":"https:\/\/agora.xtec.cat\/ceipcreixa\/wp-json\/wp\/v2\/media\/3255"}],"wp:attachment":[{"href":"https:\/\/agora.xtec.cat\/ceipcreixa\/wp-json\/wp\/v2\/media?parent=3250"}],"wp:term":[{"taxonomy":"category","embeddable":true,"href":"https:\/\/agora.xtec.cat\/ceipcreixa\/wp-json\/wp\/v2\/categories?post=3250"},{"taxonomy":"post_tag","embeddable":true,"href":"https:\/\/agora.xtec.cat\/ceipcreixa\/wp-json\/wp\/v2\/tags?post=3250"}],"curies":[{"name":"wp","href":"https:\/\/api.w.org\/{rel}","templated":true}]}}