{"id":4956,"date":"2025-01-27T12:39:24","date_gmt":"2025-01-27T11:39:24","guid":{"rendered":"https:\/\/agora.xtec.cat\/ceipconvents\/?p=4956"},"modified":"2025-01-27T12:39:24","modified_gmt":"2025-01-27T11:39:24","slug":"%f0%9f%8e%bcel-cicle-mitja-a-lescola-de-musica-de-martorell%f0%9f%8e%bc","status":"publish","type":"post","link":"https:\/\/agora.xtec.cat\/ceipconvents\/general\/%f0%9f%8e%bcel-cicle-mitja-a-lescola-de-musica-de-martorell%f0%9f%8e%bc\/","title":{"rendered":"\ud83c\udfbcEl cicle mitj\u00e0 a l&#8217;Escola de M\u00fasica de Martorell\ud83c\udfbc"},"content":{"rendered":"<p>\ud83d\udcf8\ud83c\udfb6 Els nens i nenes del cicle mitj\u00e0 hem gaudit d&#8217;una audici\u00f3 de guitarra espanyola, viol\u00ed i violoncel! \ud83c\udfb8\ud83c\udfbb<br \/>\nSempre tan espacial. Ha sigut una experi\u00e8ncia inoblidable, i els somriures dels infants ho diuen tot! \ud83d\ude0a\u2728<\/p>\n<p><a href=\"https:\/\/agora.xtec.cat\/ceipconvents\/wp-content\/uploads\/usu2082\/2025\/01\/Escola-de-musica-CM-3-1.jpeg\"><img loading=\"lazy\" decoding=\"async\" class=\"alignleft size-full wp-image-4960\" src=\"https:\/\/agora.xtec.cat\/ceipconvents\/wp-content\/uploads\/usu2082\/2025\/01\/Escola-de-musica-CM-3-1.jpeg\" alt=\"\" width=\"1201\" height=\"1600\" srcset=\"https:\/\/agora.xtec.cat\/ceipconvents\/wp-content\/uploads\/usu2082\/2025\/01\/Escola-de-musica-CM-3-1.jpeg 1201w, https:\/\/agora.xtec.cat\/ceipconvents\/wp-content\/uploads\/usu2082\/2025\/01\/Escola-de-musica-CM-3-1-225x300.jpeg 225w, https:\/\/agora.xtec.cat\/ceipconvents\/wp-content\/uploads\/usu2082\/2025\/01\/Escola-de-musica-CM-3-1-769x1024.jpeg 769w, https:\/\/agora.xtec.cat\/ceipconvents\/wp-content\/uploads\/usu2082\/2025\/01\/Escola-de-musica-CM-3-1-768x1023.jpeg 768w, https:\/\/agora.xtec.cat\/ceipconvents\/wp-content\/uploads\/usu2082\/2025\/01\/Escola-de-musica-CM-3-1-1153x1536.jpeg 1153w\" sizes=\"auto, (max-width: 1201px) 100vw, 1201px\" \/><\/a> <a href=\"https:\/\/agora.xtec.cat\/ceipconvents\/wp-content\/uploads\/usu2082\/2025\/01\/Escola-de-musica-CM-1-1.jpeg\"><img loading=\"lazy\" decoding=\"async\" class=\"alignleft size-full wp-image-4961\" src=\"https:\/\/agora.xtec.cat\/ceipconvents\/wp-content\/uploads\/usu2082\/2025\/01\/Escola-de-musica-CM-1-1.jpeg\" alt=\"\" width=\"1201\" height=\"1600\" srcset=\"https:\/\/agora.xtec.cat\/ceipconvents\/wp-content\/uploads\/usu2082\/2025\/01\/Escola-de-musica-CM-1-1.jpeg 1201w, https:\/\/agora.xtec.cat\/ceipconvents\/wp-content\/uploads\/usu2082\/2025\/01\/Escola-de-musica-CM-1-1-225x300.jpeg 225w, https:\/\/agora.xtec.cat\/ceipconvents\/wp-content\/uploads\/usu2082\/2025\/01\/Escola-de-musica-CM-1-1-769x1024.jpeg 769w, https:\/\/agora.xtec.cat\/ceipconvents\/wp-content\/uploads\/usu2082\/2025\/01\/Escola-de-musica-CM-1-1-768x1023.jpeg 768w, https:\/\/agora.xtec.cat\/ceipconvents\/wp-content\/uploads\/usu2082\/2025\/01\/Escola-de-musica-CM-1-1-1153x1536.jpeg 1153w\" sizes=\"auto, (max-width: 1201px) 100vw, 1201px\" \/><\/a> <a href=\"https:\/\/agora.xtec.cat\/ceipconvents\/wp-content\/uploads\/usu2082\/2025\/01\/Escola-de-musica-CM-2-1.jpeg\"><img loading=\"lazy\" decoding=\"async\" class=\"alignleft size-full wp-image-4962\" src=\"https:\/\/agora.xtec.cat\/ceipconvents\/wp-content\/uploads\/usu2082\/2025\/01\/Escola-de-musica-CM-2-1.jpeg\" alt=\"\" width=\"1201\" height=\"1600\" srcset=\"https:\/\/agora.xtec.cat\/ceipconvents\/wp-content\/uploads\/usu2082\/2025\/01\/Escola-de-musica-CM-2-1.jpeg 1201w, https:\/\/agora.xtec.cat\/ceipconvents\/wp-content\/uploads\/usu2082\/2025\/01\/Escola-de-musica-CM-2-1-225x300.jpeg 225w, https:\/\/agora.xtec.cat\/ceipconvents\/wp-content\/uploads\/usu2082\/2025\/01\/Escola-de-musica-CM-2-1-769x1024.jpeg 769w, https:\/\/agora.xtec.cat\/ceipconvents\/wp-content\/uploads\/usu2082\/2025\/01\/Escola-de-musica-CM-2-1-768x1023.jpeg 768w, https:\/\/agora.xtec.cat\/ceipconvents\/wp-content\/uploads\/usu2082\/2025\/01\/Escola-de-musica-CM-2-1-1153x1536.jpeg 1153w\" sizes=\"auto, (max-width: 1201px) 100vw, 1201px\" \/><\/a> <a href=\"https:\/\/agora.xtec.cat\/ceipconvents\/wp-content\/uploads\/usu2082\/2025\/01\/Escola-de-musica-CM-2-2-scaled.jpg\"><img loading=\"lazy\" decoding=\"async\" class=\"alignleft size-full wp-image-4963\" src=\"https:\/\/agora.xtec.cat\/ceipconvents\/wp-content\/uploads\/usu2082\/2025\/01\/Escola-de-musica-CM-2-2-scaled.jpg\" alt=\"\" width=\"2560\" height=\"1915\" srcset=\"https:\/\/agora.xtec.cat\/ceipconvents\/wp-content\/uploads\/usu2082\/2025\/01\/Escola-de-musica-CM-2-2-scaled.jpg 2560w, https:\/\/agora.xtec.cat\/ceipconvents\/wp-content\/uploads\/usu2082\/2025\/01\/Escola-de-musica-CM-2-2-300x224.jpg 300w, https:\/\/agora.xtec.cat\/ceipconvents\/wp-content\/uploads\/usu2082\/2025\/01\/Escola-de-musica-CM-2-2-1024x766.jpg 1024w, https:\/\/agora.xtec.cat\/ceipconvents\/wp-content\/uploads\/usu2082\/2025\/01\/Escola-de-musica-CM-2-2-768x574.jpg 768w, https:\/\/agora.xtec.cat\/ceipconvents\/wp-content\/uploads\/usu2082\/2025\/01\/Escola-de-musica-CM-2-2-1536x1149.jpg 1536w, https:\/\/agora.xtec.cat\/ceipconvents\/wp-content\/uploads\/usu2082\/2025\/01\/Escola-de-musica-CM-2-2-2048x1532.jpg 2048w, https:\/\/agora.xtec.cat\/ceipconvents\/wp-content\/uploads\/usu2082\/2025\/01\/Escola-de-musica-CM-2-2-200x150.jpg 200w\" sizes=\"auto, (max-width: 2560px) 100vw, 2560px\" \/><\/a><\/p>\n","protected":false},"excerpt":{"rendered":"<p>\ud83d\udcf8\ud83c\udfb6 Els nens i nenes del cicle mitj\u00e0 hem gaudit d&#8217;una audici\u00f3 de guitarra espanyola, viol\u00ed i violoncel! \ud83c\udfb8\ud83c\udfbb Sempre tan espacial. Ha sigut una experi\u00e8ncia inoblidable, i els somriures dels infants ho diuen tot! \ud83d\ude0a\u2728<\/p>\n","protected":false},"author":1,"featured_media":4962,"comment_status":"open","ping_status":"closed","sticky":false,"template":"","format":"standard","meta":{"_bbp_topic_count":0,"_bbp_reply_count":0,"_bbp_total_topic_count":0,"_bbp_total_reply_count":0,"_bbp_voice_count":0,"_bbp_anonymous_reply_count":0,"_bbp_topic_count_hidden":0,"_bbp_reply_count_hidden":0,"_bbp_forum_subforum_count":0,"site-sidebar-layout":"default","site-content-layout":"","ast-site-content-layout":"","site-content-style":"default","site-sidebar-style":"default","ast-global-header-display":"","ast-banner-title-visibility":"","ast-main-header-display":"","ast-hfb-above-header-display":"","ast-hfb-below-header-display":"","ast-hfb-mobile-header-display":"","site-post-title":"","ast-breadcrumbs-content":"","ast-featured-img":"","footer-sml-layout":"","theme-transparent-header-meta":"","adv-header-id-meta":"","stick-header-meta":"","header-above-stick-meta":"","header-main-stick-meta":"","header-below-stick-meta":"","astra-migrate-meta-layouts":"default","ast-page-background-enabled":"default","ast-page-background-meta":{"desktop":{"background-color":"var(--ast-global-color-5)","background-image":"","background-repeat":"repeat","background-position":"center center","background-size":"auto","background-attachment":"scroll","background-type":"","background-media":"","overlay-type":"","overlay-color":"","overlay-opacity":"","overlay-gradient":""},"tablet":{"background-color":"","background-image":"","background-repeat":"repeat","background-position":"center center","background-size":"auto","background-attachment":"scroll","background-type":"","background-media":"","overlay-type":"","overlay-color":"","overlay-opacity":"","overlay-gradient":""},"mobile":{"background-color":"","background-image":"","background-repeat":"repeat","background-position":"center center","background-size":"auto","background-attachment":"scroll","background-type":"","background-media":"","overlay-type":"","overlay-color":"","overlay-opacity":"","overlay-gradient":""}},"ast-content-background-meta":{"desktop":{"background-color":"var(--ast-global-color-4)","background-image":"","background-repeat":"repeat","background-position":"center center","background-size":"auto","background-attachment":"scroll","background-type":"","background-media":"","overlay-type":"","overlay-color":"","overlay-opacity":"","overlay-gradient":""},"tablet":{"background-color":"var(--ast-global-color-4)","background-image":"","background-repeat":"repeat","background-position":"center center","background-size":"auto","background-attachment":"scroll","background-type":"","background-media":"","overlay-type":"","overlay-color":"","overlay-opacity":"","overlay-gradient":""},"mobile":{"background-color":"var(--ast-global-color-4)","background-image":"","background-repeat":"repeat","background-position":"center center","background-size":"auto","background-attachment":"scroll","background-type":"","background-media":"","overlay-type":"","overlay-color":"","overlay-opacity":"","overlay-gradient":""}},"footnotes":""},"categories":[12,13,1,4,5],"tags":[],"class_list":["post-4956","post","type-post","status-publish","format-standard","has-post-thumbnail","hentry","category-3r","category-4t","category-general","category-portada","category-primaria"],"post_mailing_queue_ids":[],"_links":{"self":[{"href":"https:\/\/agora.xtec.cat\/ceipconvents\/wp-json\/wp\/v2\/posts\/4956","targetHints":{"allow":["GET"]}}],"collection":[{"href":"https:\/\/agora.xtec.cat\/ceipconvents\/wp-json\/wp\/v2\/posts"}],"about":[{"href":"https:\/\/agora.xtec.cat\/ceipconvents\/wp-json\/wp\/v2\/types\/post"}],"author":[{"embeddable":true,"href":"https:\/\/agora.xtec.cat\/ceipconvents\/wp-json\/wp\/v2\/users\/1"}],"replies":[{"embeddable":true,"href":"https:\/\/agora.xtec.cat\/ceipconvents\/wp-json\/wp\/v2\/comments?post=4956"}],"version-history":[{"count":1,"href":"https:\/\/agora.xtec.cat\/ceipconvents\/wp-json\/wp\/v2\/posts\/4956\/revisions"}],"predecessor-version":[{"id":4964,"href":"https:\/\/agora.xtec.cat\/ceipconvents\/wp-json\/wp\/v2\/posts\/4956\/revisions\/4964"}],"wp:featuredmedia":[{"embeddable":true,"href":"https:\/\/agora.xtec.cat\/ceipconvents\/wp-json\/wp\/v2\/media\/4962"}],"wp:attachment":[{"href":"https:\/\/agora.xtec.cat\/ceipconvents\/wp-json\/wp\/v2\/media?parent=4956"}],"wp:term":[{"taxonomy":"category","embeddable":true,"href":"https:\/\/agora.xtec.cat\/ceipconvents\/wp-json\/wp\/v2\/categories?post=4956"},{"taxonomy":"post_tag","embeddable":true,"href":"https:\/\/agora.xtec.cat\/ceipconvents\/wp-json\/wp\/v2\/tags?post=4956"}],"curies":[{"name":"wp","href":"https:\/\/api.w.org\/{rel}","templated":true}]}}