{"id":4767,"date":"2024-11-07T08:35:41","date_gmt":"2024-11-07T07:35:41","guid":{"rendered":"https:\/\/agora.xtec.cat\/ceipconvents\/?p=4767"},"modified":"2024-11-07T08:37:01","modified_gmt":"2024-11-07T07:37:01","slug":"debat-sobre-la-igualtat-de-genere","status":"publish","type":"post","link":"https:\/\/agora.xtec.cat\/ceipconvents\/portada\/debat-sobre-la-igualtat-de-genere\/","title":{"rendered":"DEBAT SOBRE LA IGUALTAT DE GENERE"},"content":{"rendered":"<p data-pm-slice=\"1 1 []\"><strong>DEBAT SOBRE LA IGUALTAT DE G\u00c8NERE<\/strong><\/p>\n<p>El passat dimarts 30 d&#8217;octubre a l&#8217;hora d&#8217;assemblea vam fer el nostre primer debat sobre una q\u00fcesti\u00f3 que ens interessa a tots i totes i \u00e9s la igualtat de g\u00e8nere.<\/p>\n<p>Per endinsar-nos en el tema vam veure el <a href=\"https:\/\/www.youtube.com\/watch?v=aLDTy5VQOF0\">v\u00eddeo<\/a>. Aquest v\u00eddeo ens va semblar molt interessant. Despr\u00e9s vam fer dos grups, un s&#8217;havia de posicionar a favor de la igualtat, ja que la nena havia treballat el mateix i l&#8217;altre en contra. La posici\u00f3 d&#8217;aquests era manifestar que el nen havia treballat m\u00e9s i millor. Ambd\u00f3s grups van fer molt b\u00e9 la seva defensa.<\/p>\n<p>El grup que estava a favor va manifestar que no podia ser que dues persones que havien fet la mateixa feina un cobres m\u00e9s que l&#8217;altre, per contra, l&#8217;altre havia de fer el contrari buscar arguments per trencar amb els del grup adversari.<\/p>\n<p>Al final, de la classe v\u00e0rem veure la part final, cosa que va agradar molt\u00edssim i tant un grup com l&#8217;altre van comprendre la import\u00e0ncia de viure en una societat m\u00e9s justa per tots i totes.<\/p>\n<p>&nbsp;<\/p>\n<p><a href=\"https:\/\/agora.xtec.cat\/ceipconvents\/wp-content\/uploads\/usu2082\/2024\/11\/WhatsApp-Image-2024-11-06-at-16.06.04.jpeg\"><img loading=\"lazy\" decoding=\"async\" class=\"alignnone wp-image-4770 size-full\" src=\"https:\/\/agora.xtec.cat\/ceipconvents\/wp-content\/uploads\/usu2082\/2024\/11\/WhatsApp-Image-2024-11-06-at-16.06.04.jpeg\" alt=\"\" width=\"2000\" height=\"1500\" srcset=\"https:\/\/agora.xtec.cat\/ceipconvents\/wp-content\/uploads\/usu2082\/2024\/11\/WhatsApp-Image-2024-11-06-at-16.06.04.jpeg 2000w, https:\/\/agora.xtec.cat\/ceipconvents\/wp-content\/uploads\/usu2082\/2024\/11\/WhatsApp-Image-2024-11-06-at-16.06.04-300x225.jpeg 300w, https:\/\/agora.xtec.cat\/ceipconvents\/wp-content\/uploads\/usu2082\/2024\/11\/WhatsApp-Image-2024-11-06-at-16.06.04-1024x768.jpeg 1024w, https:\/\/agora.xtec.cat\/ceipconvents\/wp-content\/uploads\/usu2082\/2024\/11\/WhatsApp-Image-2024-11-06-at-16.06.04-768x576.jpeg 768w, https:\/\/agora.xtec.cat\/ceipconvents\/wp-content\/uploads\/usu2082\/2024\/11\/WhatsApp-Image-2024-11-06-at-16.06.04-1536x1152.jpeg 1536w, https:\/\/agora.xtec.cat\/ceipconvents\/wp-content\/uploads\/usu2082\/2024\/11\/WhatsApp-Image-2024-11-06-at-16.06.04-200x150.jpeg 200w\" sizes=\"auto, (max-width: 2000px) 100vw, 2000px\" \/><\/a><\/p>\n<p><a href=\"https:\/\/agora.xtec.cat\/ceipconvents\/wp-content\/uploads\/usu2082\/2024\/11\/WhatsApp-Image-2024-11-06-at-16.06.05.jpeg\"><img loading=\"lazy\" decoding=\"async\" class=\"alignnone wp-image-4771 size-full\" src=\"https:\/\/agora.xtec.cat\/ceipconvents\/wp-content\/uploads\/usu2082\/2024\/11\/WhatsApp-Image-2024-11-06-at-16.06.05.jpeg\" alt=\"\" width=\"2000\" height=\"1500\" srcset=\"https:\/\/agora.xtec.cat\/ceipconvents\/wp-content\/uploads\/usu2082\/2024\/11\/WhatsApp-Image-2024-11-06-at-16.06.05.jpeg 2000w, https:\/\/agora.xtec.cat\/ceipconvents\/wp-content\/uploads\/usu2082\/2024\/11\/WhatsApp-Image-2024-11-06-at-16.06.05-300x225.jpeg 300w, https:\/\/agora.xtec.cat\/ceipconvents\/wp-content\/uploads\/usu2082\/2024\/11\/WhatsApp-Image-2024-11-06-at-16.06.05-1024x768.jpeg 1024w, https:\/\/agora.xtec.cat\/ceipconvents\/wp-content\/uploads\/usu2082\/2024\/11\/WhatsApp-Image-2024-11-06-at-16.06.05-768x576.jpeg 768w, https:\/\/agora.xtec.cat\/ceipconvents\/wp-content\/uploads\/usu2082\/2024\/11\/WhatsApp-Image-2024-11-06-at-16.06.05-1536x1152.jpeg 1536w, https:\/\/agora.xtec.cat\/ceipconvents\/wp-content\/uploads\/usu2082\/2024\/11\/WhatsApp-Image-2024-11-06-at-16.06.05-200x150.jpeg 200w\" sizes=\"auto, (max-width: 2000px) 100vw, 2000px\" \/><\/a><\/p>\n<p><a href=\"https:\/\/agora.xtec.cat\/ceipconvents\/wp-content\/uploads\/usu2082\/2024\/11\/WhatsApp-Image-2024-11-06-at-16.06.04-1.jpeg\"><img loading=\"lazy\" decoding=\"async\" class=\"alignnone wp-image-4769 size-full\" src=\"https:\/\/agora.xtec.cat\/ceipconvents\/wp-content\/uploads\/usu2082\/2024\/11\/WhatsApp-Image-2024-11-06-at-16.06.04-1.jpeg\" alt=\"\" width=\"2000\" height=\"1500\" srcset=\"https:\/\/agora.xtec.cat\/ceipconvents\/wp-content\/uploads\/usu2082\/2024\/11\/WhatsApp-Image-2024-11-06-at-16.06.04-1.jpeg 2000w, https:\/\/agora.xtec.cat\/ceipconvents\/wp-content\/uploads\/usu2082\/2024\/11\/WhatsApp-Image-2024-11-06-at-16.06.04-1-300x225.jpeg 300w, https:\/\/agora.xtec.cat\/ceipconvents\/wp-content\/uploads\/usu2082\/2024\/11\/WhatsApp-Image-2024-11-06-at-16.06.04-1-1024x768.jpeg 1024w, https:\/\/agora.xtec.cat\/ceipconvents\/wp-content\/uploads\/usu2082\/2024\/11\/WhatsApp-Image-2024-11-06-at-16.06.04-1-768x576.jpeg 768w, https:\/\/agora.xtec.cat\/ceipconvents\/wp-content\/uploads\/usu2082\/2024\/11\/WhatsApp-Image-2024-11-06-at-16.06.04-1-1536x1152.jpeg 1536w, https:\/\/agora.xtec.cat\/ceipconvents\/wp-content\/uploads\/usu2082\/2024\/11\/WhatsApp-Image-2024-11-06-at-16.06.04-1-200x150.jpeg 200w\" sizes=\"auto, (max-width: 2000px) 100vw, 2000px\" \/><\/a><\/p>\n<p><a href=\"https:\/\/agora.xtec.cat\/ceipconvents\/wp-content\/uploads\/usu2082\/2024\/11\/WhatsApp-Image-2024-11-06-at-16.06.03.jpeg\"><img loading=\"lazy\" decoding=\"async\" class=\"alignnone wp-image-4768 size-full\" src=\"https:\/\/agora.xtec.cat\/ceipconvents\/wp-content\/uploads\/usu2082\/2024\/11\/WhatsApp-Image-2024-11-06-at-16.06.03.jpeg\" alt=\"\" width=\"2000\" height=\"1500\" srcset=\"https:\/\/agora.xtec.cat\/ceipconvents\/wp-content\/uploads\/usu2082\/2024\/11\/WhatsApp-Image-2024-11-06-at-16.06.03.jpeg 2000w, https:\/\/agora.xtec.cat\/ceipconvents\/wp-content\/uploads\/usu2082\/2024\/11\/WhatsApp-Image-2024-11-06-at-16.06.03-300x225.jpeg 300w, https:\/\/agora.xtec.cat\/ceipconvents\/wp-content\/uploads\/usu2082\/2024\/11\/WhatsApp-Image-2024-11-06-at-16.06.03-1024x768.jpeg 1024w, https:\/\/agora.xtec.cat\/ceipconvents\/wp-content\/uploads\/usu2082\/2024\/11\/WhatsApp-Image-2024-11-06-at-16.06.03-768x576.jpeg 768w, https:\/\/agora.xtec.cat\/ceipconvents\/wp-content\/uploads\/usu2082\/2024\/11\/WhatsApp-Image-2024-11-06-at-16.06.03-1536x1152.jpeg 1536w, https:\/\/agora.xtec.cat\/ceipconvents\/wp-content\/uploads\/usu2082\/2024\/11\/WhatsApp-Image-2024-11-06-at-16.06.03-200x150.jpeg 200w\" sizes=\"auto, (max-width: 2000px) 100vw, 2000px\" \/><\/a><\/p>\n","protected":false},"excerpt":{"rendered":"<p>DEBAT SOBRE LA IGUALTAT DE G\u00c8NERE El passat dimarts 30 d&#8217;octubre a l&#8217;hora d&#8217;assemblea vam fer el nostre primer debat sobre una q\u00fcesti\u00f3 que ens interessa a tots i totes i \u00e9s la igualtat de g\u00e8nere. Per endinsar-nos en el tema vam veure el v\u00eddeo. Aquest v\u00eddeo ens va semblar molt interessant. Despr\u00e9s vam fer [&hellip;]<\/p>\n","protected":false},"author":11,"featured_media":4768,"comment_status":"open","ping_status":"closed","sticky":false,"template":"","format":"standard","meta":{"_bbp_topic_count":0,"_bbp_reply_count":0,"_bbp_total_topic_count":0,"_bbp_total_reply_count":0,"_bbp_voice_count":0,"_bbp_anonymous_reply_count":0,"_bbp_topic_count_hidden":0,"_bbp_reply_count_hidden":0,"_bbp_forum_subforum_count":0,"site-sidebar-layout":"default","site-content-layout":"","ast-site-content-layout":"","site-content-style":"default","site-sidebar-style":"default","ast-global-header-display":"","ast-banner-title-visibility":"","ast-main-header-display":"","ast-hfb-above-header-display":"","ast-hfb-below-header-display":"","ast-hfb-mobile-header-display":"","site-post-title":"","ast-breadcrumbs-content":"","ast-featured-img":"","footer-sml-layout":"","theme-transparent-header-meta":"","adv-header-id-meta":"","stick-header-meta":"","header-above-stick-meta":"","header-main-stick-meta":"","header-below-stick-meta":"","astra-migrate-meta-layouts":"default","ast-page-background-enabled":"default","ast-page-background-meta":{"desktop":{"background-color":"var(--ast-global-color-5)","background-image":"","background-repeat":"repeat","background-position":"center center","background-size":"auto","background-attachment":"scroll","background-type":"","background-media":"","overlay-type":"","overlay-color":"","overlay-opacity":"","overlay-gradient":""},"tablet":{"background-color":"","background-image":"","background-repeat":"repeat","background-position":"center center","background-size":"auto","background-attachment":"scroll","background-type":"","background-media":"","overlay-type":"","overlay-color":"","overlay-opacity":"","overlay-gradient":""},"mobile":{"background-color":"","background-image":"","background-repeat":"repeat","background-position":"center center","background-size":"auto","background-attachment":"scroll","background-type":"","background-media":"","overlay-type":"","overlay-color":"","overlay-opacity":"","overlay-gradient":""}},"ast-content-background-meta":{"desktop":{"background-color":"var(--ast-global-color-4)","background-image":"","background-repeat":"repeat","background-position":"center center","background-size":"auto","background-attachment":"scroll","background-type":"","background-media":"","overlay-type":"","overlay-color":"","overlay-opacity":"","overlay-gradient":""},"tablet":{"background-color":"var(--ast-global-color-4)","background-image":"","background-repeat":"repeat","background-position":"center center","background-size":"auto","background-attachment":"scroll","background-type":"","background-media":"","overlay-type":"","overlay-color":"","overlay-opacity":"","overlay-gradient":""},"mobile":{"background-color":"var(--ast-global-color-4)","background-image":"","background-repeat":"repeat","background-position":"center center","background-size":"auto","background-attachment":"scroll","background-type":"","background-media":"","overlay-type":"","overlay-color":"","overlay-opacity":"","overlay-gradient":""}},"footnotes":""},"categories":[14,4],"tags":[82],"class_list":["post-4767","post","type-post","status-publish","format-standard","has-post-thumbnail","hentry","category-5e","category-portada","tag-igualtat-de-genere"],"post_mailing_queue_ids":[],"_links":{"self":[{"href":"https:\/\/agora.xtec.cat\/ceipconvents\/wp-json\/wp\/v2\/posts\/4767","targetHints":{"allow":["GET"]}}],"collection":[{"href":"https:\/\/agora.xtec.cat\/ceipconvents\/wp-json\/wp\/v2\/posts"}],"about":[{"href":"https:\/\/agora.xtec.cat\/ceipconvents\/wp-json\/wp\/v2\/types\/post"}],"author":[{"embeddable":true,"href":"https:\/\/agora.xtec.cat\/ceipconvents\/wp-json\/wp\/v2\/users\/11"}],"replies":[{"embeddable":true,"href":"https:\/\/agora.xtec.cat\/ceipconvents\/wp-json\/wp\/v2\/comments?post=4767"}],"version-history":[{"count":3,"href":"https:\/\/agora.xtec.cat\/ceipconvents\/wp-json\/wp\/v2\/posts\/4767\/revisions"}],"predecessor-version":[{"id":4775,"href":"https:\/\/agora.xtec.cat\/ceipconvents\/wp-json\/wp\/v2\/posts\/4767\/revisions\/4775"}],"wp:featuredmedia":[{"embeddable":true,"href":"https:\/\/agora.xtec.cat\/ceipconvents\/wp-json\/wp\/v2\/media\/4768"}],"wp:attachment":[{"href":"https:\/\/agora.xtec.cat\/ceipconvents\/wp-json\/wp\/v2\/media?parent=4767"}],"wp:term":[{"taxonomy":"category","embeddable":true,"href":"https:\/\/agora.xtec.cat\/ceipconvents\/wp-json\/wp\/v2\/categories?post=4767"},{"taxonomy":"post_tag","embeddable":true,"href":"https:\/\/agora.xtec.cat\/ceipconvents\/wp-json\/wp\/v2\/tags?post=4767"}],"curies":[{"name":"wp","href":"https:\/\/api.w.org\/{rel}","templated":true}]}}