{"id":4604,"date":"2024-09-26T19:06:58","date_gmt":"2024-09-26T17:06:58","guid":{"rendered":"https:\/\/agora.xtec.cat\/ceipconvents\/?p=4604"},"modified":"2024-09-26T19:08:25","modified_gmt":"2024-09-26T17:08:25","slug":"primer-berenar-de-6e-2","status":"publish","type":"post","link":"https:\/\/agora.xtec.cat\/ceipconvents\/general\/primer-berenar-de-6e-2\/","title":{"rendered":"Primer berenar de 6\u00e8"},"content":{"rendered":"<p>Els alumnes de 6\u00e8 han preparat un berenar per dem\u00e0<strong style=\"font-family: inherit; font-size: 1em;\"> divendres 27 de setembre<\/strong> <span style=\"font-family: inherit; font-size: 1em;\">per a totes les fam\u00edlies de l&#8217;escola Els Convents.<\/span><\/p>\n<div>\n<p>El preu \u00e9s: 1\u20ac el menjar i 0,50\u20ac la beguda.<\/p>\n<p>Esperem que vingueu i gaudiu del nostre dia especial que han preparat per vosaltres.<\/p>\n<p><a href=\"https:\/\/agora.xtec.cat\/ceipconvents\/wp-content\/uploads\/usu2082\/2024\/09\/6e-rotated.jpg\"><img loading=\"lazy\" decoding=\"async\" class=\"alignleft size-full wp-image-4606\" src=\"https:\/\/agora.xtec.cat\/ceipconvents\/wp-content\/uploads\/usu2082\/2024\/09\/6e-rotated.jpg\" alt=\"\" width=\"646\" height=\"918\" srcset=\"https:\/\/agora.xtec.cat\/ceipconvents\/wp-content\/uploads\/usu2082\/2024\/09\/6e-rotated.jpg 646w, https:\/\/agora.xtec.cat\/ceipconvents\/wp-content\/uploads\/usu2082\/2024\/09\/6e-211x300.jpg 211w\" sizes=\"auto, (max-width: 646px) 100vw, 646px\" \/><\/a><\/p>\n<div style=\"width: 1920px;\" class=\"wp-video\"><!--[if lt IE 9]><script>document.createElement('video');<\/script><![endif]-->\n<video class=\"wp-video-shortcode\" id=\"video-4604-1\" width=\"1920\" height=\"1080\" autoplay=\"1\" preload=\"metadata\" controls=\"controls\"><source type=\"video\/mp4\" src=\"https:\/\/agora.xtec.cat\/ceipconvents\/wp-content\/uploads\/usu2082\/2024\/09\/VID_20240920_101200.mp4?_=1\" \/><a href=\"https:\/\/agora.xtec.cat\/ceipconvents\/wp-content\/uploads\/usu2082\/2024\/09\/VID_20240920_101200.mp4\">https:\/\/agora.xtec.cat\/ceipconvents\/wp-content\/uploads\/usu2082\/2024\/09\/VID_20240920_101200.mp4<\/a><\/video><\/div>\n<p>&nbsp;<\/p>\n<\/div>\n","protected":false},"excerpt":{"rendered":"<p>Els alumnes de 6\u00e8 han preparat un berenar per dem\u00e0 divendres 27 de setembre per a totes les fam\u00edlies de l&#8217;escola Els Convents. El preu \u00e9s: 1\u20ac el menjar i 0,50\u20ac la beguda. Esperem que vingueu i gaudiu del nostre dia especial que han preparat per vosaltres. &nbsp;<\/p>\n","protected":false},"author":1,"featured_media":4606,"comment_status":"open","ping_status":"closed","sticky":false,"template":"","format":"standard","meta":{"_bbp_topic_count":0,"_bbp_reply_count":0,"_bbp_total_topic_count":0,"_bbp_total_reply_count":0,"_bbp_voice_count":0,"_bbp_anonymous_reply_count":0,"_bbp_topic_count_hidden":0,"_bbp_reply_count_hidden":0,"_bbp_forum_subforum_count":0,"site-sidebar-layout":"default","site-content-layout":"","ast-site-content-layout":"","site-content-style":"default","site-sidebar-style":"default","ast-global-header-display":"","ast-banner-title-visibility":"","ast-main-header-display":"","ast-hfb-above-header-display":"","ast-hfb-below-header-display":"","ast-hfb-mobile-header-display":"","site-post-title":"","ast-breadcrumbs-content":"","ast-featured-img":"","footer-sml-layout":"","theme-transparent-header-meta":"","adv-header-id-meta":"","stick-header-meta":"","header-above-stick-meta":"","header-main-stick-meta":"","header-below-stick-meta":"","astra-migrate-meta-layouts":"default","ast-page-background-enabled":"default","ast-page-background-meta":{"desktop":{"background-color":"var(--ast-global-color-5)","background-image":"","background-repeat":"repeat","background-position":"center center","background-size":"auto","background-attachment":"scroll","background-type":"","background-media":"","overlay-type":"","overlay-color":"","overlay-opacity":"","overlay-gradient":""},"tablet":{"background-color":"","background-image":"","background-repeat":"repeat","background-position":"center center","background-size":"auto","background-attachment":"scroll","background-type":"","background-media":"","overlay-type":"","overlay-color":"","overlay-opacity":"","overlay-gradient":""},"mobile":{"background-color":"","background-image":"","background-repeat":"repeat","background-position":"center center","background-size":"auto","background-attachment":"scroll","background-type":"","background-media":"","overlay-type":"","overlay-color":"","overlay-opacity":"","overlay-gradient":""}},"ast-content-background-meta":{"desktop":{"background-color":"var(--ast-global-color-4)","background-image":"","background-repeat":"repeat","background-position":"center center","background-size":"auto","background-attachment":"scroll","background-type":"","background-media":"","overlay-type":"","overlay-color":"","overlay-opacity":"","overlay-gradient":""},"tablet":{"background-color":"var(--ast-global-color-4)","background-image":"","background-repeat":"repeat","background-position":"center center","background-size":"auto","background-attachment":"scroll","background-type":"","background-media":"","overlay-type":"","overlay-color":"","overlay-opacity":"","overlay-gradient":""},"mobile":{"background-color":"var(--ast-global-color-4)","background-image":"","background-repeat":"repeat","background-position":"center center","background-size":"auto","background-attachment":"scroll","background-type":"","background-media":"","overlay-type":"","overlay-color":"","overlay-opacity":"","overlay-gradient":""}},"footnotes":""},"categories":[15,1,4],"tags":[],"class_list":["post-4604","post","type-post","status-publish","format-standard","has-post-thumbnail","hentry","category-6e","category-general","category-portada"],"post_mailing_queue_ids":[],"_links":{"self":[{"href":"https:\/\/agora.xtec.cat\/ceipconvents\/wp-json\/wp\/v2\/posts\/4604","targetHints":{"allow":["GET"]}}],"collection":[{"href":"https:\/\/agora.xtec.cat\/ceipconvents\/wp-json\/wp\/v2\/posts"}],"about":[{"href":"https:\/\/agora.xtec.cat\/ceipconvents\/wp-json\/wp\/v2\/types\/post"}],"author":[{"embeddable":true,"href":"https:\/\/agora.xtec.cat\/ceipconvents\/wp-json\/wp\/v2\/users\/1"}],"replies":[{"embeddable":true,"href":"https:\/\/agora.xtec.cat\/ceipconvents\/wp-json\/wp\/v2\/comments?post=4604"}],"version-history":[{"count":3,"href":"https:\/\/agora.xtec.cat\/ceipconvents\/wp-json\/wp\/v2\/posts\/4604\/revisions"}],"predecessor-version":[{"id":4610,"href":"https:\/\/agora.xtec.cat\/ceipconvents\/wp-json\/wp\/v2\/posts\/4604\/revisions\/4610"}],"wp:featuredmedia":[{"embeddable":true,"href":"https:\/\/agora.xtec.cat\/ceipconvents\/wp-json\/wp\/v2\/media\/4606"}],"wp:attachment":[{"href":"https:\/\/agora.xtec.cat\/ceipconvents\/wp-json\/wp\/v2\/media?parent=4604"}],"wp:term":[{"taxonomy":"category","embeddable":true,"href":"https:\/\/agora.xtec.cat\/ceipconvents\/wp-json\/wp\/v2\/categories?post=4604"},{"taxonomy":"post_tag","embeddable":true,"href":"https:\/\/agora.xtec.cat\/ceipconvents\/wp-json\/wp\/v2\/tags?post=4604"}],"curies":[{"name":"wp","href":"https:\/\/api.w.org\/{rel}","templated":true}]}}