{"id":3767,"date":"2022-05-09T11:55:52","date_gmt":"2022-05-09T09:55:52","guid":{"rendered":"https:\/\/agora.xtec.cat\/ceipconvents\/?p=3767"},"modified":"2022-05-16T11:25:31","modified_gmt":"2022-05-16T09:25:31","slug":"salo-del-comic-cs","status":"publish","type":"post","link":"https:\/\/agora.xtec.cat\/ceipconvents\/general\/salo-del-comic-cs\/","title":{"rendered":"Sal\u00f3 del C\u00f2mic CS"},"content":{"rendered":"<p style=\"text-align: left;\">Hola fam\u00edlies! El passat divendres els nois i noies de 5\u00e8 i 6\u00e8 vam anar de sortida al Sal\u00f3 del C\u00f2mic. Ha estat una experi\u00e8ncia genial! Aquesta vegada hem anat amb el tren fins a pla\u00e7a Espanya i un cop esmorzats hem entrat al recinte del Sal\u00f3 del C\u00f2mic, d&#8217;on no vol\u00edem marxar! Hem vist molts artistes fent il\u00b7lustracions molt maques, exposicions de les seves obres i paradetes on hem pogut comprar llibres, figures dels nostres personatges preferits, p\u00f2sters, xapes&#8230; Tamb\u00e9 hem fet un taller d&#8217;entreteniments on alguns i algunes de nosaltres hem pogut guanyar alguns premis per <span class=\"hiddenGrammarError\">lo<\/span> b\u00e9 que ho hem fet i fins i tot hem pogut jugar a diferents videojocs. Hem acabat molt cansats i cansades, per\u00f2 repetir\u00edem sens dubte! Us deixem algunes <a href=\"https:\/\/drive.google.com\/drive\/folders\/13QxwyVtV0-mCZXDwP6uCyrGPcw2ocY_l?usp=sharing\">fotografies<\/a> del nostre dia al Sal\u00f3 del C\u00f2mic. <a href=\"https:\/\/drive.google.com\/drive\/folders\/13QxwyVtV0-mCZXDwP6uCyrGPcw2ocY_l?usp=sharing\"><img loading=\"lazy\" decoding=\"async\" class=\"wp-image-3768 aligncenter\" src=\"https:\/\/agora.xtec.cat\/ceipconvents\/wp-content\/uploads\/usu2082\/2022\/05\/20220506_104104-768x1024.jpg\" alt=\"\" width=\"289\" height=\"385\" srcset=\"https:\/\/agora.xtec.cat\/ceipconvents\/wp-content\/uploads\/usu2082\/2022\/05\/20220506_104104-768x1024.jpg 768w, https:\/\/agora.xtec.cat\/ceipconvents\/wp-content\/uploads\/usu2082\/2022\/05\/20220506_104104-225x300.jpg 225w, https:\/\/agora.xtec.cat\/ceipconvents\/wp-content\/uploads\/usu2082\/2022\/05\/20220506_104104-1152x1536.jpg 1152w, https:\/\/agora.xtec.cat\/ceipconvents\/wp-content\/uploads\/usu2082\/2022\/05\/20220506_104104-rotated.jpg 1224w\" sizes=\"auto, (max-width: 289px) 100vw, 289px\" \/><\/a><\/p>\n","protected":false},"excerpt":{"rendered":"<p>Hola fam\u00edlies! El passat divendres els nois i noies de 5\u00e8 i 6\u00e8 vam anar de sortida al Sal\u00f3 del C\u00f2mic. Ha estat una experi\u00e8ncia genial! Aquesta vegada hem anat amb el tren fins a pla\u00e7a Espanya i un cop esmorzats hem entrat al recinte del Sal\u00f3 del C\u00f2mic, d&#8217;on no vol\u00edem marxar! Hem vist [&hellip;]<\/p>\n","protected":false},"author":11,"featured_media":0,"comment_status":"open","ping_status":"closed","sticky":false,"template":"","format":"standard","meta":{"_bbp_topic_count":0,"_bbp_reply_count":0,"_bbp_total_topic_count":0,"_bbp_total_reply_count":0,"_bbp_voice_count":0,"_bbp_anonymous_reply_count":0,"_bbp_topic_count_hidden":0,"_bbp_reply_count_hidden":0,"_bbp_forum_subforum_count":0,"site-sidebar-layout":"default","site-content-layout":"","ast-site-content-layout":"","site-content-style":"default","site-sidebar-style":"default","ast-global-header-display":"","ast-banner-title-visibility":"","ast-main-header-display":"","ast-hfb-above-header-display":"","ast-hfb-below-header-display":"","ast-hfb-mobile-header-display":"","site-post-title":"","ast-breadcrumbs-content":"","ast-featured-img":"","footer-sml-layout":"","theme-transparent-header-meta":"","adv-header-id-meta":"","stick-header-meta":"","header-above-stick-meta":"","header-main-stick-meta":"","header-below-stick-meta":"","astra-migrate-meta-layouts":"default","ast-page-background-enabled":"default","ast-page-background-meta":{"desktop":{"background-color":"var(--ast-global-color-5)","background-image":"","background-repeat":"repeat","background-position":"center center","background-size":"auto","background-attachment":"scroll","background-type":"","background-media":"","overlay-type":"","overlay-color":"","overlay-opacity":"","overlay-gradient":""},"tablet":{"background-color":"","background-image":"","background-repeat":"repeat","background-position":"center center","background-size":"auto","background-attachment":"scroll","background-type":"","background-media":"","overlay-type":"","overlay-color":"","overlay-opacity":"","overlay-gradient":""},"mobile":{"background-color":"","background-image":"","background-repeat":"repeat","background-position":"center center","background-size":"auto","background-attachment":"scroll","background-type":"","background-media":"","overlay-type":"","overlay-color":"","overlay-opacity":"","overlay-gradient":""}},"ast-content-background-meta":{"desktop":{"background-color":"var(--ast-global-color-4)","background-image":"","background-repeat":"repeat","background-position":"center center","background-size":"auto","background-attachment":"scroll","background-type":"","background-media":"","overlay-type":"","overlay-color":"","overlay-opacity":"","overlay-gradient":""},"tablet":{"background-color":"var(--ast-global-color-4)","background-image":"","background-repeat":"repeat","background-position":"center center","background-size":"auto","background-attachment":"scroll","background-type":"","background-media":"","overlay-type":"","overlay-color":"","overlay-opacity":"","overlay-gradient":""},"mobile":{"background-color":"var(--ast-global-color-4)","background-image":"","background-repeat":"repeat","background-position":"center center","background-size":"auto","background-attachment":"scroll","background-type":"","background-media":"","overlay-type":"","overlay-color":"","overlay-opacity":"","overlay-gradient":""}},"footnotes":""},"categories":[14,15,1,4,5],"tags":[],"class_list":["post-3767","post","type-post","status-publish","format-standard","hentry","category-5e","category-6e","category-general","category-portada","category-primaria"],"post_mailing_queue_ids":[],"_links":{"self":[{"href":"https:\/\/agora.xtec.cat\/ceipconvents\/wp-json\/wp\/v2\/posts\/3767","targetHints":{"allow":["GET"]}}],"collection":[{"href":"https:\/\/agora.xtec.cat\/ceipconvents\/wp-json\/wp\/v2\/posts"}],"about":[{"href":"https:\/\/agora.xtec.cat\/ceipconvents\/wp-json\/wp\/v2\/types\/post"}],"author":[{"embeddable":true,"href":"https:\/\/agora.xtec.cat\/ceipconvents\/wp-json\/wp\/v2\/users\/11"}],"replies":[{"embeddable":true,"href":"https:\/\/agora.xtec.cat\/ceipconvents\/wp-json\/wp\/v2\/comments?post=3767"}],"version-history":[{"count":3,"href":"https:\/\/agora.xtec.cat\/ceipconvents\/wp-json\/wp\/v2\/posts\/3767\/revisions"}],"predecessor-version":[{"id":3806,"href":"https:\/\/agora.xtec.cat\/ceipconvents\/wp-json\/wp\/v2\/posts\/3767\/revisions\/3806"}],"wp:attachment":[{"href":"https:\/\/agora.xtec.cat\/ceipconvents\/wp-json\/wp\/v2\/media?parent=3767"}],"wp:term":[{"taxonomy":"category","embeddable":true,"href":"https:\/\/agora.xtec.cat\/ceipconvents\/wp-json\/wp\/v2\/categories?post=3767"},{"taxonomy":"post_tag","embeddable":true,"href":"https:\/\/agora.xtec.cat\/ceipconvents\/wp-json\/wp\/v2\/tags?post=3767"}],"curies":[{"name":"wp","href":"https:\/\/api.w.org\/{rel}","templated":true}]}}