{"id":3766,"date":"2022-05-11T15:56:48","date_gmt":"2022-05-11T13:56:48","guid":{"rendered":"https:\/\/agora.xtec.cat\/ceipconvents\/?p=3766"},"modified":"2022-05-11T15:59:00","modified_gmt":"2022-05-11T13:59:00","slug":"psicomotricitat-sensorial-a-p3","status":"publish","type":"post","link":"https:\/\/agora.xtec.cat\/ceipconvents\/general\/psicomotricitat-sensorial-a-p3\/","title":{"rendered":"Psicomotricitat sensorial a p3"},"content":{"rendered":"<p>A p3 hem fet una sessi\u00f3 de psicomotricitat molt especial. Hem tocat, manipulat, sentit, gaudit &#8230; amb papers!<\/p>\n<p>Diferents textures, formes i mides ens han ajudat a tenir coneixement del nostre cos i les seves possibilitats.<\/p>\n<p>Despr\u00e9s de tot &#8230; tamb\u00e9 hem recollit i hem gaudit de l&#8217;organitzaci\u00f3 ,ordre\u00a0 i neteja que requereix el fer una activitat com aquesta.<\/p>\n<p>Us deixem un video per a que us feu una idea.<\/p>\n<p>cliqueu aqu\u00ed per veure el<a href=\"https:\/\/drive.google.com\/file\/d\/1cpxxWx2pTiw7S3AWiIEpxbmRSwb8CdCI\/view?usp=sharing\"> v\u00eddeo\u00a0<\/a><\/p>\n<p>&nbsp;<\/p>\n<p><a href=\"https:\/\/agora.xtec.cat\/ceipconvents\/wp-content\/uploads\/usu2082\/2022\/05\/Foto-de-Zulma-2-min.jpg\"><img loading=\"lazy\" decoding=\"async\" class=\"alignnone wp-image-3789\" src=\"https:\/\/agora.xtec.cat\/ceipconvents\/wp-content\/uploads\/usu2082\/2022\/05\/Foto-de-Zulma-2-min-300x139.jpg\" alt=\"\" width=\"490\" height=\"227\" srcset=\"https:\/\/agora.xtec.cat\/ceipconvents\/wp-content\/uploads\/usu2082\/2022\/05\/Foto-de-Zulma-2-min-300x139.jpg 300w, https:\/\/agora.xtec.cat\/ceipconvents\/wp-content\/uploads\/usu2082\/2022\/05\/Foto-de-Zulma-2-min-1024x473.jpg 1024w, https:\/\/agora.xtec.cat\/ceipconvents\/wp-content\/uploads\/usu2082\/2022\/05\/Foto-de-Zulma-2-min-768x355.jpg 768w, https:\/\/agora.xtec.cat\/ceipconvents\/wp-content\/uploads\/usu2082\/2022\/05\/Foto-de-Zulma-2-min-1536x709.jpg 1536w, https:\/\/agora.xtec.cat\/ceipconvents\/wp-content\/uploads\/usu2082\/2022\/05\/Foto-de-Zulma-2-min.jpg 1600w\" sizes=\"auto, (max-width: 490px) 100vw, 490px\" \/><\/a><\/p>\n<p>&nbsp;<\/p>\n","protected":false},"excerpt":{"rendered":"<p>A p3 hem fet una sessi\u00f3 de psicomotricitat molt especial. Hem tocat, manipulat, sentit, gaudit &#8230; amb papers! Diferents textures, formes i mides ens han ajudat a tenir coneixement del nostre cos i les seves possibilitats. Despr\u00e9s de tot &#8230; tamb\u00e9 hem recollit i hem gaudit de l&#8217;organitzaci\u00f3 ,ordre\u00a0 i neteja que requereix el fer [&hellip;]<\/p>\n","protected":false},"author":6,"featured_media":3788,"comment_status":"open","ping_status":"closed","sticky":false,"template":"","format":"standard","meta":{"_bbp_topic_count":0,"_bbp_reply_count":0,"_bbp_total_topic_count":0,"_bbp_total_reply_count":0,"_bbp_voice_count":0,"_bbp_anonymous_reply_count":0,"_bbp_topic_count_hidden":0,"_bbp_reply_count_hidden":0,"_bbp_forum_subforum_count":0,"site-sidebar-layout":"default","site-content-layout":"","ast-site-content-layout":"","site-content-style":"default","site-sidebar-style":"default","ast-global-header-display":"","ast-banner-title-visibility":"","ast-main-header-display":"","ast-hfb-above-header-display":"","ast-hfb-below-header-display":"","ast-hfb-mobile-header-display":"","site-post-title":"","ast-breadcrumbs-content":"","ast-featured-img":"","footer-sml-layout":"","theme-transparent-header-meta":"","adv-header-id-meta":"","stick-header-meta":"","header-above-stick-meta":"","header-main-stick-meta":"","header-below-stick-meta":"","astra-migrate-meta-layouts":"default","ast-page-background-enabled":"default","ast-page-background-meta":{"desktop":{"background-color":"var(--ast-global-color-5)","background-image":"","background-repeat":"repeat","background-position":"center center","background-size":"auto","background-attachment":"scroll","background-type":"","background-media":"","overlay-type":"","overlay-color":"","overlay-opacity":"","overlay-gradient":""},"tablet":{"background-color":"","background-image":"","background-repeat":"repeat","background-position":"center center","background-size":"auto","background-attachment":"scroll","background-type":"","background-media":"","overlay-type":"","overlay-color":"","overlay-opacity":"","overlay-gradient":""},"mobile":{"background-color":"","background-image":"","background-repeat":"repeat","background-position":"center center","background-size":"auto","background-attachment":"scroll","background-type":"","background-media":"","overlay-type":"","overlay-color":"","overlay-opacity":"","overlay-gradient":""}},"ast-content-background-meta":{"desktop":{"background-color":"var(--ast-global-color-4)","background-image":"","background-repeat":"repeat","background-position":"center center","background-size":"auto","background-attachment":"scroll","background-type":"","background-media":"","overlay-type":"","overlay-color":"","overlay-opacity":"","overlay-gradient":""},"tablet":{"background-color":"var(--ast-global-color-4)","background-image":"","background-repeat":"repeat","background-position":"center center","background-size":"auto","background-attachment":"scroll","background-type":"","background-media":"","overlay-type":"","overlay-color":"","overlay-opacity":"","overlay-gradient":""},"mobile":{"background-color":"var(--ast-global-color-4)","background-image":"","background-repeat":"repeat","background-position":"center center","background-size":"auto","background-attachment":"scroll","background-type":"","background-media":"","overlay-type":"","overlay-color":"","overlay-opacity":"","overlay-gradient":""}},"footnotes":""},"categories":[1,3,2,4],"tags":[],"class_list":["post-3766","post","type-post","status-publish","format-standard","has-post-thumbnail","hentry","category-general","category-i3","category-infantil","category-portada"],"post_mailing_queue_ids":[],"_links":{"self":[{"href":"https:\/\/agora.xtec.cat\/ceipconvents\/wp-json\/wp\/v2\/posts\/3766","targetHints":{"allow":["GET"]}}],"collection":[{"href":"https:\/\/agora.xtec.cat\/ceipconvents\/wp-json\/wp\/v2\/posts"}],"about":[{"href":"https:\/\/agora.xtec.cat\/ceipconvents\/wp-json\/wp\/v2\/types\/post"}],"author":[{"embeddable":true,"href":"https:\/\/agora.xtec.cat\/ceipconvents\/wp-json\/wp\/v2\/users\/6"}],"replies":[{"embeddable":true,"href":"https:\/\/agora.xtec.cat\/ceipconvents\/wp-json\/wp\/v2\/comments?post=3766"}],"version-history":[{"count":3,"href":"https:\/\/agora.xtec.cat\/ceipconvents\/wp-json\/wp\/v2\/posts\/3766\/revisions"}],"predecessor-version":[{"id":3790,"href":"https:\/\/agora.xtec.cat\/ceipconvents\/wp-json\/wp\/v2\/posts\/3766\/revisions\/3790"}],"wp:featuredmedia":[{"embeddable":true,"href":"https:\/\/agora.xtec.cat\/ceipconvents\/wp-json\/wp\/v2\/media\/3788"}],"wp:attachment":[{"href":"https:\/\/agora.xtec.cat\/ceipconvents\/wp-json\/wp\/v2\/media?parent=3766"}],"wp:term":[{"taxonomy":"category","embeddable":true,"href":"https:\/\/agora.xtec.cat\/ceipconvents\/wp-json\/wp\/v2\/categories?post=3766"},{"taxonomy":"post_tag","embeddable":true,"href":"https:\/\/agora.xtec.cat\/ceipconvents\/wp-json\/wp\/v2\/tags?post=3766"}],"curies":[{"name":"wp","href":"https:\/\/api.w.org\/{rel}","templated":true}]}}