{"id":1401,"date":"2021-02-07T15:39:00","date_gmt":"2021-02-07T14:39:00","guid":{"rendered":"https:\/\/agora.xtec.cat\/ceipconvents\/?p=1401"},"modified":"2021-02-13T15:30:23","modified_gmt":"2021-02-13T14:30:23","slug":"introduim-lhivern","status":"publish","type":"post","link":"https:\/\/agora.xtec.cat\/ceipconvents\/general\/introduim-lhivern\/","title":{"rendered":"Introdu\u00efm l&#8217;hivern"},"content":{"rendered":"<h2 style=\"text-align: center\">A P3 INTRODU\u00cfM L&#8217;HIVERN I HO FEM VIVENCIAL<\/h2>\n<p><iframe loading=\"lazy\" src=\"\/\/giphy.com\/embed\/XcsdCc78BtNBu\" width=\"480\" height=\"317\" frameborder=\"0\"><\/iframe><\/p>\n<p>A la classe de p3, hem introdu\u00eft l&#8217;hivern, la millor manera de comen\u00e7ar es buscant la difer\u00e8ncia entre fred i calent, per a poder entendre com es el fred. Tamb\u00e9 hem parlat quins son els colors que representen i envolten l&#8217;hivern.<\/p>\n<p>Tot seguit ens hem introdu\u00eft en un seguit de racons per a poder gaudir d&#8217;un dia intens de fred.<\/p>\n<p>Hem realitzat un mural amb ceres de colors freds (Blau, gris, blanc, lila), hem fet pintura lliure amb els colors de l&#8217;hivern, hem fet mandales amb peces de colors d&#8217;hivern, hem pintat amb colors de l`hivern, per\u00f2 congelats!!, hem descobert nous materials de retoladors, per\u00f2 nom\u00e9s de colors freds i sobretot sense oblidar el nostre mini m\u00f3n de l&#8217;hivern. Hem gaudit molt\u00edssim d&#8217;aquets dia<\/p>\n<div style=\"width: 378px;\" class=\"wp-video\"><!--[if lt IE 9]><script>document.createElement('video');<\/script><![endif]-->\n<video class=\"wp-video-shortcode\" id=\"video-1401-1\" width=\"378\" height=\"212\" preload=\"metadata\" controls=\"controls\"><source type=\"video\/mp4\" src=\"https:\/\/agora.xtec.cat\/ceipconvents\/wp-content\/uploads\/usu2082\/2021\/02\/Introdu\u00efm-lhivern2.mp4?_=1\" \/><a href=\"https:\/\/agora.xtec.cat\/ceipconvents\/wp-content\/uploads\/usu2082\/2021\/02\/Introdu\u00efm-lhivern2.mp4\">https:\/\/agora.xtec.cat\/ceipconvents\/wp-content\/uploads\/usu2082\/2021\/02\/Introdu\u00efm-lhivern2.mp4<\/a><\/video><\/div>\n","protected":false},"excerpt":{"rendered":"<p>A P3 INTRODU\u00cfM L&#8217;HIVERN I HO FEM VIVENCIAL A la classe de p3, hem introdu\u00eft l&#8217;hivern, la millor manera de comen\u00e7ar es buscant la difer\u00e8ncia entre fred i calent, per a poder entendre com es el fred. Tamb\u00e9 hem parlat quins son els colors que representen i envolten l&#8217;hivern. Tot seguit ens hem introdu\u00eft en [&hellip;]<\/p>\n","protected":false},"author":6,"featured_media":1418,"comment_status":"open","ping_status":"closed","sticky":false,"template":"","format":"standard","meta":{"_bbp_topic_count":0,"_bbp_reply_count":0,"_bbp_total_topic_count":0,"_bbp_total_reply_count":0,"_bbp_voice_count":0,"_bbp_anonymous_reply_count":0,"_bbp_topic_count_hidden":0,"_bbp_reply_count_hidden":0,"_bbp_forum_subforum_count":0,"site-sidebar-layout":"default","site-content-layout":"","ast-site-content-layout":"","site-content-style":"default","site-sidebar-style":"default","ast-global-header-display":"","ast-banner-title-visibility":"","ast-main-header-display":"","ast-hfb-above-header-display":"","ast-hfb-below-header-display":"","ast-hfb-mobile-header-display":"","site-post-title":"","ast-breadcrumbs-content":"","ast-featured-img":"","footer-sml-layout":"","theme-transparent-header-meta":"","adv-header-id-meta":"","stick-header-meta":"","header-above-stick-meta":"","header-main-stick-meta":"","header-below-stick-meta":"","astra-migrate-meta-layouts":"default","ast-page-background-enabled":"default","ast-page-background-meta":{"desktop":{"background-color":"var(--ast-global-color-5)","background-image":"","background-repeat":"repeat","background-position":"center center","background-size":"auto","background-attachment":"scroll","background-type":"","background-media":"","overlay-type":"","overlay-color":"","overlay-opacity":"","overlay-gradient":""},"tablet":{"background-color":"","background-image":"","background-repeat":"repeat","background-position":"center center","background-size":"auto","background-attachment":"scroll","background-type":"","background-media":"","overlay-type":"","overlay-color":"","overlay-opacity":"","overlay-gradient":""},"mobile":{"background-color":"","background-image":"","background-repeat":"repeat","background-position":"center center","background-size":"auto","background-attachment":"scroll","background-type":"","background-media":"","overlay-type":"","overlay-color":"","overlay-opacity":"","overlay-gradient":""}},"ast-content-background-meta":{"desktop":{"background-color":"var(--ast-global-color-4)","background-image":"","background-repeat":"repeat","background-position":"center center","background-size":"auto","background-attachment":"scroll","background-type":"","background-media":"","overlay-type":"","overlay-color":"","overlay-opacity":"","overlay-gradient":""},"tablet":{"background-color":"var(--ast-global-color-4)","background-image":"","background-repeat":"repeat","background-position":"center center","background-size":"auto","background-attachment":"scroll","background-type":"","background-media":"","overlay-type":"","overlay-color":"","overlay-opacity":"","overlay-gradient":""},"mobile":{"background-color":"var(--ast-global-color-4)","background-image":"","background-repeat":"repeat","background-position":"center center","background-size":"auto","background-attachment":"scroll","background-type":"","background-media":"","overlay-type":"","overlay-color":"","overlay-opacity":"","overlay-gradient":""}},"footnotes":""},"categories":[1,3,2,4],"tags":[],"class_list":["post-1401","post","type-post","status-publish","format-standard","has-post-thumbnail","hentry","category-general","category-i3","category-infantil","category-portada"],"post_mailing_queue_ids":[],"_links":{"self":[{"href":"https:\/\/agora.xtec.cat\/ceipconvents\/wp-json\/wp\/v2\/posts\/1401","targetHints":{"allow":["GET"]}}],"collection":[{"href":"https:\/\/agora.xtec.cat\/ceipconvents\/wp-json\/wp\/v2\/posts"}],"about":[{"href":"https:\/\/agora.xtec.cat\/ceipconvents\/wp-json\/wp\/v2\/types\/post"}],"author":[{"embeddable":true,"href":"https:\/\/agora.xtec.cat\/ceipconvents\/wp-json\/wp\/v2\/users\/6"}],"replies":[{"embeddable":true,"href":"https:\/\/agora.xtec.cat\/ceipconvents\/wp-json\/wp\/v2\/comments?post=1401"}],"version-history":[{"count":1,"href":"https:\/\/agora.xtec.cat\/ceipconvents\/wp-json\/wp\/v2\/posts\/1401\/revisions"}],"predecessor-version":[{"id":1403,"href":"https:\/\/agora.xtec.cat\/ceipconvents\/wp-json\/wp\/v2\/posts\/1401\/revisions\/1403"}],"wp:featuredmedia":[{"embeddable":true,"href":"https:\/\/agora.xtec.cat\/ceipconvents\/wp-json\/wp\/v2\/media\/1418"}],"wp:attachment":[{"href":"https:\/\/agora.xtec.cat\/ceipconvents\/wp-json\/wp\/v2\/media?parent=1401"}],"wp:term":[{"taxonomy":"category","embeddable":true,"href":"https:\/\/agora.xtec.cat\/ceipconvents\/wp-json\/wp\/v2\/categories?post=1401"},{"taxonomy":"post_tag","embeddable":true,"href":"https:\/\/agora.xtec.cat\/ceipconvents\/wp-json\/wp\/v2\/tags?post=1401"}],"curies":[{"name":"wp","href":"https:\/\/api.w.org\/{rel}","templated":true}]}}