{"id":1327,"date":"2020-12-23T20:53:11","date_gmt":"2020-12-23T19:53:11","guid":{"rendered":"https:\/\/agora.xtec.cat\/ceipconvents\/?p=1327"},"modified":"2020-12-23T20:53:11","modified_gmt":"2020-12-23T19:53:11","slug":"els-elefants-i-el-bosc-de-p5","status":"publish","type":"post","link":"https:\/\/agora.xtec.cat\/ceipconvents\/portada\/els-elefants-i-el-bosc-de-p5\/","title":{"rendered":"ELS ELEFANTS I EL BOSC DE P5"},"content":{"rendered":"<p>Aquest primer trimestre hem fet dos projectes que han tingut els nens i nenes molt engrescats. Els elefants i el bosc.<\/p>\n<div dir=\"auto\"><\/div>\n<div dir=\"auto\">Els elefants han tingut inter\u00e8s per aquest animal i ha estat una mica mes senzill perqu\u00e8 era molt m\u00e9s concret.<\/div>\n<div dir=\"auto\"><\/div>\n<div dir=\"auto\"><\/div>\n<div dir=\"auto\">Els nens i nenes del grup del bosc volien saber molt\u00edssimes coses i vam haver de fer una tasca de concreci\u00f3, fins i tot d&#8217;acceptar que hi havia preguntes molt dif\u00edcils de contestar. Finalment vam decidir treballar per parelles alguns aimals del bosc perqu\u00e8 no podiem investigar les peguntes sobre tots els animals. Ens vam adonar que tots dormien, menjaven i feien coses de maneres diferents.<\/div>\n<div dir=\"auto\"><\/div>\n<div dir=\"auto\"><\/div>\n<div dir=\"auto\">Tots dos grups hem apr\u00e9s a fer preguntes i a buscar la informaci\u00f3 de les respostes a llibres, videos, internet, fotos&#8230; decidint qu\u00e8 ens servia per contestar les q\u00fcestions fetes i qu\u00e8 no.<\/div>\n<div dir=\"auto\"><\/div>\n<div dir=\"auto\"><\/div>\n<div dir=\"auto\">Amb aquests documentals us volem explicar d&#8217;una manera molt informal pero motivadora el que hem apr\u00e9s.<\/div>\n<div dir=\"auto\"><\/div>\n<div dir=\"auto\"><\/div>\n<div dir=\"auto\"><\/div>\n<div dir=\"auto\">En aquest<strong> <a href=\"https:\/\/drive.google.com\/file\/d\/1Y1-VAL8Qnzjre4tWZlB-s4ndecmiCioi\/view?usp=sharing\">enlla\u00e7<\/a><\/strong> podreu veure el video dels <strong>elefants<\/strong>.<\/div>\n<div dir=\"auto\"><\/div>\n<div dir=\"auto\"><\/div>\n<div dir=\"auto\">En aquest <strong><a href=\"https:\/\/drive.google.com\/file\/d\/1cg7XUPfIbNVdOM7R9TC_4kSHhzVg390u\/view?usp=sharing\">enlla\u00e7<\/a><\/strong> podreu veure el video del <strong>bosc<\/strong>.<\/div>\n<div dir=\"auto\"><\/div>\n<div dir=\"auto\"><\/div>\n<div dir=\"auto\">Esperem que us agradi.<\/div>\n<div dir=\"auto\"><\/div>\n","protected":false},"excerpt":{"rendered":"<p>Aquest primer trimestre hem fet dos projectes que han tingut els nens i nenes molt engrescats. Els elefants i el bosc. Els elefants han tingut inter\u00e8s per aquest animal i ha estat una mica mes senzill perqu\u00e8 era molt m\u00e9s concret. Els nens i nenes del grup del bosc volien saber molt\u00edssimes coses i vam [&hellip;]<\/p>\n","protected":false},"author":5,"featured_media":0,"comment_status":"open","ping_status":"closed","sticky":false,"template":"","format":"standard","meta":{"_bbp_topic_count":0,"_bbp_reply_count":0,"_bbp_total_topic_count":0,"_bbp_total_reply_count":0,"_bbp_voice_count":0,"_bbp_anonymous_reply_count":0,"_bbp_topic_count_hidden":0,"_bbp_reply_count_hidden":0,"_bbp_forum_subforum_count":0,"site-sidebar-layout":"default","site-content-layout":"","ast-site-content-layout":"","site-content-style":"default","site-sidebar-style":"default","ast-global-header-display":"","ast-banner-title-visibility":"","ast-main-header-display":"","ast-hfb-above-header-display":"","ast-hfb-below-header-display":"","ast-hfb-mobile-header-display":"","site-post-title":"","ast-breadcrumbs-content":"","ast-featured-img":"","footer-sml-layout":"","theme-transparent-header-meta":"","adv-header-id-meta":"","stick-header-meta":"","header-above-stick-meta":"","header-main-stick-meta":"","header-below-stick-meta":"","astra-migrate-meta-layouts":"default","ast-page-background-enabled":"default","ast-page-background-meta":{"desktop":{"background-color":"var(--ast-global-color-5)","background-image":"","background-repeat":"repeat","background-position":"center center","background-size":"auto","background-attachment":"scroll","background-type":"","background-media":"","overlay-type":"","overlay-color":"","overlay-opacity":"","overlay-gradient":""},"tablet":{"background-color":"","background-image":"","background-repeat":"repeat","background-position":"center center","background-size":"auto","background-attachment":"scroll","background-type":"","background-media":"","overlay-type":"","overlay-color":"","overlay-opacity":"","overlay-gradient":""},"mobile":{"background-color":"","background-image":"","background-repeat":"repeat","background-position":"center center","background-size":"auto","background-attachment":"scroll","background-type":"","background-media":"","overlay-type":"","overlay-color":"","overlay-opacity":"","overlay-gradient":""}},"ast-content-background-meta":{"desktop":{"background-color":"var(--ast-global-color-4)","background-image":"","background-repeat":"repeat","background-position":"center center","background-size":"auto","background-attachment":"scroll","background-type":"","background-media":"","overlay-type":"","overlay-color":"","overlay-opacity":"","overlay-gradient":""},"tablet":{"background-color":"var(--ast-global-color-4)","background-image":"","background-repeat":"repeat","background-position":"center center","background-size":"auto","background-attachment":"scroll","background-type":"","background-media":"","overlay-type":"","overlay-color":"","overlay-opacity":"","overlay-gradient":""},"mobile":{"background-color":"var(--ast-global-color-4)","background-image":"","background-repeat":"repeat","background-position":"center center","background-size":"auto","background-attachment":"scroll","background-type":"","background-media":"","overlay-type":"","overlay-color":"","overlay-opacity":"","overlay-gradient":""}},"footnotes":""},"categories":[9,4],"tags":[],"class_list":["post-1327","post","type-post","status-publish","format-standard","hentry","category-i5","category-portada"],"post_mailing_queue_ids":[],"_links":{"self":[{"href":"https:\/\/agora.xtec.cat\/ceipconvents\/wp-json\/wp\/v2\/posts\/1327","targetHints":{"allow":["GET"]}}],"collection":[{"href":"https:\/\/agora.xtec.cat\/ceipconvents\/wp-json\/wp\/v2\/posts"}],"about":[{"href":"https:\/\/agora.xtec.cat\/ceipconvents\/wp-json\/wp\/v2\/types\/post"}],"author":[{"embeddable":true,"href":"https:\/\/agora.xtec.cat\/ceipconvents\/wp-json\/wp\/v2\/users\/5"}],"replies":[{"embeddable":true,"href":"https:\/\/agora.xtec.cat\/ceipconvents\/wp-json\/wp\/v2\/comments?post=1327"}],"version-history":[{"count":2,"href":"https:\/\/agora.xtec.cat\/ceipconvents\/wp-json\/wp\/v2\/posts\/1327\/revisions"}],"predecessor-version":[{"id":1329,"href":"https:\/\/agora.xtec.cat\/ceipconvents\/wp-json\/wp\/v2\/posts\/1327\/revisions\/1329"}],"wp:attachment":[{"href":"https:\/\/agora.xtec.cat\/ceipconvents\/wp-json\/wp\/v2\/media?parent=1327"}],"wp:term":[{"taxonomy":"category","embeddable":true,"href":"https:\/\/agora.xtec.cat\/ceipconvents\/wp-json\/wp\/v2\/categories?post=1327"},{"taxonomy":"post_tag","embeddable":true,"href":"https:\/\/agora.xtec.cat\/ceipconvents\/wp-json\/wp\/v2\/tags?post=1327"}],"curies":[{"name":"wp","href":"https:\/\/api.w.org\/{rel}","templated":true}]}}