{"id":7,"count":5,"description":"<div>\r\n<div><a href=\"https:\/\/agora.xtec.cat\/ceipconvents\/wp-content\/uploads\/usu2082\/2020\/03\/E.S.-A-LESCOLA-ELS-CONVENTS-difusi\u00f3.pptx\">E.S. A L?ESCOLA ELS CONVENTS difusi\u00f3<\/a><\/div>\r\n<div><\/div>\r\n<div><a href=\"https:\/\/sites.google.com\/a\/xtec.cat\/els-convents\/l-ampa\/ampa.JPG?attredirects=0\"><img class=\"aligncenter\" src=\"https:\/\/sites.google.com\/a\/xtec.cat\/els-convents\/l-ampa\/ampa.JPG\" border=\"0\" \/><\/a><\/div>\r\n<\/div>\r\n<div><\/div>\r\n<div><\/div>\r\n<span style=\"font-size: x-large;\">L'AMPA dels Convents organitza diferents accions i activitats per <b>recolzar la tasca educativa de l'escola<\/b> i tamb\u00e9 per oferir alguns <b>serveis<\/b> a les <b>fam\u00edlies<\/b> com el menjador escolar, l\u2019acollida matinal, col\u00b7laborar en les festes de l\u2019escola, organitzar activitats extraescolars, les col\u00f2nies...\r\n<\/span>\r\n\r\n<span style=\"font-size: x-large;\">En col\u00b7laboraci\u00f3 amb l'escola, organitza xerrades pedag\u00f2giques\u00a0 un cop o dos a l'any, per a fam\u00edlies i mestres. I est\u00e0 en contacte amb d'altres AMPES per treballar conjuntament temes d'inter\u00e8s com\u00fa.\r\n<\/span>\r\n\r\n<span style=\"font-size: x-large;\">\u00a0\u00a0 L\u2019AMPA de l\u2019escola es reuneix cada <b>primer dimecres de mes a les 20,30h<\/b> al menjador de l\u2019escola. Les reunions de l\u2019AMPA estan <b>obertes<\/b> a <b>totes<\/b> les <b>fam\u00edlies<\/b> de l\u2019escola, siguin s\u00f2cies o no, i serveixen per organitzar les diferents activitats.<\/span><span lang=\"CA\">\u00a0\u00a0 <\/span>\r\n\r\n<b>Si voleu contactar podeu fer-lo per Correu Electr\u00f2nic:<\/b> ampaelsconventsmartorell@gmail.com\r\n<div>\r\n<div>A Facebook podeu seguir el dia a dia de l'AMPA.<\/div>\r\n<div><\/div>\r\n<div><span style=\"font-size: large;\">Esperem que us associeu i\u00a0<\/span>col\u00b7laboreu activament amb nosaltres\u00a0<span style=\"font-size: large;\">per fer d'aquesta escola un espai\u00a0<\/span>educatiu idoni per orientar i ajudar\u00a0als nens i les nenes.<\/div>\r\n<\/div>\r\n<div><span style=\"font-family: arial, sans-serif; font-size: large;\">\u00a0<\/span><\/div>\r\n<div><span style=\"font-family: arial, sans-serif; font-size: large;\">Tots i totes som Els Convents...<\/span><\/div>\r\n<div><span style=\"font-family: arial, sans-serif; font-size: large;\">\u00a0<\/span><\/div>\r\n<div>\r\n\r\n<span style=\"font-family: arial, sans-serif; font-size: large;\">MOLTES GR\u00c0CIES!<\/span>\r\n\r\n&nbsp;\r\n<div><span style=\"font-size: xx-large;\">Al costar de la image, trobareu un link amb la informaci\u00f3 sobre el projecte de treball d' una educadora social al nostre centre engegat fa uns mesos i que est\u00e0 tenint un gran ress\u00f2 entre les nostres fam\u00edlies.<\/span><\/div>\r\n<\/div>","link":"https:\/\/agora.xtec.cat\/ceipconvents\/categoria\/afa\/","name":"AFA","slug":"afa","taxonomy":"category","parent":0,"meta":[],"_links":{"self":[{"href":"https:\/\/agora.xtec.cat\/ceipconvents\/wp-json\/wp\/v2\/categories\/7","targetHints":{"allow":["GET"]}}],"collection":[{"href":"https:\/\/agora.xtec.cat\/ceipconvents\/wp-json\/wp\/v2\/categories"}],"about":[{"href":"https:\/\/agora.xtec.cat\/ceipconvents\/wp-json\/wp\/v2\/taxonomies\/category"}],"wp:post_type":[{"href":"https:\/\/agora.xtec.cat\/ceipconvents\/wp-json\/wp\/v2\/posts?categories=7"}],"curies":[{"name":"wp","href":"https:\/\/api.w.org\/{rel}","templated":true}]}}