{"id":1941,"date":"2019-12-09T12:19:21","date_gmt":"2019-12-09T11:19:21","guid":{"rendered":"http:\/\/agora.xtec.cat\/ceipconsolferre\/?p=1941"},"modified":"2020-01-09T10:22:11","modified_gmt":"2020-01-09T09:22:11","slug":"rifa-solidaria-2019-ajudem-a-arnau","status":"publish","type":"post","link":"https:\/\/agora.xtec.cat\/ceipconsolferre\/pagina-principal\/rifa-solidaria-2019-ajudem-a-arnau\/","title":{"rendered":"Rifa solid\u00e0ria 2019, ajudem a Arnau!"},"content":{"rendered":"<p>&nbsp;<\/p>\n<p><strong> <a href=\"https:\/\/agora.xtec.cat\/ceipconsolferre\/wp-content\/uploads\/usu665\/2019\/12\/collage.png\"><img loading=\"lazy\" decoding=\"async\" class=\"size-full wp-image-1942 alignleft\" src=\"https:\/\/agora.xtec.cat\/ceipconsolferre\/wp-content\/uploads\/usu665\/2019\/12\/collage.png\" alt=\"\" width=\"360\" height=\"640\" srcset=\"https:\/\/agora.xtec.cat\/ceipconsolferre\/wp-content\/uploads\/usu665\/2019\/12\/collage.png 360w, https:\/\/agora.xtec.cat\/ceipconsolferre\/wp-content\/uploads\/usu665\/2019\/12\/collage-169x300.png 169w\" sizes=\"auto, (max-width: 360px) 100vw, 360px\" \/><\/a><\/strong>Este any, el recapte de la Rifa solid\u00e0ria ser\u00e0 per a l&#8217;alumne de l&#8217;escola Arnau, qui va patir un aneurisma cerebral el curs passat. Tot i que ja est\u00e0 molt recuperat encara cal que fa\u00e7a sessions de rehabilitaci\u00f3 amb els fisioterapeutes. Amb els diners recaptats, la fam\u00edlia podr\u00e0 finan\u00e7ar aquestes sessions de rehabilitaci\u00f3.<\/p>\n<p><strong>Us animem a participar, aportant dol\u00e7os, decoraci\u00f3 feta a m\u00e0, fruita de l\u2019hort\u2026 tot all\u00f2 que bonament pugueu aportar per poder tenir molts regals per rifar.<\/strong> (Podeu deixar-ho a la taula del vest\u00edbul de l&#8217;escola.)<\/p>\n<p>El dijous 19 de desembre, despr\u00e9s del Concert d\u2019hivern, celebrarem la Rifa Solid\u00e0ria venent <strong>tires de n\u00fameros a 1\u20ac<\/strong>.<\/p>\n<p>En el cas que no pugueu venir a la Rifa podeu passar per secretaria per adquirir les tires, el divendres 20 quedaran exposats els lots de regals premiats\u00a0 de les persones que no hi podran assistir.<\/p>\n<h4><strong>Animeu-vos a participar aportant regals o comprant les tires, us hi esperem!!<\/strong><\/h4>\n<p>&nbsp;<\/p>\n<p>&nbsp;<\/p>\n<p>&nbsp;<\/p>\n","protected":false},"excerpt":{"rendered":"<p>&nbsp; Este any, el recapte de la Rifa solid\u00e0ria ser\u00e0 per a l&#8217;alumne de l&#8217;escola Arnau, qui va patir un aneurisma cerebral el curs passat. Tot i que ja est\u00e0 molt recuperat encara cal que fa\u00e7a sessions de rehabilitaci\u00f3 amb els fisioterapeutes. Amb els diners recaptats, la fam\u00edlia podr\u00e0 finan\u00e7ar aquestes sessions de rehabilitaci\u00f3. Us [&hellip;]<\/p>\n","protected":false},"author":1,"featured_media":1942,"comment_status":"open","ping_status":"closed","sticky":false,"template":"","format":"standard","meta":{"_bbp_topic_count":0,"_bbp_reply_count":0,"_bbp_total_topic_count":0,"_bbp_total_reply_count":0,"_bbp_voice_count":0,"_bbp_anonymous_reply_count":0,"_bbp_topic_count_hidden":0,"_bbp_reply_count_hidden":0,"_bbp_forum_subforum_count":0,"site-sidebar-layout":"default","site-content-layout":"","ast-site-content-layout":"","site-content-style":"default","site-sidebar-style":"default","ast-global-header-display":"","ast-banner-title-visibility":"","ast-main-header-display":"","ast-hfb-above-header-display":"","ast-hfb-below-header-display":"","ast-hfb-mobile-header-display":"","site-post-title":"","ast-breadcrumbs-content":"","ast-featured-img":"","footer-sml-layout":"","theme-transparent-header-meta":"","adv-header-id-meta":"","stick-header-meta":"","header-above-stick-meta":"","header-main-stick-meta":"","header-below-stick-meta":"","astra-migrate-meta-layouts":"default","ast-page-background-enabled":"default","ast-page-background-meta":{"desktop":{"background-color":"var(--ast-global-color-4)","background-image":"","background-repeat":"repeat","background-position":"center center","background-size":"auto","background-attachment":"scroll","background-type":"","background-media":"","overlay-type":"","overlay-color":"","overlay-opacity":"","overlay-gradient":""},"tablet":{"background-color":"","background-image":"","background-repeat":"repeat","background-position":"center center","background-size":"auto","background-attachment":"scroll","background-type":"","background-media":"","overlay-type":"","overlay-color":"","overlay-opacity":"","overlay-gradient":""},"mobile":{"background-color":"","background-image":"","background-repeat":"repeat","background-position":"center center","background-size":"auto","background-attachment":"scroll","background-type":"","background-media":"","overlay-type":"","overlay-color":"","overlay-opacity":"","overlay-gradient":""}},"ast-content-background-meta":{"desktop":{"background-color":"var(--ast-global-color-5)","background-image":"","background-repeat":"repeat","background-position":"center center","background-size":"auto","background-attachment":"scroll","background-type":"","background-media":"","overlay-type":"","overlay-color":"","overlay-opacity":"","overlay-gradient":""},"tablet":{"background-color":"var(--ast-global-color-5)","background-image":"","background-repeat":"repeat","background-position":"center center","background-size":"auto","background-attachment":"scroll","background-type":"","background-media":"","overlay-type":"","overlay-color":"","overlay-opacity":"","overlay-gradient":""},"mobile":{"background-color":"var(--ast-global-color-5)","background-image":"","background-repeat":"repeat","background-position":"center center","background-size":"auto","background-attachment":"scroll","background-type":"","background-media":"","overlay-type":"","overlay-color":"","overlay-opacity":"","overlay-gradient":""}},"footnotes":""},"categories":[62,61],"tags":[],"class_list":["post-1941","post","type-post","status-publish","format-standard","has-post-thumbnail","hentry","category-festes","category-pagina-principal"],"post_mailing_queue_ids":[],"_links":{"self":[{"href":"https:\/\/agora.xtec.cat\/ceipconsolferre\/wp-json\/wp\/v2\/posts\/1941","targetHints":{"allow":["GET"]}}],"collection":[{"href":"https:\/\/agora.xtec.cat\/ceipconsolferre\/wp-json\/wp\/v2\/posts"}],"about":[{"href":"https:\/\/agora.xtec.cat\/ceipconsolferre\/wp-json\/wp\/v2\/types\/post"}],"author":[{"embeddable":true,"href":"https:\/\/agora.xtec.cat\/ceipconsolferre\/wp-json\/wp\/v2\/users\/1"}],"replies":[{"embeddable":true,"href":"https:\/\/agora.xtec.cat\/ceipconsolferre\/wp-json\/wp\/v2\/comments?post=1941"}],"version-history":[{"count":2,"href":"https:\/\/agora.xtec.cat\/ceipconsolferre\/wp-json\/wp\/v2\/posts\/1941\/revisions"}],"predecessor-version":[{"id":1944,"href":"https:\/\/agora.xtec.cat\/ceipconsolferre\/wp-json\/wp\/v2\/posts\/1941\/revisions\/1944"}],"wp:featuredmedia":[{"embeddable":true,"href":"https:\/\/agora.xtec.cat\/ceipconsolferre\/wp-json\/wp\/v2\/media\/1942"}],"wp:attachment":[{"href":"https:\/\/agora.xtec.cat\/ceipconsolferre\/wp-json\/wp\/v2\/media?parent=1941"}],"wp:term":[{"taxonomy":"category","embeddable":true,"href":"https:\/\/agora.xtec.cat\/ceipconsolferre\/wp-json\/wp\/v2\/categories?post=1941"},{"taxonomy":"post_tag","embeddable":true,"href":"https:\/\/agora.xtec.cat\/ceipconsolferre\/wp-json\/wp\/v2\/tags?post=1941"}],"curies":[{"name":"wp","href":"https:\/\/api.w.org\/{rel}","templated":true}]}}