{"id":1610,"date":"2019-03-27T09:02:40","date_gmt":"2019-03-27T08:02:40","guid":{"rendered":"http:\/\/agora.xtec.cat\/ceipconsolferre\/?p=1610"},"modified":"2019-04-12T08:15:07","modified_gmt":"2019-04-12T06:15:07","slug":"preinscripcio-curs-2019-20","status":"publish","type":"post","link":"https:\/\/agora.xtec.cat\/ceipconsolferre\/informacions-i-noticies\/preinscripcio-curs-2019-20\/","title":{"rendered":"Preinscripci\u00f3 curs 2019-20"},"content":{"rendered":"<p><strong>Calendari per a la presentaci\u00f3 de sol\u00b7licituds de preinscripci\u00f3<\/strong><\/p>\n<ul>\n<li>Educaci\u00f3 infantil de segon cicle, educaci\u00f3 prim\u00e0ria i educaci\u00f3 secund\u00e0ria obligat\u00f2ria:\u00a0<strong>del 29 de mar\u00e7 al 9 d\u2019abril de 2019<\/strong><\/li>\n<\/ul>\n<p>&nbsp;<\/p>\n<p>Les portes obertes es van dur a terme el dilluns 18 de mar\u00e7 de 15 a 17h.<\/p>\n<p>&nbsp;<\/p>\n<p>Podeu veure els seg\u00fcents v\u00eddeos on s&#8217;expliquen diferents organitzacions que realitzem al centre:<\/p>\n<p><a href=\"https:\/\/drive.google.com\/file\/d\/1A4mSAU4UJ7nZ2BUmFpqnCYCLiy9KLSbw\/view?usp=sharing\">Comunitat de menuts<\/a><\/p>\n<p><a href=\"https:\/\/drive.google.com\/file\/d\/1MLKZM3wjwIDcGoYhXnYEFYcO7GRAv2IT\/view?usp=sharing\">Comunitat de mitjans<\/a><\/p>\n<p><a href=\"https:\/\/drive.google.com\/file\/d\/1RwUApCTb-ZbsNhTVVC_rftM_cWcvcwdA\/view?usp=sharing\">Comunitat de grans<\/a><\/p>\n<p>&nbsp;<\/p>\n<p>&nbsp;<\/p>\n<p>Per con\u00e8ixer tota la informaci\u00f3 referent a la preinscripci\u00f3 consulteu la p\u00e0gina:<\/p>\n<p style=\"text-align: center;\"><a href=\"http:\/\/queestudiar.gencat.cat\/ca\/preinscripcio\/estudis\/obligatoris\/\" target=\"_blank\" rel=\"noopener\">http:\/\/queestudiar.gencat.cat\/ca\/preinscripcio\/estudis\/obligatoris\/<\/a><\/p>\n","protected":false},"excerpt":{"rendered":"<p>Calendari per a la presentaci\u00f3 de sol\u00b7licituds de preinscripci\u00f3 Educaci\u00f3 infantil de segon cicle, educaci\u00f3 prim\u00e0ria i educaci\u00f3 secund\u00e0ria obligat\u00f2ria:\u00a0del 29 de mar\u00e7 al 9 d\u2019abril de 2019 &nbsp; Les portes obertes es van dur a terme el dilluns 18 de mar\u00e7 de 15 a 17h. &nbsp; Podeu veure els seg\u00fcents v\u00eddeos on s&#8217;expliquen diferents [&hellip;]<\/p>\n","protected":false},"author":1,"featured_media":1432,"comment_status":"open","ping_status":"closed","sticky":false,"template":"","format":"standard","meta":{"_bbp_topic_count":0,"_bbp_reply_count":0,"_bbp_total_topic_count":0,"_bbp_total_reply_count":0,"_bbp_voice_count":0,"_bbp_anonymous_reply_count":0,"_bbp_topic_count_hidden":0,"_bbp_reply_count_hidden":0,"_bbp_forum_subforum_count":0,"site-sidebar-layout":"default","site-content-layout":"","ast-site-content-layout":"","site-content-style":"default","site-sidebar-style":"default","ast-global-header-display":"","ast-banner-title-visibility":"","ast-main-header-display":"","ast-hfb-above-header-display":"","ast-hfb-below-header-display":"","ast-hfb-mobile-header-display":"","site-post-title":"","ast-breadcrumbs-content":"","ast-featured-img":"","footer-sml-layout":"","theme-transparent-header-meta":"","adv-header-id-meta":"","stick-header-meta":"","header-above-stick-meta":"","header-main-stick-meta":"","header-below-stick-meta":"","astra-migrate-meta-layouts":"default","ast-page-background-enabled":"default","ast-page-background-meta":{"desktop":{"background-color":"var(--ast-global-color-4)","background-image":"","background-repeat":"repeat","background-position":"center center","background-size":"auto","background-attachment":"scroll","background-type":"","background-media":"","overlay-type":"","overlay-color":"","overlay-opacity":"","overlay-gradient":""},"tablet":{"background-color":"","background-image":"","background-repeat":"repeat","background-position":"center center","background-size":"auto","background-attachment":"scroll","background-type":"","background-media":"","overlay-type":"","overlay-color":"","overlay-opacity":"","overlay-gradient":""},"mobile":{"background-color":"","background-image":"","background-repeat":"repeat","background-position":"center center","background-size":"auto","background-attachment":"scroll","background-type":"","background-media":"","overlay-type":"","overlay-color":"","overlay-opacity":"","overlay-gradient":""}},"ast-content-background-meta":{"desktop":{"background-color":"var(--ast-global-color-5)","background-image":"","background-repeat":"repeat","background-position":"center center","background-size":"auto","background-attachment":"scroll","background-type":"","background-media":"","overlay-type":"","overlay-color":"","overlay-opacity":"","overlay-gradient":""},"tablet":{"background-color":"var(--ast-global-color-5)","background-image":"","background-repeat":"repeat","background-position":"center center","background-size":"auto","background-attachment":"scroll","background-type":"","background-media":"","overlay-type":"","overlay-color":"","overlay-opacity":"","overlay-gradient":""},"mobile":{"background-color":"var(--ast-global-color-5)","background-image":"","background-repeat":"repeat","background-position":"center center","background-size":"auto","background-attachment":"scroll","background-type":"","background-media":"","overlay-type":"","overlay-color":"","overlay-opacity":"","overlay-gradient":""}},"footnotes":""},"categories":[60,61],"tags":[],"class_list":["post-1610","post","type-post","status-publish","format-standard","has-post-thumbnail","hentry","category-informacions-i-noticies","category-pagina-principal"],"post_mailing_queue_ids":[],"_links":{"self":[{"href":"https:\/\/agora.xtec.cat\/ceipconsolferre\/wp-json\/wp\/v2\/posts\/1610","targetHints":{"allow":["GET"]}}],"collection":[{"href":"https:\/\/agora.xtec.cat\/ceipconsolferre\/wp-json\/wp\/v2\/posts"}],"about":[{"href":"https:\/\/agora.xtec.cat\/ceipconsolferre\/wp-json\/wp\/v2\/types\/post"}],"author":[{"embeddable":true,"href":"https:\/\/agora.xtec.cat\/ceipconsolferre\/wp-json\/wp\/v2\/users\/1"}],"replies":[{"embeddable":true,"href":"https:\/\/agora.xtec.cat\/ceipconsolferre\/wp-json\/wp\/v2\/comments?post=1610"}],"version-history":[{"count":1,"href":"https:\/\/agora.xtec.cat\/ceipconsolferre\/wp-json\/wp\/v2\/posts\/1610\/revisions"}],"predecessor-version":[{"id":1611,"href":"https:\/\/agora.xtec.cat\/ceipconsolferre\/wp-json\/wp\/v2\/posts\/1610\/revisions\/1611"}],"wp:featuredmedia":[{"embeddable":true,"href":"https:\/\/agora.xtec.cat\/ceipconsolferre\/wp-json\/wp\/v2\/media\/1432"}],"wp:attachment":[{"href":"https:\/\/agora.xtec.cat\/ceipconsolferre\/wp-json\/wp\/v2\/media?parent=1610"}],"wp:term":[{"taxonomy":"category","embeddable":true,"href":"https:\/\/agora.xtec.cat\/ceipconsolferre\/wp-json\/wp\/v2\/categories?post=1610"},{"taxonomy":"post_tag","embeddable":true,"href":"https:\/\/agora.xtec.cat\/ceipconsolferre\/wp-json\/wp\/v2\/tags?post=1610"}],"curies":[{"name":"wp","href":"https:\/\/api.w.org\/{rel}","templated":true}]}}