{"id":2955,"date":"2019-11-18T13:05:55","date_gmt":"2019-11-18T12:05:55","guid":{"rendered":"https:\/\/agora.xtec.cat\/ceipcolnous\/?p=2955"},"modified":"2019-11-18T13:05:55","modified_gmt":"2019-11-18T12:05:55","slug":"festa-de-la-castanyada-i-halloween-a-cicle-superior","status":"publish","type":"post","link":"https:\/\/agora.xtec.cat\/ceipcolnous\/general\/festa-de-la-castanyada-i-halloween-a-cicle-superior\/","title":{"rendered":"FESTA DE LA CASTANYADA I HALLOWEEN A CICLE SUPERIOR"},"content":{"rendered":"<p>La darrera setmana d&#8217;octubre els alumnes de cicle superior vam celebrar la festa de la Castanyada i Halloween, fent diferents activitats.<\/p>\n<p>El dimarts vam ajudar als alumnes de P3, P4 i P5 a preparar les seves paperines per poder menjar castanyes el dia de la festa, vam passar-ho molt b\u00e9!<\/p>\n<p>El dimecres a la tarda vam anar al menjador de l&#8217;escola a fer el tastet de menjar t\u00edpic de la tardor: magrana, moniato, codony i panellets. Estava bon\u00edssim!<\/p>\n<p>Finalment, el dijous 31 vam realitzar els tallers de Halloween: carbasses penjants, tres en ratlla &#8220;Halloweenenc&#8221; i m\u00e0scares de personatges terror\u00edfics i de la Katrina. A m\u00e9s, els m\u00e9s valents vam entrar al t\u00fanel del terror on ens vam emportar m\u00e9s d&#8217;un ensurt!<\/p>\n<p>A la tarda, vam menjar castanyes i vam ballar al ritme de can\u00e7ons t\u00edpiques.<\/p>\n<p>Va ser un dia molt divertit! Vols veure imatges? Fes clic <a href=\"https:\/\/photos.app.goo.gl\/h3WzmsU2gmX2GHTf9\">aqu\u00ed<\/a>!<\/p>\n<p><a href=\"https:\/\/agora.xtec.cat\/ceipcolnous\/wp-content\/uploads\/usu139\/2019\/11\/KDGJ4664.jpg\"><img loading=\"lazy\" decoding=\"async\" class=\"wp-image-3007 size-medium aligncenter\" src=\"https:\/\/agora.xtec.cat\/ceipcolnous\/wp-content\/uploads\/usu139\/2019\/11\/KDGJ4664-300x225.jpg\" alt=\"\" width=\"300\" height=\"225\" srcset=\"https:\/\/agora.xtec.cat\/ceipcolnous\/wp-content\/uploads\/usu139\/2019\/11\/KDGJ4664-300x225.jpg 300w, https:\/\/agora.xtec.cat\/ceipcolnous\/wp-content\/uploads\/usu139\/2019\/11\/KDGJ4664-768x576.jpg 768w, https:\/\/agora.xtec.cat\/ceipcolnous\/wp-content\/uploads\/usu139\/2019\/11\/KDGJ4664-1024x768.jpg 1024w, https:\/\/agora.xtec.cat\/ceipcolnous\/wp-content\/uploads\/usu139\/2019\/11\/KDGJ4664-200x150.jpg 200w, https:\/\/agora.xtec.cat\/ceipcolnous\/wp-content\/uploads\/usu139\/2019\/11\/KDGJ4664.jpg 1600w\" sizes=\"auto, (max-width: 300px) 100vw, 300px\" \/><\/a><\/p>\n","protected":false},"excerpt":{"rendered":"<p>La darrera setmana d&#8217;octubre els alumnes de cicle superior vam celebrar la festa de la Castanyada i Halloween, fent diferents [&hellip;]<\/p>\n","protected":false},"author":13,"featured_media":0,"comment_status":"open","ping_status":"closed","sticky":false,"template":"","format":"standard","meta":{"_bbp_topic_count":0,"_bbp_reply_count":0,"_bbp_total_topic_count":0,"_bbp_total_reply_count":0,"_bbp_voice_count":0,"_bbp_anonymous_reply_count":0,"_bbp_topic_count_hidden":0,"_bbp_reply_count_hidden":0,"_bbp_forum_subforum_count":0,"site-sidebar-layout":"default","site-content-layout":"","ast-site-content-layout":"","site-content-style":"default","site-sidebar-style":"default","ast-global-header-display":"","ast-banner-title-visibility":"","ast-main-header-display":"","ast-hfb-above-header-display":"","ast-hfb-below-header-display":"","ast-hfb-mobile-header-display":"","site-post-title":"","ast-breadcrumbs-content":"","ast-featured-img":"","footer-sml-layout":"","theme-transparent-header-meta":"","adv-header-id-meta":"","stick-header-meta":"","header-above-stick-meta":"","header-main-stick-meta":"","header-below-stick-meta":"","astra-migrate-meta-layouts":"default","ast-page-background-enabled":"default","ast-page-background-meta":{"desktop":{"background-color":"var(--ast-global-color-4)","background-image":"","background-repeat":"repeat","background-position":"center center","background-size":"auto","background-attachment":"scroll","background-type":"","background-media":"","overlay-type":"","overlay-color":"","overlay-opacity":"","overlay-gradient":""},"tablet":{"background-color":"","background-image":"","background-repeat":"repeat","background-position":"center center","background-size":"auto","background-attachment":"scroll","background-type":"","background-media":"","overlay-type":"","overlay-color":"","overlay-opacity":"","overlay-gradient":""},"mobile":{"background-color":"","background-image":"","background-repeat":"repeat","background-position":"center center","background-size":"auto","background-attachment":"scroll","background-type":"","background-media":"","overlay-type":"","overlay-color":"","overlay-opacity":"","overlay-gradient":""}},"ast-content-background-meta":{"desktop":{"background-color":"var(--ast-global-color-5)","background-image":"","background-repeat":"repeat","background-position":"center center","background-size":"auto","background-attachment":"scroll","background-type":"","background-media":"","overlay-type":"","overlay-color":"","overlay-opacity":"","overlay-gradient":""},"tablet":{"background-color":"var(--ast-global-color-5)","background-image":"","background-repeat":"repeat","background-position":"center center","background-size":"auto","background-attachment":"scroll","background-type":"","background-media":"","overlay-type":"","overlay-color":"","overlay-opacity":"","overlay-gradient":""},"mobile":{"background-color":"var(--ast-global-color-5)","background-image":"","background-repeat":"repeat","background-position":"center center","background-size":"auto","background-attachment":"scroll","background-type":"","background-media":"","overlay-type":"","overlay-color":"","overlay-opacity":"","overlay-gradient":""}},"footnotes":""},"categories":[14,15,1],"tags":[],"class_list":["post-2955","post","type-post","status-publish","format-standard","hentry","category-5e","category-6e","category-general"],"post_mailing_queue_ids":[],"_links":{"self":[{"href":"https:\/\/agora.xtec.cat\/ceipcolnous\/wp-json\/wp\/v2\/posts\/2955","targetHints":{"allow":["GET"]}}],"collection":[{"href":"https:\/\/agora.xtec.cat\/ceipcolnous\/wp-json\/wp\/v2\/posts"}],"about":[{"href":"https:\/\/agora.xtec.cat\/ceipcolnous\/wp-json\/wp\/v2\/types\/post"}],"author":[{"embeddable":true,"href":"https:\/\/agora.xtec.cat\/ceipcolnous\/wp-json\/wp\/v2\/users\/13"}],"replies":[{"embeddable":true,"href":"https:\/\/agora.xtec.cat\/ceipcolnous\/wp-json\/wp\/v2\/comments?post=2955"}],"version-history":[{"count":2,"href":"https:\/\/agora.xtec.cat\/ceipcolnous\/wp-json\/wp\/v2\/posts\/2955\/revisions"}],"predecessor-version":[{"id":3009,"href":"https:\/\/agora.xtec.cat\/ceipcolnous\/wp-json\/wp\/v2\/posts\/2955\/revisions\/3009"}],"wp:attachment":[{"href":"https:\/\/agora.xtec.cat\/ceipcolnous\/wp-json\/wp\/v2\/media?parent=2955"}],"wp:term":[{"taxonomy":"category","embeddable":true,"href":"https:\/\/agora.xtec.cat\/ceipcolnous\/wp-json\/wp\/v2\/categories?post=2955"},{"taxonomy":"post_tag","embeddable":true,"href":"https:\/\/agora.xtec.cat\/ceipcolnous\/wp-json\/wp\/v2\/tags?post=2955"}],"curies":[{"name":"wp","href":"https:\/\/api.w.org\/{rel}","templated":true}]}}