{"id":5618,"date":"2022-06-02T08:39:16","date_gmt":"2022-06-02T06:39:16","guid":{"rendered":"https:\/\/agora.xtec.cat\/ceipcollbaix\/?p=5618"},"modified":"2022-07-20T11:08:50","modified_gmt":"2022-07-20T09:08:50","slug":"4t-5e-i-6e-colonies-a-vilada","status":"publish","type":"post","link":"https:\/\/agora.xtec.cat\/ceipcollbaix\/grups\/grans\/promocio-2013-6e\/4t-5e-i-6e-colonies-a-vilada\/","title":{"rendered":"4t, 5\u00e8 i 6\u00e8 Col\u00f2nies a Vilada"},"content":{"rendered":"<p>Els i les alumnes de 4t, 5\u00e8 i 6\u00e8 vam anar de col\u00f2nies a Vilada. Nom\u00e9s arribar ens vam trobar una gran sorpresa: un paisatge nevat preci\u00f3s! Vam poder gaudir de la neu una estoneta ja que al migdia, la neu es va desfer.<\/p>\n<p>Vam fer diverses activitats molt diverses com kayac, tir amb arc, tint de samarretes i una cursa d&#8217;orientaci\u00f3 pel poble, entre d&#8217;altres.<\/p>\n<p>El joc de nit va ser molt divertit i la disco de la darrera vetllada va ser un festival!<\/p>\n<p>Han sigut unes col\u00f2nies inoblidables. Ens ho vam passar molt b\u00e9!<\/p>\n<p>Voleu veure <a href=\"https:\/\/photos.app.goo.gl\/AVkAHmTiDYaYgJFE7\" target=\"_blank\" rel=\"noopener\">fotos<\/a>? Doncs&#8230;prepareu-vos que hi ha un munt!<\/p>\n","protected":false},"excerpt":{"rendered":"<p>Els i les alumnes de 4t, 5\u00e8 i 6\u00e8 vam anar de col\u00f2nies a Vilada. Nom\u00e9s arribar ens vam trobar una gran sorpresa: un paisatge nevat preci\u00f3s! Vam poder gaudir de la neu una estoneta ja que al migdia, la neu es va desfer.<br \/>\nVam fer&hellip;  <a href=\"https:\/\/agora.xtec.cat\/ceipcollbaix\/grups\/grans\/promocio-2013-6e\/4t-5e-i-6e-colonies-a-vilada\/\" title=\"Read 4t, 5\u00e8 i 6\u00e8 Col\u00f2nies a Vilada\">Llegeix m\u00e9s\u00bb<\/a><\/p>\n","protected":false},"author":9,"featured_media":0,"comment_status":"open","ping_status":"closed","sticky":false,"template":"","format":"standard","meta":{"_bbp_topic_count":0,"_bbp_reply_count":0,"_bbp_total_topic_count":0,"_bbp_total_reply_count":0,"_bbp_voice_count":0,"_bbp_anonymous_reply_count":0,"_bbp_topic_count_hidden":0,"_bbp_reply_count_hidden":0,"_bbp_forum_subforum_count":0,"footnotes":""},"categories":[94,114,77,76],"tags":[],"class_list":["post-5618","post","type-post","status-publish","format-standard","hentry","category-grans","category-promocio-2010-6e","category-promocio-2011","category-promocio-2013-6e"],"post_mailing_queue_ids":[],"_links":{"self":[{"href":"https:\/\/agora.xtec.cat\/ceipcollbaix\/wp-json\/wp\/v2\/posts\/5618","targetHints":{"allow":["GET"]}}],"collection":[{"href":"https:\/\/agora.xtec.cat\/ceipcollbaix\/wp-json\/wp\/v2\/posts"}],"about":[{"href":"https:\/\/agora.xtec.cat\/ceipcollbaix\/wp-json\/wp\/v2\/types\/post"}],"author":[{"embeddable":true,"href":"https:\/\/agora.xtec.cat\/ceipcollbaix\/wp-json\/wp\/v2\/users\/9"}],"replies":[{"embeddable":true,"href":"https:\/\/agora.xtec.cat\/ceipcollbaix\/wp-json\/wp\/v2\/comments?post=5618"}],"version-history":[{"count":1,"href":"https:\/\/agora.xtec.cat\/ceipcollbaix\/wp-json\/wp\/v2\/posts\/5618\/revisions"}],"predecessor-version":[{"id":5619,"href":"https:\/\/agora.xtec.cat\/ceipcollbaix\/wp-json\/wp\/v2\/posts\/5618\/revisions\/5619"}],"wp:attachment":[{"href":"https:\/\/agora.xtec.cat\/ceipcollbaix\/wp-json\/wp\/v2\/media?parent=5618"}],"wp:term":[{"taxonomy":"category","embeddable":true,"href":"https:\/\/agora.xtec.cat\/ceipcollbaix\/wp-json\/wp\/v2\/categories?post=5618"},{"taxonomy":"post_tag","embeddable":true,"href":"https:\/\/agora.xtec.cat\/ceipcollbaix\/wp-json\/wp\/v2\/tags?post=5618"}],"curies":[{"name":"wp","href":"https:\/\/api.w.org\/{rel}","templated":true}]}}