{"id":5093,"date":"2022-02-15T08:18:29","date_gmt":"2022-02-15T07:18:29","guid":{"rendered":"https:\/\/agora.xtec.cat\/ceipcollbaix\/?p=5093"},"modified":"2022-02-15T08:18:29","modified_gmt":"2022-02-15T07:18:29","slug":"p5-visita-de-la-iaia-de-la-berta-la-margarita","status":"publish","type":"post","link":"https:\/\/agora.xtec.cat\/ceipcollbaix\/grups\/petits\/p5-visita-de-la-iaia-de-la-berta-la-margarita\/","title":{"rendered":"P5 &#8211; VISITA DE LA IAIA DE LA BERTA, LA MARGARITA."},"content":{"rendered":"<p>La iaia de la Berta ens ha vingut a visitar i ens ha explicat coses sobre la lluna i l&#8217;hort. Ens ha explicat que quan hi ha lluna plena s&#8217;han de plantar les plantes i verdures que creixen cap en fora. Ens ha portat una ceba grillada, un tom\u00e0quet de sucar pa, una cabe\u00e7a d&#8217;alls de la Xina i una maduixera. Ens ha explicat com plantar el tom\u00e0quet. S&#8217;ha de tallar pel mig i plantar-lo per separat. Ens ha dit que pot arribar a sortir 20 tomaqueres. Al costat del tom\u00e0quet hem plantat la ceba grillada. La cabe\u00e7a d&#8217;alls l&#8217;hem posat a dins un pot amb aigua, nom\u00e9s les arrels han de tocar l&#8217;aigua i ara toca esperar a veure qu\u00e8 passa. Hem plantat la maduixera al nostre hort, al costat dels p\u00e8sols i les faves.<\/p>\n<p>Hem olorat el tom\u00e0quet i hem vist les llavors que t\u00e9 a dins. Tamb\u00e9 hem observat i olorat la ceba i els alls.<\/p>\n<p>Gr\u00e0cies Margarita per totes les coses que ens has explicat, hem apr\u00e8s molt!!!<\/p>\n<p>&nbsp;<\/p>\n<p><a href=\"https:\/\/photos.app.goo.gl\/GwZi7Lpwk2hJa41S9\">hort i lluna<\/a><\/p>\n<p><img loading=\"lazy\" decoding=\"async\" class=\"aligncenter\" src=\"https:\/\/lh3.googleusercontent.com\/qa0CkPI_oRnIcgwkx7ZamQLbc9n7-Wx_wi7ycYdYcYlJfHyJfjbqBpisHjEPP4X5I4eA67pQWQrXOeUwacC4fQZ15OPEkrxppQ-pZo6umvvtS_VbP-gbcL1S0syeOXt8UlO9xxJbnigi09B0NzDk4SiQFx3tb75RgIcree37MyTOqx4qKYkrpztjCuWaKfqYtxafvMtBKsvqkfraHkiepY5zX8-TUE1QBTzD0RKcabhVvbZ5MPuyrOd8P_k_tS2IPX7JdDXxxIIe_gofNrIfsq4whv02TgfvhQ8It7rfvMULo4uAD1AvpSp4L1sfBdbiL_u8Fkck6MKBuHLMwx2lBuGW5IUDX4H23OcwKdWYQWZKSrojFv2lxgQOI33PHnZCUVi_VD8smpqokpbM30jWqsBiO-akykhOmcApi_110XsUv92YdvMIjZGHIRA0NFDdKULHjZujomply0xWKodLMy7ibPAMhP6v8Ri-JEQOh6XabQFHm_YaPyxVbMv38H_7XNydpifvOFz8t1DahncTKHSOBgfEy1dSHa_jHNAPqw6rkwHYOM8ZIfilx02yEdT631wg90gEyK0V3kReTi7RhZj3F_fmH2-xgJH_9tGCHoz1Qm5iRkqAd8NSM1AouSEPIzj_My2NbnyQkJIiN4piusdybIKflnI87gomOqtCioly6YWz7brts8MK7keOutVByhdpWXzd48dziVOhw7D9i9o=w650-h866-no?authuser=1\" width=\"294\" height=\"392\" \/><\/p>\n<p>&nbsp;<\/p>\n<p>&nbsp;<\/p>\n","protected":false},"excerpt":{"rendered":"<p>La iaia de la Berta ens ha vingut a visitar i ens ha explicat coses sobre la lluna i l&#8217;hort. Ens ha explicat que quan hi ha lluna plena s&#8217;han de plantar les plantes i verdures que creixen cap en fora. Ens ha portat una&hellip;  <a href=\"https:\/\/agora.xtec.cat\/ceipcollbaix\/grups\/petits\/p5-visita-de-la-iaia-de-la-berta-la-margarita\/\" title=\"Read P5 &#8211; VISITA DE LA IAIA DE LA BERTA, LA MARGARITA.\">Llegeix m\u00e9s\u00bb<\/a><\/p>\n","protected":false},"author":9,"featured_media":0,"comment_status":"open","ping_status":"closed","sticky":false,"template":"","format":"standard","meta":{"_bbp_topic_count":0,"_bbp_reply_count":0,"_bbp_total_topic_count":0,"_bbp_total_reply_count":0,"_bbp_voice_count":0,"_bbp_anonymous_reply_count":0,"_bbp_topic_count_hidden":0,"_bbp_reply_count_hidden":0,"_bbp_forum_subforum_count":0,"footnotes":""},"categories":[91,103],"tags":[],"class_list":["post-5093","post","type-post","status-publish","format-standard","hentry","category-petits","category-promocio-2016-4t"],"post_mailing_queue_ids":[],"_links":{"self":[{"href":"https:\/\/agora.xtec.cat\/ceipcollbaix\/wp-json\/wp\/v2\/posts\/5093","targetHints":{"allow":["GET"]}}],"collection":[{"href":"https:\/\/agora.xtec.cat\/ceipcollbaix\/wp-json\/wp\/v2\/posts"}],"about":[{"href":"https:\/\/agora.xtec.cat\/ceipcollbaix\/wp-json\/wp\/v2\/types\/post"}],"author":[{"embeddable":true,"href":"https:\/\/agora.xtec.cat\/ceipcollbaix\/wp-json\/wp\/v2\/users\/9"}],"replies":[{"embeddable":true,"href":"https:\/\/agora.xtec.cat\/ceipcollbaix\/wp-json\/wp\/v2\/comments?post=5093"}],"version-history":[{"count":2,"href":"https:\/\/agora.xtec.cat\/ceipcollbaix\/wp-json\/wp\/v2\/posts\/5093\/revisions"}],"predecessor-version":[{"id":5095,"href":"https:\/\/agora.xtec.cat\/ceipcollbaix\/wp-json\/wp\/v2\/posts\/5093\/revisions\/5095"}],"wp:attachment":[{"href":"https:\/\/agora.xtec.cat\/ceipcollbaix\/wp-json\/wp\/v2\/media?parent=5093"}],"wp:term":[{"taxonomy":"category","embeddable":true,"href":"https:\/\/agora.xtec.cat\/ceipcollbaix\/wp-json\/wp\/v2\/categories?post=5093"},{"taxonomy":"post_tag","embeddable":true,"href":"https:\/\/agora.xtec.cat\/ceipcollbaix\/wp-json\/wp\/v2\/tags?post=5093"}],"curies":[{"name":"wp","href":"https:\/\/api.w.org\/{rel}","templated":true}]}}