{"id":4832,"date":"2021-12-03T13:08:17","date_gmt":"2021-12-03T12:08:17","guid":{"rendered":"https:\/\/agora.xtec.cat\/ceipcollbaix\/?p=4832"},"modified":"2021-12-03T15:28:23","modified_gmt":"2021-12-03T14:28:23","slug":"p5-els-minerals-la-lava-i-els-seus-minerals","status":"publish","type":"post","link":"https:\/\/agora.xtec.cat\/ceipcollbaix\/grups\/petits\/p5-els-minerals-la-lava-i-els-seus-minerals\/","title":{"rendered":"P5 &#8211; ELS MINERALS. LA LAVA I ELS SEUS MINERALS."},"content":{"rendered":"<p>Estem molt emocionats descobrint minerals diferents. Hem descobert l&#8217;ull de tigre, la rosa del desert, la pirita,l &#8216;\u00c0gata, l&#8217;obsidiana, la Silvina, Amatista ,fluorita,&#8230;Tamb\u00e9 hem vist la lava de la Palma per dins, est\u00e0 plena de minerals de molts colors i formes. Nosaltres la dibuixem i pintem. Tamb\u00e9 hem anat al pati a mirar quins arbres tenen resina i quins no. Mirem l&#8217;ambre del Guillem i la resina dels arbres, el color \u00e9s molt semblant. La resina fa una olor molt especial i enganxa molt. com la cola.<\/p>\n<p><a href=\"https:\/\/photos.app.goo.gl\/pfZc4teNQiT88Cxj8\">Estem fent moltes descobertes<\/a>.<\/p>\n<p>&nbsp;<\/p>\n<p><img loading=\"lazy\" decoding=\"async\" class=\"alignleft\" src=\"https:\/\/lh3.googleusercontent.com\/pw\/AM-JKLXkNT_NduR41ZAl8zJqJg3nyOw0-HhQLuTPnXsD79GM6Cou86pH4JVE6RVLAkH9Gf9uJVYodW6OoEEGQ1fj59LRyyryo97KSSfwL1Uub-X7-Q5uxikfpVSFJDXz4j2Zu6hHWB8jzAzkmtT6TPqWuy4U=s657-no?authuser=1\" width=\"199\" height=\"199\" \/><\/p>\n<p>&nbsp;<\/p>\n<p><img loading=\"lazy\" decoding=\"async\" class=\"\" src=\"https:\/\/lh3.googleusercontent.com\/pw\/AM-JKLXI3hk2pffrWEADPJlzz1NvUXDdiU7ru95P2WZG-DuN4ClkgS9xawEe4d9K-V-WHP3rcoPifxjSpLVYLr58lcbSYcdGobGDwUWiMItbUNU5-kZ-GfGgqXZ7kw13FUPiNqu0QaUDgvkAmbXNrnUqHpHl=w876-h657-no?authuser=1\" width=\"218\" height=\"164\" \/><\/p>\n<p>&nbsp;<\/p>\n","protected":false},"excerpt":{"rendered":"<p>Estem molt emocionats descobrint minerals diferents. Hem descobert l&#8217;ull de tigre, la rosa del desert, la pirita,l &#8216;\u00c0gata, l&#8217;obsidiana, la Silvina, Amatista ,fluorita,&#8230;Tamb\u00e9 hem vist la lava de la Palma per dins, est\u00e0 plena de minerals de molts colors i formes. Nosaltres la dibuixem i&hellip;  <a href=\"https:\/\/agora.xtec.cat\/ceipcollbaix\/grups\/petits\/p5-els-minerals-la-lava-i-els-seus-minerals\/\" title=\"Read P5 &#8211; ELS MINERALS. LA LAVA I ELS SEUS MINERALS.\">Llegeix m\u00e9s\u00bb<\/a><\/p>\n","protected":false},"author":9,"featured_media":0,"comment_status":"open","ping_status":"closed","sticky":false,"template":"","format":"standard","meta":{"_bbp_topic_count":0,"_bbp_reply_count":0,"_bbp_total_topic_count":0,"_bbp_total_reply_count":0,"_bbp_voice_count":0,"_bbp_anonymous_reply_count":0,"_bbp_topic_count_hidden":0,"_bbp_reply_count_hidden":0,"_bbp_forum_subforum_count":0,"footnotes":""},"categories":[91,103],"tags":[],"class_list":["post-4832","post","type-post","status-publish","format-standard","hentry","category-petits","category-promocio-2016-4t"],"post_mailing_queue_ids":[],"_links":{"self":[{"href":"https:\/\/agora.xtec.cat\/ceipcollbaix\/wp-json\/wp\/v2\/posts\/4832","targetHints":{"allow":["GET"]}}],"collection":[{"href":"https:\/\/agora.xtec.cat\/ceipcollbaix\/wp-json\/wp\/v2\/posts"}],"about":[{"href":"https:\/\/agora.xtec.cat\/ceipcollbaix\/wp-json\/wp\/v2\/types\/post"}],"author":[{"embeddable":true,"href":"https:\/\/agora.xtec.cat\/ceipcollbaix\/wp-json\/wp\/v2\/users\/9"}],"replies":[{"embeddable":true,"href":"https:\/\/agora.xtec.cat\/ceipcollbaix\/wp-json\/wp\/v2\/comments?post=4832"}],"version-history":[{"count":3,"href":"https:\/\/agora.xtec.cat\/ceipcollbaix\/wp-json\/wp\/v2\/posts\/4832\/revisions"}],"predecessor-version":[{"id":4841,"href":"https:\/\/agora.xtec.cat\/ceipcollbaix\/wp-json\/wp\/v2\/posts\/4832\/revisions\/4841"}],"wp:attachment":[{"href":"https:\/\/agora.xtec.cat\/ceipcollbaix\/wp-json\/wp\/v2\/media?parent=4832"}],"wp:term":[{"taxonomy":"category","embeddable":true,"href":"https:\/\/agora.xtec.cat\/ceipcollbaix\/wp-json\/wp\/v2\/categories?post=4832"},{"taxonomy":"post_tag","embeddable":true,"href":"https:\/\/agora.xtec.cat\/ceipcollbaix\/wp-json\/wp\/v2\/tags?post=4832"}],"curies":[{"name":"wp","href":"https:\/\/api.w.org\/{rel}","templated":true}]}}