{"id":4781,"date":"2021-11-18T10:16:15","date_gmt":"2021-11-18T09:16:15","guid":{"rendered":"https:\/\/agora.xtec.cat\/ceipcollbaix\/?p=4781"},"modified":"2021-11-19T15:14:59","modified_gmt":"2021-11-19T14:14:59","slug":"2n-les-coves-del-toll","status":"publish","type":"post","link":"https:\/\/agora.xtec.cat\/ceipcollbaix\/grups\/grans\/promocio-2014-6e\/2n-les-coves-del-toll\/","title":{"rendered":"2n &#8211; Les Coves del Toll"},"content":{"rendered":"<p>Els nens i les nenes de segon estem fent el projecte sobre la Prehist\u00f2ria i els Cavern\u00edcoles.<\/p>\n<p>Dimarts passat vam anar a les Coves del Toll a Moi\u00e0 per apropar-nos a la prehist\u00f2ria i veure com vivien els primers hom\u00ednids.<\/p>\n<p>Al mat\u00ed, vam poder gaudir de la visita guiada a les coves. Seguidament, vam fer el taller del foc on el monitor va fer una demostraci\u00f3 amb alguna t\u00e8cnica de la prehist\u00f2ria per encendre el foc. Tamb\u00e9 vam poder decorar el nostre &#8220;brunzidor&#8221; amb pigments naturals. Finalment, vam visitar el Museu Municipal de Moi\u00e0 per descobrir totes les troballes arqueol\u00f2giques que es van trobar a les coves.<\/p>\n<p>Vam aprendre i disfrutar molt de la sortida.<\/p>\n<p>Podeu veure m\u00e9s fotos clicant aqu\u00ed.<\/p>\n<p><a href=\"4CFB20E2AB43076C\" target=\"_blank\" rel=\"noopener\"><img loading=\"lazy\" decoding=\"async\" class=\"aligncenter wp-image-4782 size-large\" src=\"https:\/\/agora.xtec.cat\/ceipcollbaix\/wp-content\/uploads\/usu1796\/2021\/11\/94655359-27c6-4233-9ca2-3a814654bad5-1024x461.jpg\" alt=\"\" width=\"1024\" height=\"461\" srcset=\"https:\/\/agora.xtec.cat\/ceipcollbaix\/wp-content\/uploads\/usu1796\/2021\/11\/94655359-27c6-4233-9ca2-3a814654bad5-1024x461.jpg 1024w, https:\/\/agora.xtec.cat\/ceipcollbaix\/wp-content\/uploads\/usu1796\/2021\/11\/94655359-27c6-4233-9ca2-3a814654bad5-300x135.jpg 300w, https:\/\/agora.xtec.cat\/ceipcollbaix\/wp-content\/uploads\/usu1796\/2021\/11\/94655359-27c6-4233-9ca2-3a814654bad5-768x346.jpg 768w, https:\/\/agora.xtec.cat\/ceipcollbaix\/wp-content\/uploads\/usu1796\/2021\/11\/94655359-27c6-4233-9ca2-3a814654bad5-1536x691.jpg 1536w, https:\/\/agora.xtec.cat\/ceipcollbaix\/wp-content\/uploads\/usu1796\/2021\/11\/94655359-27c6-4233-9ca2-3a814654bad5.jpg 1600w\" sizes=\"auto, (max-width: 1024px) 100vw, 1024px\" \/><\/a><\/p>\n","protected":false},"excerpt":{"rendered":"<p>Els nens i les nenes de segon estem fent el projecte sobre la Prehist\u00f2ria i els Cavern\u00edcoles.<br \/>\nDimarts passat vam anar a les Coves del Toll a Moi\u00e0 per apropar-nos a la prehist\u00f2ria i veure com vivien els primers hom\u00ednids.<br \/>\nAl mat\u00ed, vam poder gaudir de la&hellip;  <a href=\"https:\/\/agora.xtec.cat\/ceipcollbaix\/grups\/grans\/promocio-2014-6e\/2n-les-coves-del-toll\/\" title=\"Read 2n &#8211; Les Coves del Toll\">Llegeix m\u00e9s\u00bb<\/a><\/p>\n","protected":false},"author":9,"featured_media":0,"comment_status":"open","ping_status":"closed","sticky":false,"template":"","format":"standard","meta":{"_bbp_topic_count":0,"_bbp_reply_count":0,"_bbp_total_topic_count":0,"_bbp_total_reply_count":0,"_bbp_voice_count":0,"_bbp_anonymous_reply_count":0,"_bbp_topic_count_hidden":0,"_bbp_reply_count_hidden":0,"_bbp_forum_subforum_count":0,"footnotes":""},"categories":[92,74],"tags":[],"class_list":["post-4781","post","type-post","status-publish","format-standard","hentry","category-mitjans","category-promocio-2014-6e"],"post_mailing_queue_ids":[],"_links":{"self":[{"href":"https:\/\/agora.xtec.cat\/ceipcollbaix\/wp-json\/wp\/v2\/posts\/4781","targetHints":{"allow":["GET"]}}],"collection":[{"href":"https:\/\/agora.xtec.cat\/ceipcollbaix\/wp-json\/wp\/v2\/posts"}],"about":[{"href":"https:\/\/agora.xtec.cat\/ceipcollbaix\/wp-json\/wp\/v2\/types\/post"}],"author":[{"embeddable":true,"href":"https:\/\/agora.xtec.cat\/ceipcollbaix\/wp-json\/wp\/v2\/users\/9"}],"replies":[{"embeddable":true,"href":"https:\/\/agora.xtec.cat\/ceipcollbaix\/wp-json\/wp\/v2\/comments?post=4781"}],"version-history":[{"count":3,"href":"https:\/\/agora.xtec.cat\/ceipcollbaix\/wp-json\/wp\/v2\/posts\/4781\/revisions"}],"predecessor-version":[{"id":4801,"href":"https:\/\/agora.xtec.cat\/ceipcollbaix\/wp-json\/wp\/v2\/posts\/4781\/revisions\/4801"}],"wp:attachment":[{"href":"https:\/\/agora.xtec.cat\/ceipcollbaix\/wp-json\/wp\/v2\/media?parent=4781"}],"wp:term":[{"taxonomy":"category","embeddable":true,"href":"https:\/\/agora.xtec.cat\/ceipcollbaix\/wp-json\/wp\/v2\/categories?post=4781"},{"taxonomy":"post_tag","embeddable":true,"href":"https:\/\/agora.xtec.cat\/ceipcollbaix\/wp-json\/wp\/v2\/tags?post=4781"}],"curies":[{"name":"wp","href":"https:\/\/api.w.org\/{rel}","templated":true}]}}