{"id":4162,"date":"2021-04-22T22:37:53","date_gmt":"2021-04-22T20:37:53","guid":{"rendered":"http:\/\/agora.xtec.cat\/ceipcollbaix\/?p=4162"},"modified":"2021-04-22T22:37:53","modified_gmt":"2021-04-22T20:37:53","slug":"fem-el-nostre-escut-el-musell-del-drac-i-la-corona","status":"publish","type":"post","link":"https:\/\/agora.xtec.cat\/ceipcollbaix\/grups\/petits\/fem-el-nostre-escut-el-musell-del-drac-i-la-corona\/","title":{"rendered":"FEM EL NOSTRE ESCUT, EL MUSELL DEL DRAC I LA CORONA."},"content":{"rendered":"<p>Ens hem engrescat i nosaltres mateixos ens hem fet el material per poder representar la llegenda de Sant Jordi. Qu\u00e8 ens podrem fer? Anem parlant entre tots i decidim de fer una corona, un escut i el musell del drac. Amb aix\u00f2 podrem representar la llegenda. Aquests dies estem escoltant contes de la llegenda i veiem que no tots s\u00f3n iguals.<\/p>\n<p>A vegades el cavaller porta llan\u00e7a i a vegades no, a vegades porta espasa i escut i fins i tot hem vist un conte que la princesa tamb\u00e9 lluita amb el cavaller Sant Jordi. Hem vist com va vestit el cavaller, les princeses, el rei, com \u00e9s el drac. Hem apr\u00e8s molt\u00edssimes coses sobre aquesta llegenda tan nostra. Aqu\u00ed veureu com hem anat fent tot aquest material al nostre gust i com sempre ha quedat espectacular. <a href=\"https:\/\/photos.app.goo.gl\/XoSfppwni8etFW7cA\">Sou uns artistes!!!<\/a><\/p>\n","protected":false},"excerpt":{"rendered":"<p>Ens hem engrescat i nosaltres mateixos ens hem fet el material per poder representar la llegenda de Sant Jordi. Qu\u00e8 ens podrem fer? Anem parlant entre tots i decidim de fer una corona, un escut i el musell del drac. Amb aix\u00f2 podrem representar la&hellip;  <a href=\"https:\/\/agora.xtec.cat\/ceipcollbaix\/grups\/petits\/fem-el-nostre-escut-el-musell-del-drac-i-la-corona\/\" title=\"Read FEM EL NOSTRE ESCUT, EL MUSELL DEL DRAC I LA CORONA.\">Llegeix m\u00e9s\u00bb<\/a><\/p>\n","protected":false},"author":9,"featured_media":0,"comment_status":"open","ping_status":"closed","sticky":false,"template":"","format":"standard","meta":{"_bbp_topic_count":0,"_bbp_reply_count":0,"_bbp_total_topic_count":0,"_bbp_total_reply_count":0,"_bbp_voice_count":0,"_bbp_anonymous_reply_count":0,"_bbp_topic_count_hidden":0,"_bbp_reply_count_hidden":0,"_bbp_forum_subforum_count":0,"footnotes":""},"categories":[91,103],"tags":[],"class_list":["post-4162","post","type-post","status-publish","format-standard","hentry","category-petits","category-promocio-2016-4t"],"post_mailing_queue_ids":[],"_links":{"self":[{"href":"https:\/\/agora.xtec.cat\/ceipcollbaix\/wp-json\/wp\/v2\/posts\/4162","targetHints":{"allow":["GET"]}}],"collection":[{"href":"https:\/\/agora.xtec.cat\/ceipcollbaix\/wp-json\/wp\/v2\/posts"}],"about":[{"href":"https:\/\/agora.xtec.cat\/ceipcollbaix\/wp-json\/wp\/v2\/types\/post"}],"author":[{"embeddable":true,"href":"https:\/\/agora.xtec.cat\/ceipcollbaix\/wp-json\/wp\/v2\/users\/9"}],"replies":[{"embeddable":true,"href":"https:\/\/agora.xtec.cat\/ceipcollbaix\/wp-json\/wp\/v2\/comments?post=4162"}],"version-history":[{"count":2,"href":"https:\/\/agora.xtec.cat\/ceipcollbaix\/wp-json\/wp\/v2\/posts\/4162\/revisions"}],"predecessor-version":[{"id":4169,"href":"https:\/\/agora.xtec.cat\/ceipcollbaix\/wp-json\/wp\/v2\/posts\/4162\/revisions\/4169"}],"wp:attachment":[{"href":"https:\/\/agora.xtec.cat\/ceipcollbaix\/wp-json\/wp\/v2\/media?parent=4162"}],"wp:term":[{"taxonomy":"category","embeddable":true,"href":"https:\/\/agora.xtec.cat\/ceipcollbaix\/wp-json\/wp\/v2\/categories?post=4162"},{"taxonomy":"post_tag","embeddable":true,"href":"https:\/\/agora.xtec.cat\/ceipcollbaix\/wp-json\/wp\/v2\/tags?post=4162"}],"curies":[{"name":"wp","href":"https:\/\/api.w.org\/{rel}","templated":true}]}}