{"id":3066,"date":"2020-10-05T08:22:36","date_gmt":"2020-10-05T06:22:36","guid":{"rendered":"http:\/\/agora.xtec.cat\/ceipcollbaix\/?p=3066"},"modified":"2020-10-05T08:22:36","modified_gmt":"2020-10-05T06:22:36","slug":"4t-primers-dies-de-curs","status":"publish","type":"post","link":"https:\/\/agora.xtec.cat\/ceipcollbaix\/grups\/exalumnes\/promocio-2011\/4t-primers-dies-de-curs\/","title":{"rendered":"4t &#8211; Primers dies de curs"},"content":{"rendered":"<p>Som la colla de 4t i ens diem &#8220;Aromes de la Natura&#8221;. Aquest curs hi ha una nena nova a la classe, la Sarah, i li donem la benvinguda. Tot i que portem mascareta, ens estem habituant a les noves normes higi\u00e8niques i de salut i tot est\u00e0 anant molt b\u00e9. Aqu\u00ed podeu veure unes fotos dels primers dies d&#8217;escola. <a href=\"https:\/\/photos.app.goo.gl\/VoPPxt3Te2ntJnDV8\" target=\"_blank\" rel=\"noopener noreferrer\">Cliqueu aqu\u00ed!<\/a><\/p>\n","protected":false},"excerpt":{"rendered":"<p>Som la colla de 4t i ens diem &#8220;Aromes de la Natura&#8221;. Aquest curs hi ha una nena nova a la classe, la Sarah, i li donem la benvinguda. Tot i que portem mascareta, ens estem habituant a les noves normes higi\u00e8niques i de salut&hellip;  <a href=\"https:\/\/agora.xtec.cat\/ceipcollbaix\/grups\/exalumnes\/promocio-2011\/4t-primers-dies-de-curs\/\" title=\"Read 4t &#8211; Primers dies de curs\">Llegeix m\u00e9s\u00bb<\/a><\/p>\n","protected":false},"author":9,"featured_media":0,"comment_status":"open","ping_status":"closed","sticky":false,"template":"","format":"standard","meta":{"_bbp_topic_count":0,"_bbp_reply_count":0,"_bbp_total_topic_count":0,"_bbp_total_reply_count":0,"_bbp_voice_count":0,"_bbp_anonymous_reply_count":0,"_bbp_topic_count_hidden":0,"_bbp_reply_count_hidden":0,"_bbp_forum_subforum_count":0,"footnotes":""},"categories":[94,77],"tags":[],"class_list":["post-3066","post","type-post","status-publish","format-standard","hentry","category-grans","category-promocio-2011"],"post_mailing_queue_ids":[],"_links":{"self":[{"href":"https:\/\/agora.xtec.cat\/ceipcollbaix\/wp-json\/wp\/v2\/posts\/3066","targetHints":{"allow":["GET"]}}],"collection":[{"href":"https:\/\/agora.xtec.cat\/ceipcollbaix\/wp-json\/wp\/v2\/posts"}],"about":[{"href":"https:\/\/agora.xtec.cat\/ceipcollbaix\/wp-json\/wp\/v2\/types\/post"}],"author":[{"embeddable":true,"href":"https:\/\/agora.xtec.cat\/ceipcollbaix\/wp-json\/wp\/v2\/users\/9"}],"replies":[{"embeddable":true,"href":"https:\/\/agora.xtec.cat\/ceipcollbaix\/wp-json\/wp\/v2\/comments?post=3066"}],"version-history":[{"count":2,"href":"https:\/\/agora.xtec.cat\/ceipcollbaix\/wp-json\/wp\/v2\/posts\/3066\/revisions"}],"predecessor-version":[{"id":3074,"href":"https:\/\/agora.xtec.cat\/ceipcollbaix\/wp-json\/wp\/v2\/posts\/3066\/revisions\/3074"}],"wp:attachment":[{"href":"https:\/\/agora.xtec.cat\/ceipcollbaix\/wp-json\/wp\/v2\/media?parent=3066"}],"wp:term":[{"taxonomy":"category","embeddable":true,"href":"https:\/\/agora.xtec.cat\/ceipcollbaix\/wp-json\/wp\/v2\/categories?post=3066"},{"taxonomy":"post_tag","embeddable":true,"href":"https:\/\/agora.xtec.cat\/ceipcollbaix\/wp-json\/wp\/v2\/tags?post=3066"}],"curies":[{"name":"wp","href":"https:\/\/api.w.org\/{rel}","templated":true}]}}