{"id":2289,"date":"2020-03-20T17:59:43","date_gmt":"2020-03-20T16:59:43","guid":{"rendered":"http:\/\/agora.xtec.cat\/ceipcollbaix\/?p=2289"},"modified":"2020-03-21T13:15:26","modified_gmt":"2020-03-21T12:15:26","slug":"recursos-generals-infantil-i-primaria","status":"publish","type":"post","link":"https:\/\/agora.xtec.cat\/ceipcollbaix\/grups\/grans\/promocio-2015-5e\/recursos-generals-infantil-i-primaria\/","title":{"rendered":"Activitats per a totes les edats"},"content":{"rendered":"<p>Hola, fam\u00edlies.<\/p>\n<p>Us passem un seguit de recursos que tant poden ser \u00fatils per infantil com per prim\u00e0ria.<\/p>\n<blockquote><p><strong style=\"color: #000080;\">RECOMANACIONS DEL DEPARTAMENT D&#8217;EDUCACI\u00d3<\/strong><\/p><\/blockquote>\n<p><span style=\"color: #000080;\"><strong><a href=\"https:\/\/docs.google.com\/document\/d\/1LvmtEkuAbEhGwaszThX-GERHzR61JOE0YSS0LFZXl7k\/edit?usp=sharing\"><img loading=\"lazy\" decoding=\"async\" class=\"alignnone wp-image-2309 size-full\" src=\"https:\/\/agora.xtec.cat\/ceipcollbaix\/wp-content\/uploads\/usu1796\/2020\/03\/DEP-EDUCACI\u00d3.png\" alt=\"\" width=\"369\" height=\"137\" srcset=\"https:\/\/agora.xtec.cat\/ceipcollbaix\/wp-content\/uploads\/usu1796\/2020\/03\/DEP-EDUCACI\u00d3.png 369w, https:\/\/agora.xtec.cat\/ceipcollbaix\/wp-content\/uploads\/usu1796\/2020\/03\/DEP-EDUCACI\u00d3-300x111.png 300w\" sizes=\"auto, (max-width: 369px) 100vw, 369px\" \/><\/a><\/strong><\/span><\/p>\n<p><span style=\"color: #000080;\"><strong>IMPLIQUEN TOTES LES \u00c0REES<\/strong><\/span><\/p>\n<p style=\"font-weight: 400;\"><span style=\"font-weight: 400;\"><strong>C<\/strong><\/span><b>om aprendre a aprendre\u00a0<\/b><\/p>\n<p><a href=\"https:\/\/comaprendreaaprendre.blogspot.com\/2020\/03\/horari-per-dies-de-confinament.html\" target=\"_blank\" rel=\"noopener noreferrer\"><img decoding=\"async\" src=\"https:\/\/3.bp.blogspot.com\/-uQ8d9jLuqGA\/XQIY0Qzl8tI\/AAAAAAAATuY\/-mGoda5_JIY563ZAqisWroUqWS7kvhfhwCK4BGAYYCw\/s1000\/cap-blogspot.jpg\" alt=\"Com aprendre a aprendre\" \/><\/a><\/p>\n<p><b>80 recursos educatius per treballar des de casa. &#8211; <\/b><span style=\"font-weight: 400;\">Nati Bergad\u00e0 <\/span><\/p>\n<p><a href=\"https:\/\/natibergada.cat\/recursos-educatius-per-aprendre-des-de-casa\" target=\"_blank\" rel=\"noopener noreferrer\"><img loading=\"lazy\" decoding=\"async\" class=\"alignnone\" src=\"https:\/\/natibergada.cat\/wp-content\/uploads\/2020\/03\/Aprendres-des-de-casa-1024x727.jpg\" alt=\"\" width=\"1024\" height=\"727\" \/><\/a><\/p>\n<p style=\"font-weight: 400;\"><b>Teatre infantil a casa. &#8211; <\/b><span style=\"font-weight: 400;\">S\u00e0piens<\/span><\/p>\n<p><a href=\"https:\/\/www.sapiens.cat\/historia-casa\/teatre-infantil-casa_202936_102.html\" target=\"_blank\" rel=\"noopener noreferrer\"><img loading=\"lazy\" decoding=\"async\" class=\"alignnone\" src=\"https:\/\/www.sapiens.cat\/uploads\/s1\/83\/72\/33\/aliciapaismeravelles_48_635x394.jpeg\" alt=\"'Al\u00edcia al pa\u00eds de les meravelles', de Viu el Teatre\" width=\"635\" height=\"394\" \/><\/a><\/p>\n<p style=\"font-weight: 400;\"><b>Recursos generals per ensenyar, aprendre i treballar<\/b><\/p>\n<p><a href=\"https:\/\/sites.google.com\/a\/xtec.cat\/rdzereral\/\" target=\"_blank\" rel=\"noopener noreferrer\"><img decoding=\"async\" src=\"https:\/\/sites.google.com\/a\/xtec.cat\/rdzereral\/_\/rsrc\/1468741391247\/config\/customLogo.gif?revision=1\" alt=\"Recursos Digitals per ensenyar, aprendre i treballar.\" \/><\/a><\/p>\n<p style=\"font-weight: 400;\"><b>Opcions de manualitats, jocs, dibuix, can\u00e7ons, contes&#8230;<\/b><\/p>\n<p><a href=\"https:\/\/www.pequeocio.com\/manualidades-infantiles\/\" target=\"_blank\" rel=\"noopener noreferrer\"><img decoding=\"async\" src=\"https:\/\/www.pequeocio.com\/wp-content\/uploads\/2018\/09\/logo-pequeocio.png\" alt=\"Pequeocio\" \/><\/a><\/p>\n<p style=\"font-weight: 400;\"><b style=\"font-weight: 400;\">Una m\u00e0 de contes<\/b><span style=\"font-weight: 400;\">\u00a0<\/span><\/p>\n<p><a href=\"https:\/\/www.ccma.cat\/tv3\/super3\/una-ma-de-contes\/\" target=\"_blank\" rel=\"noopener noreferrer\"><img decoding=\"async\" src=\"https:\/\/statics.ccma.cat\/img\/logo.super3.png\" alt=\"Super3: acc\u00e9s a la p\u00e0gina principal del Super3\" \/><\/a><\/p>\n<p style=\"font-weight: 400;\"><b>Recursos generals per ensenyar, aprendre i treballar, seq\u00fcenciat per edats.<\/b><\/p>\n<p><a href=\"http:\/\/www.ceip-diputacio.com\/la%20motxilla.htm\" target=\"_blank\" rel=\"noopener noreferrer\"><img decoding=\"async\" src=\"http:\/\/www.ceip-diputacio.com\/imatges%20motxilla\/primavera.jpg\" \/><\/a><\/p>\n<p style=\"font-weight: 400;\"><b>Contes des de casa<\/b> (Revista S\u00e0piens)<\/p>\n<p><a href=\"https:\/\/www.sapiens.cat\/historia-casa\/contes-confinats_202963_102.html\" target=\"_blank\" rel=\"noopener noreferrer\"><img decoding=\"async\" src=\"https:\/\/www.sapiens.cat\/uploads\/s1\/83\/85\/02\/contesgettyimages-1087508538_48_635x394.jpeg\" alt=\"Contes\" \/><\/a><\/p>\n<p style=\"font-weight: 400;\"><strong>EDU365 (activitats per a tots els gustos)<\/strong><\/p>\n<p><a class=\"eHAdSb\" role=\"link\" href=\"https:\/\/www.edu365.cat\" target=\"_blank\" rel=\"noopener noreferrer\" aria-label=\"Visita Edu365\" data-ved=\"0CAIQjRxqFwoTCMiBu-SkqegCFQAAAAAdAAAAABAD\"><img decoding=\"async\" class=\"n3VNCb\" src=\"https:\/\/encrypted-tbn0.gstatic.com\/images?q=tbn%3AANd9GcRjVIYAyggiVXBuFDMITKiOZX6w5CqSEnMu6gV68YnbUMPuMF2Y\" alt=\"Resultat d'imatges per a &quot;edu365&quot;\" data-noaft=\"1\" \/><\/a><\/p>\n<p style=\"font-weight: 400;\"><b>V\u00eddeos i jocs educatius, en castell\u00e0 i en angl\u00e8s.<\/b><\/p>\n<p style=\"font-weight: 400;\"><a href=\"https:\/\/happylearning.tv\/\" target=\"_blank\" rel=\"noopener noreferrer\"><img loading=\"lazy\" decoding=\"async\" class=\"alignnone\" src=\"https:\/\/happylearning.tv\/wp-content\/uploads\/2019\/01\/logo-HL.png\" alt=\"Happy Learning\" width=\"193\" height=\"193\" \/><\/a><\/p>\n<blockquote><p><span style=\"color: #000080;\"><strong>PL\u00c0STICA<\/strong><\/span><\/p><\/blockquote>\n<p>Fes el teu propi c\u00f2mic<\/p>\n<p><a href=\"https:\/\/www.makebeliefscomix.com\/Comix\/\" target=\"_blank\" rel=\"noopener noreferrer\"><img loading=\"lazy\" decoding=\"async\" class=\"alignnone wp-image-2310 \" src=\"https:\/\/agora.xtec.cat\/ceipcollbaix\/wp-content\/uploads\/usu1796\/2020\/03\/comix-300x158.png\" alt=\"\" width=\"486\" height=\"256\" srcset=\"https:\/\/agora.xtec.cat\/ceipcollbaix\/wp-content\/uploads\/usu1796\/2020\/03\/comix-300x158.png 300w, https:\/\/agora.xtec.cat\/ceipcollbaix\/wp-content\/uploads\/usu1796\/2020\/03\/comix-768x403.png 768w, https:\/\/agora.xtec.cat\/ceipcollbaix\/wp-content\/uploads\/usu1796\/2020\/03\/comix-1024x538.png 1024w, https:\/\/agora.xtec.cat\/ceipcollbaix\/wp-content\/uploads\/usu1796\/2020\/03\/comix.png 1200w\" sizes=\"auto, (max-width: 486px) 100vw, 486px\" \/><\/a><\/p>\n<p>https:\/\/www.makebeliefscomix.com\/Comix\/<\/p>\n<blockquote>\n<p style=\"font-weight: 400;\"><span style=\"color: #000080;\"><strong>M\u00daSICA<\/strong><\/span><\/p>\n<\/blockquote>\n<p style=\"font-weight: 400;\"><b>M\u00fasica cl\u00e0ssica i \u00f2pera per gaudir des de casa.\u00a0<\/b><\/p>\n<p><a class=\"eHAdSb\" role=\"link\" href=\"https:\/\/www.elnacional.cat\/ca\/cultura\/musica-classica-opera-confinament-coronavirus_480393_102.html\" target=\"_blank\" rel=\"noopener noreferrer\" aria-label=\"Visita Palau de la M\u00fasica\" data-ved=\"0CAIQjRxqFwoTCOjf_cGmqegCFQAAAAAdAAAAABAJ\"><img loading=\"lazy\" decoding=\"async\" class=\"n3VNCb\" src=\"https:\/\/www.palaumusica.cat\/images\/220801\/image_gallery_close_up.jpg\" alt=\"Resultat d'imatges per a &quot;palau de la m\u00fasica&quot;\" width=\"611\" height=\"413\" data-noaft=\"1\" \/><\/a><\/p>\n<p><b>M\u00fasica cl\u00e0ssica per a infants: &#8216;Carnaval dels animals&#8217;. &#8211; <\/b>(Revista <span style=\"font-weight: 400;\">S\u00e0piens)<\/span><\/p>\n<p><a href=\"https:\/\/www.sapiens.cat\/historia-casa\/classica-nens-ii-carnaval-animals_202953_102.html\" target=\"_blank\" rel=\"noopener noreferrer\"><img decoding=\"async\" src=\"https:\/\/www.sapiens.cat\/uploads\/s1\/83\/81\/48\/carnavaldelsanimals_48_635x394.jpeg\" alt=\"Escolteu el 'Carnaval dels animals'\" \/><\/a><\/p>\n<p style=\"font-weight: 400;\"><b>M\u00fasica cl\u00e0ssica per infants <\/b><span style=\"font-weight: 400;\">\u00a0<\/span><\/p>\n<p><a class=\"eHAdSb\" role=\"link\" href=\"https:\/\/rz100arte.com\/musica-clasica-ninos-25-obras-musica-clasica-nino-deberia-conocer\/\" target=\"_blank\" rel=\"noopener noreferrer\" aria-label=\"Visita Amazon\" data-ved=\"0CAIQjRxqFwoTCMj_krGnqegCFQAAAAAdAAAAABAO\"><img decoding=\"async\" class=\"n3VNCb\" src=\"https:\/\/images-na.ssl-images-amazon.com\/images\/I\/61EEVC7MGXL._SY450_.jpg\" alt=\"Resultat d'imatges per a &quot;musica clasica para ni\u00f1os&quot;\" data-noaft=\"1\" \/><\/a><\/p>\n<p style=\"font-weight: 400;\"><b>M\u00fasica cl\u00e0ssica per a nens \u201cEl Pere i el llop\u201d.\u00a0<\/b><\/p>\n<p><a href=\"https:\/\/www.sapiens.cat\/historia-casa\/musica-classica-nens-pere-llop_202947_102.html\" target=\"_blank\" rel=\"noopener noreferrer\"><img decoding=\"async\" src=\"https:\/\/www.sapiens.cat\/uploads\/s1\/83\/78\/16\/pereielllop_48_635x394.jpeg\" alt=\"Amb aquesta imatge van promocionar els Brodas Bros el seu 'Pere i el llop'\" \/><\/a><\/p>\n<p>&nbsp;<\/p>\n<blockquote><p><span style=\"color: #000080;\"><strong>MEDI<\/strong><\/span><\/p><\/blockquote>\n<p style=\"font-weight: 400;\"><b>El camale\u00f3: el mestre del camuflatge. <\/b><a style=\"font-family: inherit; font-size: 1em;\" href=\"https:\/\/www.sapiens.cat\/historia-casa\/camaleo_202975_102.html\" target=\"_blank\" rel=\"noopener noreferrer\"><img decoding=\"async\" src=\"https:\/\/www.sapiens.cat\/uploads\/s1\/83\/91\/26\/camaleo-pell_48_635x394.jpeg\" alt=\"Aix\u00ed \u00e9s la pell del camale\u00f3 vista de prop\" \/><\/a><\/p>\n<p style=\"font-weight: 400;\"><b>El Jap\u00f3 dels samurais<\/b><\/p>\n<p><a href=\"https:\/\/www.sapiens.cat\/historia-casa\/japo-samurais_202976_102.html\" target=\"_blank\" rel=\"noopener noreferrer\"><img decoding=\"async\" src=\"https:\/\/www.sapiens.cat\/uploads\/s1\/83\/92\/26\/samurai-obre_63_420x574.jpeg\" alt=\"Els samurais no estaven per orgues!\" \/><\/a><\/p>\n<p style=\"font-weight: 400;\"><b>Qui va inventar els texans? <\/b><\/p>\n<p><a href=\"https:\/\/www.sapiens.cat\/historia-casa\/qui-va-inventar-els-texans_202966_102.html\" target=\"_blank\" rel=\"noopener noreferrer\"><img decoding=\"async\" src=\"https:\/\/www.sapiens.cat\/uploads\/s1\/83\/86\/07\/texans-obre_48_635x394.jpeg\" alt=\"Levi Strauss pensa amb els miners\" \/><\/a><\/p>\n<p style=\"font-weight: 400;\"><b>Frida Kahlo, l&#8217;artista m\u00e9s famosa de M\u00e8xic<\/b><\/p>\n<p><a href=\"https:\/\/www.sapiens.cat\/historia-casa\/frida-kahlo-artista-famosa-mexic_202964_102.html\" target=\"_blank\" rel=\"noopener noreferrer\"><img decoding=\"async\" src=\"https:\/\/www.sapiens.cat\/uploads\/s1\/83\/87\/23\/frida-kahlo_48_635x394.jpeg\" alt=\"Frida Kahlo\" \/><\/a><\/p>\n<p style=\"font-weight: 400;\"><b>Qui va inventar la fulla d\u2019afaitar d&#8217;un sol \u00fas?<\/b><\/p>\n<p><a href=\"https:\/\/www.sapiens.cat\/historia-casa\/inventar-fulla-afaitar-rebutjable_202919_102.html\" target=\"_blank\" rel=\"noopener noreferrer\"><img loading=\"lazy\" decoding=\"async\" class=\"\" src=\"https:\/\/www.sapiens.cat\/uploads\/s1\/83\/44\/14\/patent-gilette-2.jpeg\" alt=\"Dibuix de la patent de l'afaitadora rebutjable de Gilette\" width=\"519\" height=\"396\" \/><\/a><\/p>\n<p style=\"font-weight: 400;\"><b>6 curiositats sobre Lili&#8217;uokalani, l&#8217;\u00faltima reina de Hawaii<\/b><\/p>\n<p style=\"font-weight: 400;\"><a href=\"https:\/\/www.sapiens.cat\/historia-casa\/lili-uokalani-l-ultima-reina-de-hawaii_201473_102.html\" target=\"_blank\" rel=\"noopener noreferrer\"><img decoding=\"async\" src=\"https:\/\/www.sapiens.cat\/uploads\/s1\/70\/28\/03\/stoddard-1892-pg10-queen-liliuokalani_48_635x394.jpeg\" alt=\"La reina Lili\u2019uokalani\" \/><\/a><\/p>\n<p style=\"font-weight: 400;\"><b>La cursa espacial, en una l\u00ednia del temps.\u00a0<\/b><\/p>\n<p><a href=\"https:\/\/www.sapiens.cat\/historia-casa\/la-cursa-espacial-en-una-linia-del-temps_202612_102.html\" target=\"_blank\" rel=\"noopener noreferrer\"><img loading=\"lazy\" decoding=\"async\" class=\"\" src=\"https:\/\/upload.wikimedia.org\/wikipedia\/commons\/c\/c9\/Dawn_of_the_Space_Age.jpg\" alt=\"Imatge art\u00edstica del Sputnik en \u00f2rbita al voltant de la Terra\" width=\"557\" height=\"387\" \/><\/a><\/p>\n<p style=\"font-weight: 400;\"><b>Els 5 animals m\u00e9s verinosos de Catalunya.<\/b><\/p>\n<p><a href=\"https:\/\/www.sapiens.cat\/historia-casa\/5-animals-verinosos-pais_202952_102.html\" target=\"_blank\" rel=\"noopener noreferrer\"><img decoding=\"async\" src=\"https:\/\/www.sapiens.cat\/uploads\/s1\/83\/81\/26\/1-escurc-o-pirineu_48_635x394.jpeg\" \/><\/a><\/p>\n<p style=\"font-weight: 400;\"><b>El geni de Leonardo da Vinci.\u00a0<\/b><\/p>\n<p><a href=\"https:\/\/www.sapiens.cat\/historia-casa\/geni-leonardo-vinci_202951_102.html\" target=\"_blank\" rel=\"noopener noreferrer\"><img decoding=\"async\" src=\"https:\/\/www.sapiens.cat\/uploads\/s1\/80\/43\/33\/leonardopetitsapiens26_48_635x394.jpeg\" alt=\"Leonardo fa experiments al seu estudi\" \/><\/a><\/p>\n<p>&nbsp;<\/p>\n<blockquote>\n<p style=\"font-weight: 400;\"><span style=\"color: #000080;\"><strong>MATEM\u00c0TIQUES<\/strong><\/span><\/p>\n<\/blockquote>\n<p style=\"font-weight: 400;\"><b>Aprenentatge d&#8217;immersi\u00f3, adaptable.<\/b><\/p>\n<p><a href=\"https:\/\/es.ixl.com\/?partner=google&amp;campaign=57509585&amp;adGroup=2208278345&amp;gclid=EAIaIQobChMInr26772f6AIVAkgbCh0k_wvtEAEYASAAEgL_tPD_BwE\" target=\"_blank\" rel=\"noopener noreferrer\"><img decoding=\"async\" src=\"https:\/\/es.ixl.com\/dv3\/7XOJ6OSN5HtZU8SuL2n9mWNUavA\/yui3\/home-page\/assets\/featured-bg-jan-2019-es.jpg\" \/><\/a><\/p>\n<p style=\"font-weight: 400;\"><strong>Matem\u00e0tiques divertides.<\/strong><span style=\"font-weight: 400;\">\u00a0<\/span><\/p>\n<p><a class=\"eHAdSb\" role=\"link\" href=\"http:\/\/www.xtec.cat\/centres\/c5003822\/sisena_hora\/matematiques.htm\" target=\"_blank\" rel=\"noopener noreferrer\" aria-label=\"Visita Un pas endavant - WordPress.com\" data-ved=\"0CAIQjRxqFwoTCJisnICsqegCFQAAAAAdAAAAABAD\"><img decoding=\"async\" class=\"n3VNCb\" src=\"https:\/\/elsgransdelescola.files.wordpress.com\/2014\/11\/mates.jpg?w=584\" alt=\"Resultat d'imatges per a &quot;matem\u00e0tiques divertides&quot;\" data-noaft=\"1\" \/><\/a><\/p>\n<p>&nbsp;<\/p>\n<p>&nbsp;<\/p>\n<blockquote>\n<p style=\"font-weight: 400;\"><span style=\"color: #000080;\"><strong>EDUCACI\u00d3 F\u00cdSICA<\/strong><\/span><\/p>\n<\/blockquote>\n<p style=\"font-weight: 400;\"><b>KIDS WORKOUT ! Full 25 min exercise routine program for kids and parents.<\/b><\/p>\n<p><a class=\"eHAdSb\" role=\"link\" href=\"https:\/\/youtu.be\/dhCM0C6GnrY\" target=\"_blank\" rel=\"noopener noreferrer\" aria-label=\"Visita Tes\" data-ved=\"0CAIQjRxqFwoTCJj8xMusqegCFQAAAAAdAAAAABAD\"><img decoding=\"async\" class=\"n3VNCb\" src=\"https:\/\/d1e4pidl3fu268.cloudfront.net\/c1f5955f-7a74-4b2b-b9b1-fb6aec45ea0d\/KidsExercisingCover01.crop_606x454_0%2C114.preview.jpg\" alt=\"Resultat d'imatges per a &quot;KIDS WORKOUT&quot;\" data-noaft=\"1\" \/><\/a><\/p>\n<p>&nbsp;<\/p>\n<blockquote>\n<p style=\"font-weight: 400;\"><b>Jocs virtuals EF diferents nivells.\u00a0<\/b><\/p>\n<\/blockquote>\n<p><a href=\"http:\/\/www.edu365.cat\/primaria\/ed_fisica\/index.html\" target=\"_blank\" rel=\"noopener noreferrer\"><img decoding=\"async\" src=\"http:\/\/www.edu365.cat\/img\/edu_logo.png\" alt=\"Edu365.cat\" \/><\/a><\/p>\n<p style=\"font-weight: 400;\"><b>Ioga per nens.<\/b><\/p>\n<p><a class=\"eHAdSb\" role=\"link\" href=\"https:\/\/youtu.be\/3LAHjw1umTI\" target=\"_blank\" rel=\"noopener noreferrer\" aria-label=\"Visita Territorio Huelva\" data-ved=\"0CAIQjRxqFwoTCPjDu7KtqegCFQAAAAAdAAAAABAJ\"><img decoding=\"async\" class=\"n3VNCb\" src=\"https:\/\/territoriohuelva.com\/wp-content\/uploads\/2015\/10\/yoga-nin%CC%83os-huelva-400x225.png\" alt=\"Resultat d'imatges per a &quot;dibujo ioga para ni\u00f1os&quot;\" data-noaft=\"1\" \/><\/a><\/p>\n<p style=\"font-weight: 400;\"><b>Estiraments a casa. <\/b><\/p>\n<p>&nbsp;<\/p>\n<p><a class=\"eHAdSb\" role=\"link\" href=\"https:\/\/www.youtube.com\/watch?v=YQQfhILVR7c\" target=\"_blank\" rel=\"noopener noreferrer\" aria-label=\"Visita Freepik\" data-ved=\"0CAIQjRxqFwoTCPiKqeitqegCFQAAAAAdAAAAABAl\"><img decoding=\"async\" class=\"n3VNCb\" src=\"https:\/\/image.freepik.com\/free-vector\/yoga-kids-vector-young-child-yogi-character-training-sport-exercise-illustration-healthy-lifestyle-set-cartoon-boys-girls-wellness-activity-stretching-meditation-isolated_109709-16.jpg\" alt=\"Resultat d'imatges per a &quot;dibujo estiramentos para ni\u00f1os&quot;\" data-noaft=\"1\" \/><\/a><\/p>\n<blockquote><p><span style=\"color: #000080;\"><strong>JOCS DE TAULA ONLINE<\/strong><\/span><\/p><\/blockquote>\n<p><span style=\"color: #000080;\"><strong><a href=\"https:\/\/www.xataka.com\/literatura-comics-y-juegos\/mejores-juegos-mesa-clasicos-modernos-version-digital-para-jugar-ordenador-tablet-movil\"><img loading=\"lazy\" decoding=\"async\" class=\"alignnone wp-image-2311 size-medium\" src=\"https:\/\/agora.xtec.cat\/ceipcollbaix\/wp-content\/uploads\/usu1796\/2020\/03\/jocs-de-taula-online-300x169.jpg\" alt=\"\" width=\"300\" height=\"169\" srcset=\"https:\/\/agora.xtec.cat\/ceipcollbaix\/wp-content\/uploads\/usu1796\/2020\/03\/jocs-de-taula-online-300x169.jpg 300w, https:\/\/agora.xtec.cat\/ceipcollbaix\/wp-content\/uploads\/usu1796\/2020\/03\/jocs-de-taula-online-768x432.jpg 768w, https:\/\/agora.xtec.cat\/ceipcollbaix\/wp-content\/uploads\/usu1796\/2020\/03\/jocs-de-taula-online-1024x576.jpg 1024w, https:\/\/agora.xtec.cat\/ceipcollbaix\/wp-content\/uploads\/usu1796\/2020\/03\/jocs-de-taula-online.jpg 1200w\" sizes=\"auto, (max-width: 300px) 100vw, 300px\" \/><\/a><\/strong><\/span><\/p>\n<p>&nbsp;<\/p>\n<p>Esperem que us siguin de gran utilitat.<\/p>\n<p>Una abra\u00e7ada!<\/p>\n<p><em>Tot l&#8217;equip de l&#8217;Escola Collbaix.<\/em><\/p>\n<p>&nbsp;<\/p>\n","protected":false},"excerpt":{"rendered":"<p>Hola, fam\u00edlies.<br \/>\nUs passem un seguit de recursos que tant poden ser \u00fatils per infantil com per prim\u00e0ria.<br \/>\nRECOMANACIONS DEL DEPARTAMENT D&#8217;EDUCACI\u00d3<br \/>\n<a href=\"https:\/\/docs.google.com\/document\/d\/1LvmtEkuAbEhGwaszThX-GERHzR61JOE0YSS0LFZXl7k\/edit?usp=sharing\"><\/a><br \/>\nIMPLIQUEN TOTES LES \u00c0REES<br \/>\nCom aprendre a aprendre\u00a0<br \/>\n<a href=\"https:\/\/comaprendreaaprendre.blogspot.com\/2020\/03\/horari-per-dies-de-confinament.html\" target=\"_blank\" rel=\"noopener noreferrer\"><\/a><br \/>\n80 recursos educatius per treballar des de casa. &#8211; Nati Bergad\u00e0<br \/>\n<a href=\"https:\/\/natibergada.cat\/recursos-educatius-per-aprendre-des-de-casa\" target=\"_blank\" rel=\"noopener&hellip;  <a href=\"https:\/\/agora.xtec.cat\/ceipcollbaix\/grups\/grans\/promocio-2015-5e\/recursos-generals-infantil-i-primaria\/\" title=\"Read Activitats per a totes les edats\">Llegeix m\u00e9s\u00bb<\/a><\/p>\n","protected":false},"author":9,"featured_media":2312,"comment_status":"open","ping_status":"closed","sticky":false,"template":"","format":"standard","meta":{"_bbp_topic_count":0,"_bbp_reply_count":0,"_bbp_total_topic_count":0,"_bbp_total_reply_count":0,"_bbp_voice_count":0,"_bbp_anonymous_reply_count":0,"_bbp_topic_count_hidden":0,"_bbp_reply_count_hidden":0,"_bbp_forum_subforum_count":0,"footnotes":""},"categories":[94,92,91,96,95,77,75,76,74,73,103],"tags":[],"class_list":["post-2289","post","type-post","status-publish","format-standard","has-post-thumbnail","hentry","category-grans","category-mitjans","category-petits","category-promocio-2008-6e","category-promocio-2009-6e","category-promocio-2011","category-promocio-2013-6e-promocio-2013-6e","category-promocio-2013-6e","category-promocio-2014-6e","category-promocio-2015-5e","category-promocio-2016-4t"],"post_mailing_queue_ids":[],"_links":{"self":[{"href":"https:\/\/agora.xtec.cat\/ceipcollbaix\/wp-json\/wp\/v2\/posts\/2289","targetHints":{"allow":["GET"]}}],"collection":[{"href":"https:\/\/agora.xtec.cat\/ceipcollbaix\/wp-json\/wp\/v2\/posts"}],"about":[{"href":"https:\/\/agora.xtec.cat\/ceipcollbaix\/wp-json\/wp\/v2\/types\/post"}],"author":[{"embeddable":true,"href":"https:\/\/agora.xtec.cat\/ceipcollbaix\/wp-json\/wp\/v2\/users\/9"}],"replies":[{"embeddable":true,"href":"https:\/\/agora.xtec.cat\/ceipcollbaix\/wp-json\/wp\/v2\/comments?post=2289"}],"version-history":[{"count":5,"href":"https:\/\/agora.xtec.cat\/ceipcollbaix\/wp-json\/wp\/v2\/posts\/2289\/revisions"}],"predecessor-version":[{"id":2340,"href":"https:\/\/agora.xtec.cat\/ceipcollbaix\/wp-json\/wp\/v2\/posts\/2289\/revisions\/2340"}],"wp:featuredmedia":[{"embeddable":true,"href":"https:\/\/agora.xtec.cat\/ceipcollbaix\/wp-json\/wp\/v2\/media\/2312"}],"wp:attachment":[{"href":"https:\/\/agora.xtec.cat\/ceipcollbaix\/wp-json\/wp\/v2\/media?parent=2289"}],"wp:term":[{"taxonomy":"category","embeddable":true,"href":"https:\/\/agora.xtec.cat\/ceipcollbaix\/wp-json\/wp\/v2\/categories?post=2289"},{"taxonomy":"post_tag","embeddable":true,"href":"https:\/\/agora.xtec.cat\/ceipcollbaix\/wp-json\/wp\/v2\/tags?post=2289"}],"curies":[{"name":"wp","href":"https:\/\/api.w.org\/{rel}","templated":true}]}}