{"id":2233,"date":"2020-03-09T08:41:31","date_gmt":"2020-03-09T07:41:31","guid":{"rendered":"http:\/\/agora.xtec.cat\/ceipcollbaix\/?p=2233"},"modified":"2020-03-09T08:41:31","modified_gmt":"2020-03-09T07:41:31","slug":"p5-al-febrer-floreix-lametller","status":"publish","type":"post","link":"https:\/\/agora.xtec.cat\/ceipcollbaix\/grups\/grans\/promocio-2014-6e\/p5-al-febrer-floreix-lametller\/","title":{"rendered":"P5- AL FEBRER FLOREIX L&#8217;AMETLLER"},"content":{"rendered":"<p>Els nens i nenes de p5 <strong>observem<\/strong> ametlles amb la seva closca, fem hip\u00f2tesis sobre qu\u00e8 deu ser, les obrim i confirmem que s\u00f3n ametlles, com que sabem que surten dels ametllers, sortim al pati per veure si tenim ametllers. <strong>Busquem i observem els arbres del pati<\/strong>, fins que trobem els <strong>ametllers<\/strong>, els mirem, olorem i ens hi fixem b\u00e9 en els detalls. Un cop a la classe, dibuixem i pintem les flors dels ametllers, ens han quedat molt bonics!<\/p>\n<p><a href=\"https:\/\/photos.app.goo.gl\/EMhUMhjajm2Bo8n98\"><img loading=\"lazy\" decoding=\"async\" class=\"alignnone wp-image-2234 size-medium\" src=\"https:\/\/agora.xtec.cat\/ceipcollbaix\/wp-content\/uploads\/usu1796\/2020\/03\/IMG_20200302_101454-300x225.jpg\" alt=\"\" width=\"300\" height=\"225\" srcset=\"https:\/\/agora.xtec.cat\/ceipcollbaix\/wp-content\/uploads\/usu1796\/2020\/03\/IMG_20200302_101454-300x225.jpg 300w, https:\/\/agora.xtec.cat\/ceipcollbaix\/wp-content\/uploads\/usu1796\/2020\/03\/IMG_20200302_101454-768x576.jpg 768w, https:\/\/agora.xtec.cat\/ceipcollbaix\/wp-content\/uploads\/usu1796\/2020\/03\/IMG_20200302_101454-1024x768.jpg 1024w, https:\/\/agora.xtec.cat\/ceipcollbaix\/wp-content\/uploads\/usu1796\/2020\/03\/IMG_20200302_101454-200x150.jpg 200w\" sizes=\"auto, (max-width: 300px) 100vw, 300px\" \/><\/a><\/p>\n<p>&nbsp;<\/p>\n","protected":false},"excerpt":{"rendered":"<p>Els nens i nenes de p5 observem ametlles amb la seva closca, fem hip\u00f2tesis sobre qu\u00e8 deu ser, les obrim i confirmem que s\u00f3n ametlles, com que sabem que surten dels ametllers, sortim al pati per veure si tenim ametllers. Busquem i observem els arbres&hellip;  <a href=\"https:\/\/agora.xtec.cat\/ceipcollbaix\/grups\/grans\/promocio-2014-6e\/p5-al-febrer-floreix-lametller\/\" title=\"Read P5- AL FEBRER FLOREIX L&#8217;AMETLLER\">Llegeix m\u00e9s\u00bb<\/a><\/p>\n","protected":false},"author":9,"featured_media":0,"comment_status":"open","ping_status":"closed","sticky":false,"template":"","format":"standard","meta":{"_bbp_topic_count":0,"_bbp_reply_count":0,"_bbp_total_topic_count":0,"_bbp_total_reply_count":0,"_bbp_voice_count":0,"_bbp_anonymous_reply_count":0,"_bbp_topic_count_hidden":0,"_bbp_reply_count_hidden":0,"_bbp_forum_subforum_count":0,"footnotes":""},"categories":[92,74],"tags":[],"class_list":["post-2233","post","type-post","status-publish","format-standard","hentry","category-mitjans","category-promocio-2014-6e"],"post_mailing_queue_ids":[],"_links":{"self":[{"href":"https:\/\/agora.xtec.cat\/ceipcollbaix\/wp-json\/wp\/v2\/posts\/2233","targetHints":{"allow":["GET"]}}],"collection":[{"href":"https:\/\/agora.xtec.cat\/ceipcollbaix\/wp-json\/wp\/v2\/posts"}],"about":[{"href":"https:\/\/agora.xtec.cat\/ceipcollbaix\/wp-json\/wp\/v2\/types\/post"}],"author":[{"embeddable":true,"href":"https:\/\/agora.xtec.cat\/ceipcollbaix\/wp-json\/wp\/v2\/users\/9"}],"replies":[{"embeddable":true,"href":"https:\/\/agora.xtec.cat\/ceipcollbaix\/wp-json\/wp\/v2\/comments?post=2233"}],"version-history":[{"count":1,"href":"https:\/\/agora.xtec.cat\/ceipcollbaix\/wp-json\/wp\/v2\/posts\/2233\/revisions"}],"predecessor-version":[{"id":2235,"href":"https:\/\/agora.xtec.cat\/ceipcollbaix\/wp-json\/wp\/v2\/posts\/2233\/revisions\/2235"}],"wp:attachment":[{"href":"https:\/\/agora.xtec.cat\/ceipcollbaix\/wp-json\/wp\/v2\/media?parent=2233"}],"wp:term":[{"taxonomy":"category","embeddable":true,"href":"https:\/\/agora.xtec.cat\/ceipcollbaix\/wp-json\/wp\/v2\/categories?post=2233"},{"taxonomy":"post_tag","embeddable":true,"href":"https:\/\/agora.xtec.cat\/ceipcollbaix\/wp-json\/wp\/v2\/tags?post=2233"}],"curies":[{"name":"wp","href":"https:\/\/api.w.org\/{rel}","templated":true}]}}