{"id":1416,"date":"2019-02-18T20:13:10","date_gmt":"2019-02-18T19:13:10","guid":{"rendered":"http:\/\/agora.xtec.cat\/ceipcollbaix\/?p=1416"},"modified":"2019-02-18T20:13:10","modified_gmt":"2019-02-18T19:13:10","slug":"sortida-de-6e-al-parc-ambiental-bufalvent","status":"publish","type":"post","link":"https:\/\/agora.xtec.cat\/ceipcollbaix\/grups\/exalumnes\/promocio-2007\/sortida-de-6e-al-parc-ambiental-bufalvent\/","title":{"rendered":"Sortida de 6\u00e8 al parc ambiental Bufalvent"},"content":{"rendered":"<p>Els alumnes de 6\u00e8 hem passat un dia fant\u00e0stic a l&#8217;abocador! Poc ens ho imagin\u00e0vem el qu\u00e8 veur\u00edem. <strong>Residus<\/strong> ho ten\u00edem clar, per\u00f2 ni de bon tros el qu\u00e8 vam veure, i aix\u00f2 que nom\u00e9s s\u00f3n les deixalles de la nostra comarca.<\/p>\n<p>Va ser molt &#8220;guai&#8221; veure de prop el falc\u00f3 i veure&#8217;l volar&#8230;<\/p>\n<p><a href=\"https:\/\/photos.app.goo.gl\/a7KTkrVAx8Y3VPP97\" target=\"_blank\" rel=\"noopener\">Aqu\u00ed<\/a> us deixem una mostra fotogr\u00e0fica.<\/p>\n<p><a href=\"https:\/\/photos.app.goo.gl\/a7KTkrVAx8Y3VPP97\"><img loading=\"lazy\" decoding=\"async\" class=\"alignnone wp-image-1418 size-medium\" src=\"https:\/\/agora.xtec.cat\/ceipcollbaix\/wp-content\/uploads\/usu1796\/2019\/02\/abocador-300x225.jpg\" alt=\"\" width=\"300\" height=\"225\" srcset=\"https:\/\/agora.xtec.cat\/ceipcollbaix\/wp-content\/uploads\/usu1796\/2019\/02\/abocador-300x225.jpg 300w, https:\/\/agora.xtec.cat\/ceipcollbaix\/wp-content\/uploads\/usu1796\/2019\/02\/abocador-768x576.jpg 768w, https:\/\/agora.xtec.cat\/ceipcollbaix\/wp-content\/uploads\/usu1796\/2019\/02\/abocador-1024x768.jpg 1024w, https:\/\/agora.xtec.cat\/ceipcollbaix\/wp-content\/uploads\/usu1796\/2019\/02\/abocador-200x150.jpg 200w, https:\/\/agora.xtec.cat\/ceipcollbaix\/wp-content\/uploads\/usu1796\/2019\/02\/abocador.jpg 1209w\" sizes=\"auto, (max-width: 300px) 100vw, 300px\" \/><\/a><\/p>\n","protected":false},"excerpt":{"rendered":"<p>Els alumnes de 6\u00e8 hem passat un dia fant\u00e0stic a l&#8217;abocador! Poc ens ho imagin\u00e0vem el qu\u00e8 veur\u00edem. Residus ho ten\u00edem clar, per\u00f2 ni de bon tros el qu\u00e8 vam veure, i aix\u00f2 que nom\u00e9s s\u00f3n les deixalles de la nostra comarca.<br \/>\nVa ser molt &#8220;guai&#8221;&hellip;  <a href=\"https:\/\/agora.xtec.cat\/ceipcollbaix\/grups\/exalumnes\/promocio-2007\/sortida-de-6e-al-parc-ambiental-bufalvent\/\" title=\"Read Sortida de 6\u00e8 al parc ambiental Bufalvent\">Llegeix m\u00e9s\u00bb<\/a><\/p>\n","protected":false},"author":9,"featured_media":0,"comment_status":"open","ping_status":"closed","sticky":false,"template":"","format":"standard","meta":{"_bbp_topic_count":0,"_bbp_reply_count":0,"_bbp_total_topic_count":0,"_bbp_total_reply_count":0,"_bbp_voice_count":0,"_bbp_anonymous_reply_count":0,"_bbp_topic_count_hidden":0,"_bbp_reply_count_hidden":0,"_bbp_forum_subforum_count":0,"footnotes":""},"categories":[97],"tags":[],"class_list":["post-1416","post","type-post","status-publish","format-standard","hentry","category-promocio-2007"],"post_mailing_queue_ids":[],"_links":{"self":[{"href":"https:\/\/agora.xtec.cat\/ceipcollbaix\/wp-json\/wp\/v2\/posts\/1416","targetHints":{"allow":["GET"]}}],"collection":[{"href":"https:\/\/agora.xtec.cat\/ceipcollbaix\/wp-json\/wp\/v2\/posts"}],"about":[{"href":"https:\/\/agora.xtec.cat\/ceipcollbaix\/wp-json\/wp\/v2\/types\/post"}],"author":[{"embeddable":true,"href":"https:\/\/agora.xtec.cat\/ceipcollbaix\/wp-json\/wp\/v2\/users\/9"}],"replies":[{"embeddable":true,"href":"https:\/\/agora.xtec.cat\/ceipcollbaix\/wp-json\/wp\/v2\/comments?post=1416"}],"version-history":[{"count":2,"href":"https:\/\/agora.xtec.cat\/ceipcollbaix\/wp-json\/wp\/v2\/posts\/1416\/revisions"}],"predecessor-version":[{"id":1420,"href":"https:\/\/agora.xtec.cat\/ceipcollbaix\/wp-json\/wp\/v2\/posts\/1416\/revisions\/1420"}],"wp:attachment":[{"href":"https:\/\/agora.xtec.cat\/ceipcollbaix\/wp-json\/wp\/v2\/media?parent=1416"}],"wp:term":[{"taxonomy":"category","embeddable":true,"href":"https:\/\/agora.xtec.cat\/ceipcollbaix\/wp-json\/wp\/v2\/categories?post=1416"},{"taxonomy":"post_tag","embeddable":true,"href":"https:\/\/agora.xtec.cat\/ceipcollbaix\/wp-json\/wp\/v2\/tags?post=1416"}],"curies":[{"name":"wp","href":"https:\/\/api.w.org\/{rel}","templated":true}]}}