{"id":1786,"date":"2016-02-21T18:16:45","date_gmt":"2016-02-21T17:16:45","guid":{"rendered":"http:\/\/agora.xtec.cat\/ceipcintacurto\/?p=1786"},"modified":"2016-03-03T12:50:31","modified_gmt":"2016-03-03T11:50:31","slug":"viii-jornada-deducacio-infantil-terres-de-lebre","status":"publish","type":"post","link":"https:\/\/agora.xtec.cat\/ceipcintacurto\/portada\/viii-jornada-deducacio-infantil-terres-de-lebre\/","title":{"rendered":"VIII JORNADA D\u2019EDUCACI\u00d3 INFANTIL TERRES DE L\u2019EBRE"},"content":{"rendered":"<p style=\"text-align: justify;\"><b>METODOLOGIES GLOBALITZADORES I TREBALL COMPETENCIAL<\/b><\/p>\n<p style=\"text-align: justify;\">Aix\u00ed es va titular la <a href=\"http:\/\/www.urv.cat\/media\/upload\/\/arxius\/campus_terres_ebre\/curs_15-16\/jornada_infantil.pdf\" target=\"_blank\">VIII<\/a> <a href=\"http:\/\/www.urv.cat\/media\/upload\/\/arxius\/campus_terres_ebre\/curs_15-16\/jornada_infantil.pdf\" target=\"_blank\">JORNADA D&#8217;EDUCACI\u00d3 INFANTIL<\/a> que es va portar a terme a el proppassat dissabte 20 de febrer al Campus de la <span class=\"il\">URV<\/span> Terres de l\u2019Ebre, on es van mostrar com les metodologies globalitzadores i el treball competencial esdev\u00e9 un mitj\u00e0 per desenvolupar les capacitats de l&#8217;alumnat d&#8217;educaci\u00f3 infantil.<\/p>\n<p style=\"text-align: justify;\">L&#8217;escola hi va participar amb la pon\u00e8ncia &#8220;<em><strong>De les intel\u00b7lig\u00e8ncies m\u00faltiples als tallers internivell<\/strong><\/em>&#8220;<\/p>\n<p style=\"text-align: justify;\"><a href=\"http:\/\/agora.xtec.cat\/ceipcintacurto\/wp-content\/uploads\/usu187\/2016\/02\/Tallersinternivells_URV.jpg\"><img loading=\"lazy\" decoding=\"async\" class=\"  wp-image-1787 aligncenter\" src=\"http:\/\/agora.xtec.cat\/ceipcintacurto\/wp-content\/uploads\/usu187\/2016\/02\/Tallersinternivells_URV-1024x668.jpg\" alt=\"Tallersinternivells_URV\" width=\"483\" height=\"315\" srcset=\"https:\/\/agora.xtec.cat\/ceipcintacurto\/wp-content\/uploads\/usu187\/2016\/02\/Tallersinternivells_URV-1024x668.jpg 1024w, https:\/\/agora.xtec.cat\/ceipcintacurto\/wp-content\/uploads\/usu187\/2016\/02\/Tallersinternivells_URV-300x196.jpg 300w, https:\/\/agora.xtec.cat\/ceipcintacurto\/wp-content\/uploads\/usu187\/2016\/02\/Tallersinternivells_URV.jpg 1600w\" sizes=\"auto, (max-width: 483px) 100vw, 483px\" \/><\/a>L&#8217;experi\u00e8ncia presentada va estar centrada en els <a href=\"http:\/\/agora.xtec.cat\/ceipcintacurto\/infantil\/comencem-internivells\/\" target=\"_blank\">tallers internivell<\/a> que es realitzen a parvulari des de fa quatre cursos, la seva fonamentaci\u00f3 te\u00f2rica, aix\u00ed com l&#8217;organitzaci\u00f3 i gesti\u00f3 d&#8217;aquests.<\/p>\n<p style=\"text-align: justify;\"><a href=\"http:\/\/agora.xtec.cat\/ceipcintacurto\/wp-content\/uploads\/usu187\/2016\/03\/ebredigital.png\"><img loading=\"lazy\" decoding=\"async\" class=\"  wp-image-1874 alignleft\" src=\"http:\/\/agora.xtec.cat\/ceipcintacurto\/wp-content\/uploads\/usu187\/2016\/03\/ebredigital.png\" alt=\"ebredigital\" width=\"210\" height=\"42\" srcset=\"https:\/\/agora.xtec.cat\/ceipcintacurto\/wp-content\/uploads\/usu187\/2016\/03\/ebredigital.png 345w, https:\/\/agora.xtec.cat\/ceipcintacurto\/wp-content\/uploads\/usu187\/2016\/03\/ebredigital-300x60.png 300w\" sizes=\"auto, (max-width: 210px) 100vw, 210px\" \/><\/a><\/p>\n<h2><a href=\"http:\/\/www.ebredigital.cat\/societat\/227-el-canvi-didactic-i-metodologic-a-les-aules-centra-la-viii-jornada-d-educacio-infantil-del-campus-terres-de-l-ebre\" target=\"_blank\">El canvi did\u00e0ctic i metodol\u00f2gic a les aules centra la VIII Jornada d\u2019Educaci\u00f3 Infantil al Campus Terres de l\u2019Ebre<\/a><\/h2>\n<p><a href=\"http:\/\/agora.xtec.cat\/ceipcintacurto\/wp-content\/uploads\/usu187\/2016\/03\/Jornada_Ice_Cinta_Curto.pdf\" target=\"_blank\"><img loading=\"lazy\" decoding=\"async\" class=\"alignnone size-full wp-image-1876\" src=\"http:\/\/agora.xtec.cat\/ceipcintacurto\/wp-content\/uploads\/usu187\/2016\/02\/presentaci\u00f3_M.png\" alt=\"presentaci\u00f3_M\" width=\"795\" height=\"599\" srcset=\"https:\/\/agora.xtec.cat\/ceipcintacurto\/wp-content\/uploads\/usu187\/2016\/02\/presentaci\u00f3_M.png 795w, https:\/\/agora.xtec.cat\/ceipcintacurto\/wp-content\/uploads\/usu187\/2016\/02\/presentaci\u00f3_M-300x226.png 300w, https:\/\/agora.xtec.cat\/ceipcintacurto\/wp-content\/uploads\/usu187\/2016\/02\/presentaci\u00f3_M-200x150.png 200w\" sizes=\"auto, (max-width: 795px) 100vw, 795px\" \/><\/a><\/p>\n","protected":false},"excerpt":{"rendered":"<p>Aix\u00ed es va titular la VIII JORNADA D&#8217;EDUCACI\u00d3 INFANTIL que es va portar a terme<\/p>\n","protected":false},"author":1,"featured_media":1876,"comment_status":"open","ping_status":"open","sticky":false,"template":"","format":"standard","meta":{"_bbp_topic_count":0,"_bbp_reply_count":0,"_bbp_total_topic_count":0,"_bbp_total_reply_count":0,"_bbp_voice_count":0,"_bbp_anonymous_reply_count":0,"_bbp_topic_count_hidden":0,"_bbp_reply_count_hidden":0,"_bbp_forum_subforum_count":0,"site-sidebar-layout":"default","site-content-layout":"","ast-site-content-layout":"","site-content-style":"default","site-sidebar-style":"default","ast-global-header-display":"","ast-banner-title-visibility":"","ast-main-header-display":"","ast-hfb-above-header-display":"","ast-hfb-below-header-display":"","ast-hfb-mobile-header-display":"","site-post-title":"","ast-breadcrumbs-content":"","ast-featured-img":"","footer-sml-layout":"","theme-transparent-header-meta":"","adv-header-id-meta":"","stick-header-meta":"","header-above-stick-meta":"","header-main-stick-meta":"","header-below-stick-meta":"","astra-migrate-meta-layouts":"default","ast-page-background-enabled":"default","ast-page-background-meta":{"desktop":{"background-color":"var(--ast-global-color-4)","background-image":"","background-repeat":"repeat","background-position":"center center","background-size":"auto","background-attachment":"scroll","background-type":"","background-media":"","overlay-type":"","overlay-color":"","overlay-opacity":"","overlay-gradient":""},"tablet":{"background-color":"","background-image":"","background-repeat":"repeat","background-position":"center center","background-size":"auto","background-attachment":"scroll","background-type":"","background-media":"","overlay-type":"","overlay-color":"","overlay-opacity":"","overlay-gradient":""},"mobile":{"background-color":"","background-image":"","background-repeat":"repeat","background-position":"center center","background-size":"auto","background-attachment":"scroll","background-type":"","background-media":"","overlay-type":"","overlay-color":"","overlay-opacity":"","overlay-gradient":""}},"ast-content-background-meta":{"desktop":{"background-color":"var(--ast-global-color-5)","background-image":"","background-repeat":"repeat","background-position":"center center","background-size":"auto","background-attachment":"scroll","background-type":"","background-media":"","overlay-type":"","overlay-color":"","overlay-opacity":"","overlay-gradient":""},"tablet":{"background-color":"var(--ast-global-color-5)","background-image":"","background-repeat":"repeat","background-position":"center center","background-size":"auto","background-attachment":"scroll","background-type":"","background-media":"","overlay-type":"","overlay-color":"","overlay-opacity":"","overlay-gradient":""},"mobile":{"background-color":"var(--ast-global-color-5)","background-image":"","background-repeat":"repeat","background-position":"center center","background-size":"auto","background-attachment":"scroll","background-type":"","background-media":"","overlay-type":"","overlay-color":"","overlay-opacity":"","overlay-gradient":""}},"footnotes":""},"categories":[4],"tags":[28,37],"class_list":["post-1786","post","type-post","status-publish","format-standard","has-post-thumbnail","hentry","category-portada","tag-2015-2016","tag-infantil_1516"],"post_mailing_queue_ids":[],"_links":{"self":[{"href":"https:\/\/agora.xtec.cat\/ceipcintacurto\/wp-json\/wp\/v2\/posts\/1786","targetHints":{"allow":["GET"]}}],"collection":[{"href":"https:\/\/agora.xtec.cat\/ceipcintacurto\/wp-json\/wp\/v2\/posts"}],"about":[{"href":"https:\/\/agora.xtec.cat\/ceipcintacurto\/wp-json\/wp\/v2\/types\/post"}],"author":[{"embeddable":true,"href":"https:\/\/agora.xtec.cat\/ceipcintacurto\/wp-json\/wp\/v2\/users\/1"}],"replies":[{"embeddable":true,"href":"https:\/\/agora.xtec.cat\/ceipcintacurto\/wp-json\/wp\/v2\/comments?post=1786"}],"version-history":[{"count":3,"href":"https:\/\/agora.xtec.cat\/ceipcintacurto\/wp-json\/wp\/v2\/posts\/1786\/revisions"}],"predecessor-version":[{"id":1878,"href":"https:\/\/agora.xtec.cat\/ceipcintacurto\/wp-json\/wp\/v2\/posts\/1786\/revisions\/1878"}],"wp:featuredmedia":[{"embeddable":true,"href":"https:\/\/agora.xtec.cat\/ceipcintacurto\/wp-json\/wp\/v2\/media\/1876"}],"wp:attachment":[{"href":"https:\/\/agora.xtec.cat\/ceipcintacurto\/wp-json\/wp\/v2\/media?parent=1786"}],"wp:term":[{"taxonomy":"category","embeddable":true,"href":"https:\/\/agora.xtec.cat\/ceipcintacurto\/wp-json\/wp\/v2\/categories?post=1786"},{"taxonomy":"post_tag","embeddable":true,"href":"https:\/\/agora.xtec.cat\/ceipcintacurto\/wp-json\/wp\/v2\/tags?post=1786"}],"curies":[{"name":"wp","href":"https:\/\/api.w.org\/{rel}","templated":true}]}}