{"id":5367,"date":"2025-03-06T10:18:22","date_gmt":"2025-03-06T09:18:22","guid":{"rendered":"https:\/\/agora.xtec.cat\/ceipcescaldea\/?p=5367"},"modified":"2025-03-06T10:18:22","modified_gmt":"2025-03-06T09:18:22","slug":"carnaval-2025","status":"publish","type":"post","link":"https:\/\/agora.xtec.cat\/ceipcescaldea\/general\/carnaval-2025\/","title":{"rendered":"CARNAVAL 2025"},"content":{"rendered":"\n<figure class=\"wp-block-image alignleft size-large is-resized\"><a href=\"https:\/\/agora.xtec.cat\/ceipcescaldea\/wp-content\/uploads\/usu863\/2025\/03\/IMG20250228150823.jpg\"><img loading=\"lazy\" decoding=\"async\" width=\"1024\" height=\"459\" src=\"https:\/\/agora.xtec.cat\/ceipcescaldea\/wp-content\/uploads\/usu863\/2025\/03\/IMG20250228150823-1024x459.jpg\" alt=\"\" class=\"wp-image-5370\" style=\"width:509px;height:auto\" srcset=\"https:\/\/agora.xtec.cat\/ceipcescaldea\/wp-content\/uploads\/usu863\/2025\/03\/IMG20250228150823-1024x459.jpg 1024w, https:\/\/agora.xtec.cat\/ceipcescaldea\/wp-content\/uploads\/usu863\/2025\/03\/IMG20250228150823-300x134.jpg 300w, https:\/\/agora.xtec.cat\/ceipcescaldea\/wp-content\/uploads\/usu863\/2025\/03\/IMG20250228150823-768x344.jpg 768w, https:\/\/agora.xtec.cat\/ceipcescaldea\/wp-content\/uploads\/usu863\/2025\/03\/IMG20250228150823-1536x688.jpg 1536w, https:\/\/agora.xtec.cat\/ceipcescaldea\/wp-content\/uploads\/usu863\/2025\/03\/IMG20250228150823.jpg 2048w\" sizes=\"auto, (max-width: 1024px) 100vw, 1024px\" \/><\/a><\/figure>\n\n\n\n<p>El dilluns 24 de febrer, quan vam arribar a l\u2019escola, la vam trobar ben engalanada com un bosc encantat amb escenes dels llibres on trobem els personatges m\u00e0gics m\u00e9s emblem\u00e0tics: bruixes, mags i magues, encanteris\u2026la setmana boja de Carnaval ens estava esperant!!!<\/p>\n\n\n\n<p>A la tarda el grup de cinqu\u00e8 va rebre al rei Carnestoltes Harry Potter amb un preg\u00f3 ben enginy\u00f3s. I&nbsp; els emissors del rei&nbsp; Harry, el grup de sis\u00e8, di\u00e0riament ens van donar consignes que ens van divertir d\u2019all\u00f2 m\u00e9s: pijames, roba d\u2019adults i&nbsp; vestimenta d\u2019un sol color. Quina bogeria!!!<\/p>\n\n\n\n<p>El dijous gras vam sortir a caminar, al parc a jugar i a menjar-nos l\u2019entrep\u00e0 de truita o de botifarra d\u2019ou. I el divendres &#8230; vam celebrar com cal la festa de Carnaval!!!<\/p>\n\n\n\n<p>Al mat\u00ed&nbsp; vam escoltar els nostres tradicionals garrotins i a continuaci\u00f3 l\u2019AFA ens va convidar a un bon esmorzar de xocolata desfeta amb melindros per agafar forces. Despr\u00e9s del pati vam organitzar diferents espais l\u00fadics on lliurement l\u2019alumnat podia fer diferents activitats: m\u00e0scares, cantar, ballar, jocs de taula\u2026 I a la tarda&#8230; desfilada i comparses a la pista! Vam poder lluir les nostres disfresses amb les millors coreografies. Ens encanta ballar!<\/p>\n\n\n\n<p> Ha sigut una setmana molt intensa i plena d\u2019emocions. Cliqueu <a href=\"https:\/\/agora.xtec.cat\/ceipcescaldea\/fotos-de-festes-i-activitats\/\" data-type=\"link\" data-id=\"https:\/\/agora.xtec.cat\/ceipcescaldea\/fotos-de-festes-i-activitats\/\">AQU\u00cd<\/a> algunes fotografies de les activitats m\u00e9s destacades d\u2019aquests dies.<\/p>\n","protected":false},"excerpt":{"rendered":"<p>El dilluns 24 de febrer, quan vam arribar a l\u2019escola, la vam trobar ben engalanada com un bosc encantat amb [&hellip;]<\/p>\n","protected":false},"author":1,"featured_media":5370,"comment_status":"open","ping_status":"open","sticky":false,"template":"","format":"standard","meta":{"_bbp_topic_count":0,"_bbp_reply_count":0,"_bbp_total_topic_count":0,"_bbp_total_reply_count":0,"_bbp_voice_count":0,"_bbp_anonymous_reply_count":0,"_bbp_topic_count_hidden":0,"_bbp_reply_count_hidden":0,"_bbp_forum_subforum_count":0,"site-sidebar-layout":"default","site-content-layout":"","ast-site-content-layout":"default","site-content-style":"default","site-sidebar-style":"default","ast-global-header-display":"","ast-banner-title-visibility":"","ast-main-header-display":"","ast-hfb-above-header-display":"","ast-hfb-below-header-display":"","ast-hfb-mobile-header-display":"","site-post-title":"","ast-breadcrumbs-content":"","ast-featured-img":"","footer-sml-layout":"","theme-transparent-header-meta":"","adv-header-id-meta":"","stick-header-meta":"","header-above-stick-meta":"","header-main-stick-meta":"","header-below-stick-meta":"","astra-migrate-meta-layouts":"set","ast-page-background-enabled":"default","ast-page-background-meta":{"desktop":{"background-color":"var(--ast-global-color-4)","background-image":"","background-repeat":"repeat","background-position":"center center","background-size":"auto","background-attachment":"scroll","background-type":"","background-media":"","overlay-type":"","overlay-color":"","overlay-opacity":"","overlay-gradient":""},"tablet":{"background-color":"","background-image":"","background-repeat":"repeat","background-position":"center center","background-size":"auto","background-attachment":"scroll","background-type":"","background-media":"","overlay-type":"","overlay-color":"","overlay-opacity":"","overlay-gradient":""},"mobile":{"background-color":"","background-image":"","background-repeat":"repeat","background-position":"center center","background-size":"auto","background-attachment":"scroll","background-type":"","background-media":"","overlay-type":"","overlay-color":"","overlay-opacity":"","overlay-gradient":""}},"ast-content-background-meta":{"desktop":{"background-color":"var(--ast-global-color-5)","background-image":"","background-repeat":"repeat","background-position":"center center","background-size":"auto","background-attachment":"scroll","background-type":"","background-media":"","overlay-type":"","overlay-color":"","overlay-opacity":"","overlay-gradient":""},"tablet":{"background-color":"var(--ast-global-color-5)","background-image":"","background-repeat":"repeat","background-position":"center center","background-size":"auto","background-attachment":"scroll","background-type":"","background-media":"","overlay-type":"","overlay-color":"","overlay-opacity":"","overlay-gradient":""},"mobile":{"background-color":"var(--ast-global-color-5)","background-image":"","background-repeat":"repeat","background-position":"center center","background-size":"auto","background-attachment":"scroll","background-type":"","background-media":"","overlay-type":"","overlay-color":"","overlay-opacity":"","overlay-gradient":""}},"footnotes":""},"categories":[60,1,4],"tags":[],"class_list":["post-5367","post","type-post","status-publish","format-standard","has-post-thumbnail","hentry","category-festes-i-activitats","category-general","category-portada"],"post_mailing_queue_ids":[],"_links":{"self":[{"href":"https:\/\/agora.xtec.cat\/ceipcescaldea\/wp-json\/wp\/v2\/posts\/5367","targetHints":{"allow":["GET"]}}],"collection":[{"href":"https:\/\/agora.xtec.cat\/ceipcescaldea\/wp-json\/wp\/v2\/posts"}],"about":[{"href":"https:\/\/agora.xtec.cat\/ceipcescaldea\/wp-json\/wp\/v2\/types\/post"}],"author":[{"embeddable":true,"href":"https:\/\/agora.xtec.cat\/ceipcescaldea\/wp-json\/wp\/v2\/users\/1"}],"replies":[{"embeddable":true,"href":"https:\/\/agora.xtec.cat\/ceipcescaldea\/wp-json\/wp\/v2\/comments?post=5367"}],"version-history":[{"count":1,"href":"https:\/\/agora.xtec.cat\/ceipcescaldea\/wp-json\/wp\/v2\/posts\/5367\/revisions"}],"predecessor-version":[{"id":5371,"href":"https:\/\/agora.xtec.cat\/ceipcescaldea\/wp-json\/wp\/v2\/posts\/5367\/revisions\/5371"}],"wp:featuredmedia":[{"embeddable":true,"href":"https:\/\/agora.xtec.cat\/ceipcescaldea\/wp-json\/wp\/v2\/media\/5370"}],"wp:attachment":[{"href":"https:\/\/agora.xtec.cat\/ceipcescaldea\/wp-json\/wp\/v2\/media?parent=5367"}],"wp:term":[{"taxonomy":"category","embeddable":true,"href":"https:\/\/agora.xtec.cat\/ceipcescaldea\/wp-json\/wp\/v2\/categories?post=5367"},{"taxonomy":"post_tag","embeddable":true,"href":"https:\/\/agora.xtec.cat\/ceipcescaldea\/wp-json\/wp\/v2\/tags?post=5367"}],"curies":[{"name":"wp","href":"https:\/\/api.w.org\/{rel}","templated":true}]}}