{"id":4922,"date":"2024-03-06T09:45:24","date_gmt":"2024-03-06T08:45:24","guid":{"rendered":"https:\/\/agora.xtec.cat\/ceipcescaldea\/?p=4922"},"modified":"2024-03-06T09:45:24","modified_gmt":"2024-03-06T08:45:24","slug":"matins-entre-llibres-i4","status":"publish","type":"post","link":"https:\/\/agora.xtec.cat\/ceipcescaldea\/general\/matins-entre-llibres-i4\/","title":{"rendered":"MATINS ENTRE LLIBRES (I4)"},"content":{"rendered":"<p style=\"font-weight: 400;\"><img loading=\"lazy\" decoding=\"async\" class=\" wp-image-4923 alignright\" src=\"https:\/\/agora.xtec.cat\/ceipcescaldea\/wp-content\/uploads\/usu863\/2024\/03\/DDSense-titol.jpg\" alt=\"\" width=\"308\" height=\"341\" srcset=\"https:\/\/agora.xtec.cat\/ceipcescaldea\/wp-content\/uploads\/usu863\/2024\/03\/DDSense-titol.jpg 355w, https:\/\/agora.xtec.cat\/ceipcescaldea\/wp-content\/uploads\/usu863\/2024\/03\/DDSense-titol-271x300.jpg 271w\" sizes=\"auto, (max-width: 308px) 100vw, 308px\" \/>Cada mat\u00ed, quan arribem a l\u2019aula dediquem una estona a la lectura. \u00c9s un moment molt especial on podem observar com els nens i nenes estan recorrent el seu propi cam\u00ed lector i s\u2019estan construint com a bons lectors i bones lectores, capa\u00e7os de gaudir del plaer de la lectura.<\/p>\n<p style=\"font-weight: 400;\">A l\u2019aula trobem llibres de narrativa, de poesia, de coneixements, c\u00f2mics, llibres d\u2019imatges i amb il\u00b7lustracions ben variades, llibres amb elements manipulables, llibres populars&#8230; En definitiva, un corpus ben divers que enriqueix les experi\u00e8ncies lectores dels infants, i que tamb\u00e9 els permet fer connexions.<\/p>\n<p style=\"font-weight: 400;\">A poc a poc, i en un ambient tranquil i relaxat, els van descobrint i aprenen a identificar-los, classificar-los i connectar-los. Alguns fan les seves pr\u00f2pies troballes:<\/p>\n<ul>\n<li style=\"font-weight: 400;\"><em>Aquest tamb\u00e9 \u00e9s un c\u00f2mic!<\/em><\/li>\n<li style=\"font-weight: 400;\"><em>Aquest llibre i aquest s\u2019assemblen&#8230;<\/em>\u00a0(i llavors descobrim amb la mestra que\u00a0<em>La canci\u00f3n del oso<\/em>\u00a0i<em>\u00a0La gran casa del osito Pomp\u00f3n<\/em>\u00a0estan escrits i il\u00b7lustrats per la mateixa persona).<\/li>\n<li style=\"font-weight: 400;\">Mirant <em>L\u2019\u00e0nec emmurriat\u00a0<\/em>descobrim un personatge que ja coneixem i que \u00e9s protagonista d\u2019un altre llibre:\u00a0<em>La cabra goluda.<\/em><\/li>\n<li style=\"font-weight: 400;\">Tamb\u00e9 trobem al <em>Libro de la noche<\/em>, un personatge que van con\u00e8ixer l\u2019any passat al llibre\u00a0<em>All\u00e0 on viuen els monstres.<\/em><\/li>\n<li style=\"font-weight: 400;\">Trobem llibres de la mateixa col\u00b7lecci\u00f3, iguals, amb el mateix format i personatge, per\u00f2 cadasc\u00fa ens parla d\u2019una estaci\u00f3 diferent.<\/li>\n<li style=\"font-weight: 400;\"><em>Aquest tampoc ens explica el que passa al final<\/em>.\u00a0<em>Ens ho podem imaginar&#8230;<\/em>\u00a0(i anem descobrint i connectant diferents llibres amb finals oberts).<\/li>\n<\/ul>\n<p style=\"font-weight: 400;\">Cada infant tria el llibre que vol mirar, a vegades ho comparteixen, i altres vegades els ve m\u00e9s de gust fer-ho de manera individual. Abans, buscaven molt l\u2019ajuda de la mestra perqu\u00e8 els hi lleguis, per\u00f2 ara \u00e9s interessant veure com creixen i el moment lector va evolucionant i cada vegada aprofiten m\u00e9s aquest espai lector per llegir llibres de manera aut\u00f2noma. A poc a poc, i tamb\u00e9 gr\u00e0cies a les lectures en veu alta per part de la mestra, van coneixent el corpus de la biblioteca, i llibres que pr\u00e8viament han sigut llegits per l\u2019adult, ara s\u00f3n ells mateixos que expliquen el relat als altres. A alguns els agrada adoptar el rol d\u2019explicar hist\u00f2ries als altres nens i nenes, i reprodueixen el relat de manera clara, seguint el fil i fent que \u201cllegeixen\u201d les lletres.<\/p>\n<p style=\"font-weight: 400;\">\u00c9s un gust veure com els nens i nenes de la classe de les gates estan desenvolupant l\u2019h\u00e0bit lector i com gaudeixen de la lectura i la literatura. Si voleu veure fotografies d\u2019aquests moments cliqueu <a href=\"https:\/\/agora.xtec.cat\/ceipcescaldea\/fotos-p4-19-20\/\" target=\"_blank\" rel=\"noopener\">AQU\u00cd.<\/a><\/p>\n","protected":false},"excerpt":{"rendered":"<p>Cada mat\u00ed, quan arribem a l\u2019aula dediquem una estona a la lectura. \u00c9s un moment molt especial on podem observar [&hellip;]<\/p>\n","protected":false},"author":1,"featured_media":4923,"comment_status":"open","ping_status":"closed","sticky":false,"template":"","format":"standard","meta":{"_bbp_topic_count":0,"_bbp_reply_count":0,"_bbp_total_topic_count":0,"_bbp_total_reply_count":0,"_bbp_voice_count":0,"_bbp_anonymous_reply_count":0,"_bbp_topic_count_hidden":0,"_bbp_reply_count_hidden":0,"_bbp_forum_subforum_count":0,"site-sidebar-layout":"default","site-content-layout":"","ast-site-content-layout":"","site-content-style":"default","site-sidebar-style":"default","ast-global-header-display":"","ast-banner-title-visibility":"","ast-main-header-display":"","ast-hfb-above-header-display":"","ast-hfb-below-header-display":"","ast-hfb-mobile-header-display":"","site-post-title":"","ast-breadcrumbs-content":"","ast-featured-img":"","footer-sml-layout":"","theme-transparent-header-meta":"","adv-header-id-meta":"","stick-header-meta":"","header-above-stick-meta":"","header-main-stick-meta":"","header-below-stick-meta":"","astra-migrate-meta-layouts":"default","ast-page-background-enabled":"default","ast-page-background-meta":{"desktop":{"background-color":"var(--ast-global-color-4)","background-image":"","background-repeat":"repeat","background-position":"center center","background-size":"auto","background-attachment":"scroll","background-type":"","background-media":"","overlay-type":"","overlay-color":"","overlay-opacity":"","overlay-gradient":""},"tablet":{"background-color":"","background-image":"","background-repeat":"repeat","background-position":"center center","background-size":"auto","background-attachment":"scroll","background-type":"","background-media":"","overlay-type":"","overlay-color":"","overlay-opacity":"","overlay-gradient":""},"mobile":{"background-color":"","background-image":"","background-repeat":"repeat","background-position":"center center","background-size":"auto","background-attachment":"scroll","background-type":"","background-media":"","overlay-type":"","overlay-color":"","overlay-opacity":"","overlay-gradient":""}},"ast-content-background-meta":{"desktop":{"background-color":"var(--ast-global-color-5)","background-image":"","background-repeat":"repeat","background-position":"center center","background-size":"auto","background-attachment":"scroll","background-type":"","background-media":"","overlay-type":"","overlay-color":"","overlay-opacity":"","overlay-gradient":""},"tablet":{"background-color":"var(--ast-global-color-5)","background-image":"","background-repeat":"repeat","background-position":"center center","background-size":"auto","background-attachment":"scroll","background-type":"","background-media":"","overlay-type":"","overlay-color":"","overlay-opacity":"","overlay-gradient":""},"mobile":{"background-color":"var(--ast-global-color-5)","background-image":"","background-repeat":"repeat","background-position":"center center","background-size":"auto","background-attachment":"scroll","background-type":"","background-media":"","overlay-type":"","overlay-color":"","overlay-opacity":"","overlay-gradient":""}},"footnotes":""},"categories":[1,4],"tags":[],"class_list":["post-4922","post","type-post","status-publish","format-standard","has-post-thumbnail","hentry","category-general","category-portada"],"post_mailing_queue_ids":[],"_links":{"self":[{"href":"https:\/\/agora.xtec.cat\/ceipcescaldea\/wp-json\/wp\/v2\/posts\/4922","targetHints":{"allow":["GET"]}}],"collection":[{"href":"https:\/\/agora.xtec.cat\/ceipcescaldea\/wp-json\/wp\/v2\/posts"}],"about":[{"href":"https:\/\/agora.xtec.cat\/ceipcescaldea\/wp-json\/wp\/v2\/types\/post"}],"author":[{"embeddable":true,"href":"https:\/\/agora.xtec.cat\/ceipcescaldea\/wp-json\/wp\/v2\/users\/1"}],"replies":[{"embeddable":true,"href":"https:\/\/agora.xtec.cat\/ceipcescaldea\/wp-json\/wp\/v2\/comments?post=4922"}],"version-history":[{"count":1,"href":"https:\/\/agora.xtec.cat\/ceipcescaldea\/wp-json\/wp\/v2\/posts\/4922\/revisions"}],"predecessor-version":[{"id":4924,"href":"https:\/\/agora.xtec.cat\/ceipcescaldea\/wp-json\/wp\/v2\/posts\/4922\/revisions\/4924"}],"wp:featuredmedia":[{"embeddable":true,"href":"https:\/\/agora.xtec.cat\/ceipcescaldea\/wp-json\/wp\/v2\/media\/4923"}],"wp:attachment":[{"href":"https:\/\/agora.xtec.cat\/ceipcescaldea\/wp-json\/wp\/v2\/media?parent=4922"}],"wp:term":[{"taxonomy":"category","embeddable":true,"href":"https:\/\/agora.xtec.cat\/ceipcescaldea\/wp-json\/wp\/v2\/categories?post=4922"},{"taxonomy":"post_tag","embeddable":true,"href":"https:\/\/agora.xtec.cat\/ceipcescaldea\/wp-json\/wp\/v2\/tags?post=4922"}],"curies":[{"name":"wp","href":"https:\/\/api.w.org\/{rel}","templated":true}]}}