{"id":4905,"date":"2024-03-02T15:01:20","date_gmt":"2024-03-02T14:01:20","guid":{"rendered":"https:\/\/agora.xtec.cat\/ceipcescaldea\/?p=4905"},"modified":"2024-03-02T15:01:20","modified_gmt":"2024-03-02T14:01:20","slug":"carnaval-2024","status":"publish","type":"post","link":"https:\/\/agora.xtec.cat\/ceipcescaldea\/general\/carnaval-2024\/","title":{"rendered":"CARNAVAL 2024"},"content":{"rendered":"<p><span style=\"font-weight: 400;\"><img loading=\"lazy\" decoding=\"async\" class=\" wp-image-4907 alignright\" src=\"https:\/\/agora.xtec.cat\/ceipcescaldea\/wp-content\/uploads\/usu863\/2024\/03\/Captura-de-pantalla-2024-03-02-a-las-14.57.23.png\" alt=\"\" width=\"264\" height=\"569\" srcset=\"https:\/\/agora.xtec.cat\/ceipcescaldea\/wp-content\/uploads\/usu863\/2024\/03\/Captura-de-pantalla-2024-03-02-a-las-14.57.23.png 372w, https:\/\/agora.xtec.cat\/ceipcescaldea\/wp-content\/uploads\/usu863\/2024\/03\/Captura-de-pantalla-2024-03-02-a-las-14.57.23-139x300.png 139w\" sizes=\"auto, (max-width: 264px) 100vw, 264px\" \/>La setmana de Carnaval va comen\u00e7ar amb l\u2019arribada de la Reina Carnestoltes. El dilluns a la tarda tota l\u2019escola li va donar la benvinguda i la classe dels Xefs va ser l\u2019encarregada de fer el preg\u00f3 que anunciava l\u2019inici d\u2019aquesta festa.<\/span><\/p>\n<p><span style=\"font-weight: 400;\">Tot seguit, la classe dels Ocean\u00f2legs i Ocean\u00f2logues ens van dir la consigna per l\u2019endem\u00e0. Van ser ells i elles els encarregats de transmetre les consignes i comprovar que tothom la complia durant la setmana. Si alg\u00fa gosava venir a escola sense la consigna, marxava a casa pintat de dalt a baix.\u00a0<\/span><\/p>\n<p>&nbsp;<\/p>\n<p><strong>DIJOUS GRAS<\/strong><\/p>\n<p><span style=\"font-weight: 400;\">El dijous al mat\u00ed l\u2019alumnat d\u2019I3 fins a 4t van anar a esmorzar entrepans de truita o butifarra d\u2019ou a un parc de Sant Quirze. Per obrir gana, van sortir de l\u2019escola ben d\u2019hora,\u00a0 per realitzar una passejada pel bosc que envolta el Cesc Aldea. Despr\u00e9s d\u2019esmorzar i jugar una estona al parc, vam tornar a l\u2019escola caminant una mica m\u00e9s.<\/span><\/p>\n<p><span style=\"font-weight: 400;\">Els companys i companyes de 5\u00e8 i 6\u00e8, van esmorzar al Parc de Vallparad\u00eds, despr\u00e9s de gaudir d\u2019un concert d\u2019instruments de corda fregada.<\/span><\/p>\n<p>&nbsp;<\/p>\n<p><strong>CARNAVAL<\/strong><\/p>\n<p><span style=\"font-weight: 400;\">El divendres el vam iniciar amb la pluja tant desitjada, per\u00f2 que ens va trastocar tots els plans per la celebraci\u00f3 del Carnaval.\u00a0<\/span><\/p>\n<p><span style=\"font-weight: 400;\">De bon mat\u00ed, al vest\u00edbul, l\u2019alumnat va cantar els garrotins dedicats a les mestres, als mestres, i a tot el personal que treballa a l\u2019escola. Els infants van aprofitar aquesta oportunitat per fer una mica de burla i riure\u2019s d\u2019aquests adults que els fan treballar tant.<\/span><\/p>\n<p><span style=\"font-weight: 400;\">A l\u2019hora d\u2019esmorzar, l\u2019AFA ens va convidar a xocolata desfeta i pa de pessic. Els infants d\u2019infantil van esmorzar amb els seus padrins i padrines a la classe. L\u2019alumnat de la comunitat de mitjans van esmorzar tots junts al menjador.<\/span><\/p>\n<p><span style=\"font-weight: 400;\"><img loading=\"lazy\" decoding=\"async\" class=\"aligncenter  wp-image-4908\" src=\"https:\/\/agora.xtec.cat\/ceipcescaldea\/wp-content\/uploads\/usu863\/2024\/03\/Captura-de-pantalla-2024-03-02-a-las-14.59.48-1024x610.png\" alt=\"\" width=\"472\" height=\"281\" srcset=\"https:\/\/agora.xtec.cat\/ceipcescaldea\/wp-content\/uploads\/usu863\/2024\/03\/Captura-de-pantalla-2024-03-02-a-las-14.59.48-1024x610.png 1024w, https:\/\/agora.xtec.cat\/ceipcescaldea\/wp-content\/uploads\/usu863\/2024\/03\/Captura-de-pantalla-2024-03-02-a-las-14.59.48-300x179.png 300w, https:\/\/agora.xtec.cat\/ceipcescaldea\/wp-content\/uploads\/usu863\/2024\/03\/Captura-de-pantalla-2024-03-02-a-las-14.59.48-768x457.png 768w, https:\/\/agora.xtec.cat\/ceipcescaldea\/wp-content\/uploads\/usu863\/2024\/03\/Captura-de-pantalla-2024-03-02-a-las-14.59.48.png 1142w\" sizes=\"auto, (max-width: 472px) 100vw, 472px\" \/>Amb la panxa ben plena, l\u2019alumnat de prim\u00e0ria va poder triar diferents espais l\u00fadics on anar, per poder realitzar balls, karaoke, manualitats i photocall. L\u2019alumnat de la comunitat de petits va poder triar entre altres activitats com curses de sacs, llan\u00e7ament de c\u00e8rcols, bombolles de sab\u00f3 i jugar a les pomes que pengen.<\/span><\/p>\n<p><span style=\"font-weight: 400;\">Divendres a la tarda va arribar el moment tant esperat per tothom, la desfilada de disfresses i els balls de comparses. T<\/span><span style=\"font-weight: 400;\">ots els grups de l\u2019escola ens van fer gaudir de la coreograf\u00eda que havien estat preparant per aquesta celebraci\u00f3.\u00a0<\/span><\/p>\n<p><span style=\"font-weight: 400;\">Despr\u00e9s de veure totes les coreografies el jurat va otorgar el premis corresponents, les classes guanyadores van ser aquestes:<\/span><\/p>\n<ul>\n<li style=\"font-weight: 400;\" aria-level=\"1\"><span style=\"font-weight: 400;\">Premi a la comparsa m\u00e9s divertida &#8211; 2n LABERINTS ESPACIALS<\/span><\/li>\n<li style=\"font-weight: 400;\" aria-level=\"1\"><span style=\"font-weight: 400;\">Premi a la comparsa m\u00e9s marxosa &#8211; 3r ALIENPIZZA<\/span><\/li>\n<li style=\"font-weight: 400;\" aria-level=\"1\"><span style=\"font-weight: 400;\">Premi a la comparsa m\u00e9s coordinada &#8211; 1r M\u00d3N DE LA FANTASIA<\/span><\/li>\n<li style=\"font-weight: 400;\" aria-level=\"1\"><span style=\"font-weight: 400;\">Premi a la comparsa amb la millor coreograf\u00eda &#8211; 5\u00e8 X\u00c8FS I XEFAS<\/span><\/li>\n<li style=\"font-weight: 400;\" aria-level=\"1\"><span style=\"font-weight: 400;\">Premi a la comparsa amb la millor disfressa &#8211; 4t LA TRIBU<\/span><\/li>\n<li style=\"font-weight: 400;\" aria-level=\"1\"><span style=\"font-weight: 400;\">Premi a la millor comparsa\u00a0 &#8211; 6\u00e8 OCEAN\u00d2LEGS I OCEAN\u00d2LOGUES<\/span><\/li>\n<\/ul>\n<p><span style=\"font-weight: 400;\">Feu clic <a href=\"https:\/\/agora.xtec.cat\/ceipcescaldea\/fotos-de-festes-i-activitats\/\" target=\"_blank\" rel=\"noopener\">AQU\u00cd<\/a> per veure les fotografies aix\u00ed com els <\/span><span style=\"font-family: inherit; font-size: 1em;\">v\u00eddeos del preg\u00f3, els garrotins i les comparses.<\/span><\/p>\n<p>&nbsp;<\/p>\n","protected":false},"excerpt":{"rendered":"<p>La setmana de Carnaval va comen\u00e7ar amb l\u2019arribada de la Reina Carnestoltes. El dilluns a la tarda tota l\u2019escola li [&hellip;]<\/p>\n","protected":false},"author":1,"featured_media":4908,"comment_status":"open","ping_status":"closed","sticky":false,"template":"","format":"standard","meta":{"_bbp_topic_count":0,"_bbp_reply_count":0,"_bbp_total_topic_count":0,"_bbp_total_reply_count":0,"_bbp_voice_count":0,"_bbp_anonymous_reply_count":0,"_bbp_topic_count_hidden":0,"_bbp_reply_count_hidden":0,"_bbp_forum_subforum_count":0,"site-sidebar-layout":"default","site-content-layout":"","ast-site-content-layout":"","site-content-style":"default","site-sidebar-style":"default","ast-global-header-display":"","ast-banner-title-visibility":"","ast-main-header-display":"","ast-hfb-above-header-display":"","ast-hfb-below-header-display":"","ast-hfb-mobile-header-display":"","site-post-title":"","ast-breadcrumbs-content":"","ast-featured-img":"","footer-sml-layout":"","theme-transparent-header-meta":"","adv-header-id-meta":"","stick-header-meta":"","header-above-stick-meta":"","header-main-stick-meta":"","header-below-stick-meta":"","astra-migrate-meta-layouts":"default","ast-page-background-enabled":"default","ast-page-background-meta":{"desktop":{"background-color":"var(--ast-global-color-4)","background-image":"","background-repeat":"repeat","background-position":"center center","background-size":"auto","background-attachment":"scroll","background-type":"","background-media":"","overlay-type":"","overlay-color":"","overlay-opacity":"","overlay-gradient":""},"tablet":{"background-color":"","background-image":"","background-repeat":"repeat","background-position":"center center","background-size":"auto","background-attachment":"scroll","background-type":"","background-media":"","overlay-type":"","overlay-color":"","overlay-opacity":"","overlay-gradient":""},"mobile":{"background-color":"","background-image":"","background-repeat":"repeat","background-position":"center center","background-size":"auto","background-attachment":"scroll","background-type":"","background-media":"","overlay-type":"","overlay-color":"","overlay-opacity":"","overlay-gradient":""}},"ast-content-background-meta":{"desktop":{"background-color":"var(--ast-global-color-5)","background-image":"","background-repeat":"repeat","background-position":"center center","background-size":"auto","background-attachment":"scroll","background-type":"","background-media":"","overlay-type":"","overlay-color":"","overlay-opacity":"","overlay-gradient":""},"tablet":{"background-color":"var(--ast-global-color-5)","background-image":"","background-repeat":"repeat","background-position":"center center","background-size":"auto","background-attachment":"scroll","background-type":"","background-media":"","overlay-type":"","overlay-color":"","overlay-opacity":"","overlay-gradient":""},"mobile":{"background-color":"var(--ast-global-color-5)","background-image":"","background-repeat":"repeat","background-position":"center center","background-size":"auto","background-attachment":"scroll","background-type":"","background-media":"","overlay-type":"","overlay-color":"","overlay-opacity":"","overlay-gradient":""}},"footnotes":""},"categories":[1,4],"tags":[119,118],"class_list":["post-4905","post","type-post","status-publish","format-standard","has-post-thumbnail","hentry","category-general","category-portada","tag-carnaval","tag-curs-23-24"],"post_mailing_queue_ids":[],"_links":{"self":[{"href":"https:\/\/agora.xtec.cat\/ceipcescaldea\/wp-json\/wp\/v2\/posts\/4905","targetHints":{"allow":["GET"]}}],"collection":[{"href":"https:\/\/agora.xtec.cat\/ceipcescaldea\/wp-json\/wp\/v2\/posts"}],"about":[{"href":"https:\/\/agora.xtec.cat\/ceipcescaldea\/wp-json\/wp\/v2\/types\/post"}],"author":[{"embeddable":true,"href":"https:\/\/agora.xtec.cat\/ceipcescaldea\/wp-json\/wp\/v2\/users\/1"}],"replies":[{"embeddable":true,"href":"https:\/\/agora.xtec.cat\/ceipcescaldea\/wp-json\/wp\/v2\/comments?post=4905"}],"version-history":[{"count":1,"href":"https:\/\/agora.xtec.cat\/ceipcescaldea\/wp-json\/wp\/v2\/posts\/4905\/revisions"}],"predecessor-version":[{"id":4909,"href":"https:\/\/agora.xtec.cat\/ceipcescaldea\/wp-json\/wp\/v2\/posts\/4905\/revisions\/4909"}],"wp:featuredmedia":[{"embeddable":true,"href":"https:\/\/agora.xtec.cat\/ceipcescaldea\/wp-json\/wp\/v2\/media\/4908"}],"wp:attachment":[{"href":"https:\/\/agora.xtec.cat\/ceipcescaldea\/wp-json\/wp\/v2\/media?parent=4905"}],"wp:term":[{"taxonomy":"category","embeddable":true,"href":"https:\/\/agora.xtec.cat\/ceipcescaldea\/wp-json\/wp\/v2\/categories?post=4905"},{"taxonomy":"post_tag","embeddable":true,"href":"https:\/\/agora.xtec.cat\/ceipcescaldea\/wp-json\/wp\/v2\/tags?post=4905"}],"curies":[{"name":"wp","href":"https:\/\/api.w.org\/{rel}","templated":true}]}}