{"id":4888,"date":"2024-02-05T11:01:27","date_gmt":"2024-02-05T10:01:27","guid":{"rendered":"https:\/\/agora.xtec.cat\/ceipcescaldea\/?p=4888"},"modified":"2024-02-05T11:06:03","modified_gmt":"2024-02-05T10:06:03","slug":"el-nostre-abecedari-i5","status":"publish","type":"post","link":"https:\/\/agora.xtec.cat\/ceipcescaldea\/general\/el-nostre-abecedari-i5\/","title":{"rendered":"EL NOSTRE ABECEDARI (I5)"},"content":{"rendered":"<p><span style=\"font-weight: 400;\"><img loading=\"lazy\" decoding=\"async\" class=\" wp-image-4892 alignleft\" src=\"https:\/\/agora.xtec.cat\/ceipcescaldea\/wp-content\/uploads\/usu863\/2024\/02\/image-3.png\" alt=\"\" width=\"341\" height=\"447\" srcset=\"https:\/\/agora.xtec.cat\/ceipcescaldea\/wp-content\/uploads\/usu863\/2024\/02\/image-3.png 530w, https:\/\/agora.xtec.cat\/ceipcescaldea\/wp-content\/uploads\/usu863\/2024\/02\/image-3-229x300.png 229w\" sizes=\"auto, (max-width: 341px) 100vw, 341px\" \/>Ja fa temps que anem omplint el nostre abecedari de la classe, \u00faltimament ens trob\u00e0vem que ens faltaven referents, aix\u00ed que hem decidit pensar entre tots i totes per acabar-ho de completar amb paraules que siguin significatives per nosaltres.\u00a0<\/span><\/p>\n<p><span style=\"font-weight: 400;\">Primer en dos grups, vam pensar-les, escriure-les i les vam\u00a0 confeccionar amb les lletres imantades. Despr\u00e9s vam fer un joc on hav\u00edem d\u2019emparellar la imatge amb la paraula. Ens fix\u00e0vem amb quin so i lletra comen\u00e7ava la paraula i en la fotografia.<\/span><\/p>\n<p><span style=\"font-weight: 400;\">Finalment, vam repartir les paraules i les imatges. Cada infant en tenia un parell. An\u00e0vem dient en veu alta la paraula i li busc\u00e0vem el so de la primera lletra. Un cop el ten\u00edem el vam col\u00b7locar a l\u2019abecedari de la paret de la nostra classe. Aquest abecedari tamb\u00e9 l\u2019hem impr\u00e8s en petit format per ser m\u00e9s manipulable per ells i elles, i tenir-lo a l&#8217;abast per si en algun moment el necessiten de recolzament en alguna tasca de lectura o escriptura.<\/span><\/p>\n<p><span style=\"font-weight: 400;\">L\u2019aprenentatge del codi escrit \u00e9s un proc\u00e9s llarg que dep\u00e8n d\u2019aspectes maduratius, del context alfabetitzador i de les bones experi\u00e8ncies relacionades amb la lectura i l\u2019escriptura. I aqu\u00ed a l\u2019escola ho tenim molt present tot aix\u00f2. Els referents escrits poden representar una eina potent per afavorir el desenvolupament de l\u2019autonomia en l\u2019aprenentatge de la lectura i l\u2019escriptura.<\/span><\/p>\n<p><span style=\"font-weight: 400;\">En aquest cas, el nostre abecedari ens ajudar\u00e0 a enriquir el context alfabetitzador i ajudar\u00e0 als nens i les nenes a tenir una representaci\u00f3 visual a l\u2019aula d\u2019una informaci\u00f3 compartida que els permetr\u00e0 resoldre els dubtes, recordar paraules, completar o omplir els buits que apareixen en situacions de lectura i escriptura durant l\u2019estada a l\u2019escola <\/span><span style=\"font-weight: 400;\">\u00a0(Seminaris d\u2019escola, Tarragona, curs 1999-2000).\u00a0<\/span><\/p>\n<p><span style=\"font-weight: 400;\">Podeu veure com van confeccionar el seu alfabet clicant <\/span><a href=\"https:\/\/agora.xtec.cat\/ceipcescaldea\/fotos-p5-19-20\/\" target=\"_blank\" rel=\"noopener\">AQU\u00cd<\/a>.<\/p>\n","protected":false},"excerpt":{"rendered":"<p>Ja fa temps que anem omplint el nostre abecedari de la classe, \u00faltimament ens trob\u00e0vem que ens faltaven referents, aix\u00ed [&hellip;]<\/p>\n","protected":false},"author":1,"featured_media":4892,"comment_status":"open","ping_status":"closed","sticky":false,"template":"","format":"standard","meta":{"_bbp_topic_count":0,"_bbp_reply_count":0,"_bbp_total_topic_count":0,"_bbp_total_reply_count":0,"_bbp_voice_count":0,"_bbp_anonymous_reply_count":0,"_bbp_topic_count_hidden":0,"_bbp_reply_count_hidden":0,"_bbp_forum_subforum_count":0,"site-sidebar-layout":"default","site-content-layout":"","ast-site-content-layout":"","site-content-style":"default","site-sidebar-style":"default","ast-global-header-display":"","ast-banner-title-visibility":"","ast-main-header-display":"","ast-hfb-above-header-display":"","ast-hfb-below-header-display":"","ast-hfb-mobile-header-display":"","site-post-title":"","ast-breadcrumbs-content":"","ast-featured-img":"","footer-sml-layout":"","theme-transparent-header-meta":"","adv-header-id-meta":"","stick-header-meta":"","header-above-stick-meta":"","header-main-stick-meta":"","header-below-stick-meta":"","astra-migrate-meta-layouts":"default","ast-page-background-enabled":"default","ast-page-background-meta":{"desktop":{"background-color":"var(--ast-global-color-4)","background-image":"","background-repeat":"repeat","background-position":"center center","background-size":"auto","background-attachment":"scroll","background-type":"","background-media":"","overlay-type":"","overlay-color":"","overlay-opacity":"","overlay-gradient":""},"tablet":{"background-color":"","background-image":"","background-repeat":"repeat","background-position":"center center","background-size":"auto","background-attachment":"scroll","background-type":"","background-media":"","overlay-type":"","overlay-color":"","overlay-opacity":"","overlay-gradient":""},"mobile":{"background-color":"","background-image":"","background-repeat":"repeat","background-position":"center center","background-size":"auto","background-attachment":"scroll","background-type":"","background-media":"","overlay-type":"","overlay-color":"","overlay-opacity":"","overlay-gradient":""}},"ast-content-background-meta":{"desktop":{"background-color":"var(--ast-global-color-5)","background-image":"","background-repeat":"repeat","background-position":"center center","background-size":"auto","background-attachment":"scroll","background-type":"","background-media":"","overlay-type":"","overlay-color":"","overlay-opacity":"","overlay-gradient":""},"tablet":{"background-color":"var(--ast-global-color-5)","background-image":"","background-repeat":"repeat","background-position":"center center","background-size":"auto","background-attachment":"scroll","background-type":"","background-media":"","overlay-type":"","overlay-color":"","overlay-opacity":"","overlay-gradient":""},"mobile":{"background-color":"var(--ast-global-color-5)","background-image":"","background-repeat":"repeat","background-position":"center center","background-size":"auto","background-attachment":"scroll","background-type":"","background-media":"","overlay-type":"","overlay-color":"","overlay-opacity":"","overlay-gradient":""}},"footnotes":""},"categories":[1,4],"tags":[118,52],"class_list":["post-4888","post","type-post","status-publish","format-standard","has-post-thumbnail","hentry","category-general","category-portada","tag-curs-23-24","tag-i5"],"post_mailing_queue_ids":[],"_links":{"self":[{"href":"https:\/\/agora.xtec.cat\/ceipcescaldea\/wp-json\/wp\/v2\/posts\/4888","targetHints":{"allow":["GET"]}}],"collection":[{"href":"https:\/\/agora.xtec.cat\/ceipcescaldea\/wp-json\/wp\/v2\/posts"}],"about":[{"href":"https:\/\/agora.xtec.cat\/ceipcescaldea\/wp-json\/wp\/v2\/types\/post"}],"author":[{"embeddable":true,"href":"https:\/\/agora.xtec.cat\/ceipcescaldea\/wp-json\/wp\/v2\/users\/1"}],"replies":[{"embeddable":true,"href":"https:\/\/agora.xtec.cat\/ceipcescaldea\/wp-json\/wp\/v2\/comments?post=4888"}],"version-history":[{"count":1,"href":"https:\/\/agora.xtec.cat\/ceipcescaldea\/wp-json\/wp\/v2\/posts\/4888\/revisions"}],"predecessor-version":[{"id":4893,"href":"https:\/\/agora.xtec.cat\/ceipcescaldea\/wp-json\/wp\/v2\/posts\/4888\/revisions\/4893"}],"wp:featuredmedia":[{"embeddable":true,"href":"https:\/\/agora.xtec.cat\/ceipcescaldea\/wp-json\/wp\/v2\/media\/4892"}],"wp:attachment":[{"href":"https:\/\/agora.xtec.cat\/ceipcescaldea\/wp-json\/wp\/v2\/media?parent=4888"}],"wp:term":[{"taxonomy":"category","embeddable":true,"href":"https:\/\/agora.xtec.cat\/ceipcescaldea\/wp-json\/wp\/v2\/categories?post=4888"},{"taxonomy":"post_tag","embeddable":true,"href":"https:\/\/agora.xtec.cat\/ceipcescaldea\/wp-json\/wp\/v2\/tags?post=4888"}],"curies":[{"name":"wp","href":"https:\/\/api.w.org\/{rel}","templated":true}]}}