{"id":4879,"date":"2024-01-29T10:24:57","date_gmt":"2024-01-29T09:24:57","guid":{"rendered":"https:\/\/agora.xtec.cat\/ceipcescaldea\/?p=4879"},"modified":"2024-07-10T11:44:17","modified_gmt":"2024-07-10T09:44:17","slug":"preinscripcio-24-25","status":"publish","type":"post","link":"https:\/\/agora.xtec.cat\/ceipcescaldea\/general\/preinscripcio-24-25\/","title":{"rendered":"PREINSCRIPCI\u00d3 24\/25"},"content":{"rendered":"<h3>PREINSCRIPCI\u00d3<\/h3>\n<table style=\"border-collapse: collapse; width: 84.7297%; height: 335px;\">\n<tbody>\n<tr style=\"height: 32px;\">\n<td style=\"width: 35.7209%; height: 32px;\">Oferta educativa provisional<\/td>\n<td style=\"width: 22.0478%; text-align: center; height: 32px;\">5 de mar\u00e7<\/td>\n<td style=\"width: 26.1777%; text-align: center; height: 32px;\">Clica <a href=\"https:\/\/drive.google.com\/file\/d\/1RyToTNJJinuNUf_ABFGY4ERFTo565aDU\/view?usp=sharing\" target=\"_blank\" rel=\"noopener\">AQU\u00cd<\/a> per consultar<\/td>\n<\/tr>\n<tr style=\"height: 32px;\">\n<td style=\"width: 35.7209%; height: 32px;\"><strong>Presentaci\u00f3 sol\u00b7licituds<\/strong><\/td>\n<td style=\"width: 22.0478%; text-align: center; height: 32px;\"><strong>6 al 20 de mar\u00e7<\/strong><\/td>\n<td style=\"width: 26.1777%; height: 32px; text-align: center;\"><a href=\"https:\/\/preinscripcio.gencat.cat\/ca\/inici\/\" target=\"_blank\" rel=\"noopener\">https:\/\/preinscripcio.gencat.cat\/ca\/inici\/<\/a><\/td>\n<\/tr>\n<tr style=\"height: 32px;\">\n<td style=\"width: 35.7209%; height: 32px;\">Llista de sol\u00b7licituds amb puntuaci\u00f3 provisional<\/td>\n<td style=\"width: 22.0478%; text-align: center; height: 32px;\">17 d&#8217;abril<\/td>\n<td style=\"width: 26.1777%; height: 32px; text-align: center;\">Clica <a href=\"https:\/\/drive.google.com\/file\/d\/1ihellx6RovIcMXjgiPqQVLsdVPqGek2v\/view?usp=sharing\" target=\"_blank\" rel=\"noopener\">AQU\u00cd<\/a> per consultar<\/td>\n<\/tr>\n<tr style=\"height: 32px;\">\n<td style=\"width: 35.7209%; height: 32px;\">Reclamaci\u00f3 a la puntuaci\u00f3 provisional<\/td>\n<td style=\"width: 22.0478%; text-align: center; height: 32px;\">17 al 22 d\u2019abril<\/td>\n<td style=\"width: 26.1777%; height: 32px;\"><\/td>\n<\/tr>\n<tr style=\"height: 47px;\">\n<td style=\"width: 35.7209%; height: 47px;\">Llista amb la puntuaci\u00f3 definitiva , un cop resoltes les reclamacions<\/td>\n<td style=\"width: 22.0478%; text-align: center; height: 47px;\">25 d&#8217;abril<\/td>\n<td style=\"width: 26.1777%; height: 47px; text-align: center;\">Clica <a href=\"https:\/\/drive.google.com\/file\/d\/1jDUhZZoPH0-tRlvxe_VfHO0asmegaBxA\/view?usp=sharing\" target=\"_blank\" rel=\"noopener\">AQU\u00cd<\/a> per consultar<\/td>\n<\/tr>\n<tr style=\"height: 32px;\">\n<td style=\"width: 35.7209%; height: 32px;\">Sorteig n\u00famero desempat<\/td>\n<td style=\"width: 22.0478%; text-align: center; height: 32px;\">30 d&#8217;abril a les 11h<\/td>\n<td style=\"width: 26.1777%; height: 32px; text-align: center;\">\n<h5>81.801<\/h5>\n<\/td>\n<\/tr>\n<tr style=\"height: 32px;\">\n<td style=\"width: 35.7209%; height: 32px;\">Llista de sol\u00b7licituds ordenada amb puntuaci\u00f3 definitiva<\/td>\n<td style=\"width: 22.0478%; text-align: center; height: 32px;\">2 de maig<\/td>\n<td style=\"width: 26.1777%; height: 32px; text-align: center;\">Clica <a href=\"https:\/\/drive.google.com\/file\/d\/1hVMqpCTNyYZJxpVmAStTeN33EasrruYx\/view?usp=sharing\" target=\"_blank\" rel=\"noopener\">AQU\u00cd<\/a> per consultar<\/td>\n<\/tr>\n<tr style=\"height: 32px;\">\n<td style=\"width: 35.7209%; height: 32px;\">Publicaci\u00f3 de l&#8217;oferta final<\/td>\n<td style=\"width: 22.0478%; text-align: center; height: 32px;\">7 de juny<\/td>\n<td style=\"width: 26.1777%; height: 32px; text-align: center;\">Clica <a href=\"https:\/\/drive.google.com\/file\/d\/1do203t388G-2Q85h7LPP4pq_yoV15OMt\/view?usp=sharing\" target=\"_blank\" rel=\"noopener\">AQU\u00cd<\/a> per consultar<\/td>\n<\/tr>\n<tr style=\"height: 32px;\">\n<td style=\"width: 35.7209%; height: 32px;\">Publicaci\u00f3 de les llistes d\u2019alumnes admesos<\/td>\n<td style=\"width: 22.0478%; text-align: center; height: 32px;\">10 de juny<\/td>\n<td style=\"width: 26.1777%; height: 32px; text-align: center;\">Clica <a href=\"https:\/\/drive.google.com\/file\/d\/1knI0jrjQtJeP013hVZXr2NTUSS4wnxFU\/view?usp=sharing\" target=\"_blank\" rel=\"noopener\">AQU\u00cd<\/a> per consultar<\/td>\n<\/tr>\n<tr style=\"height: 32px;\">\n<td style=\"width: 35.7209%; height: 32px;\">Publicaci\u00f3 de les llistes d\u2019espera<\/td>\n<td style=\"width: 22.0478%; text-align: center; height: 32px;\">10 de juny<\/td>\n<td style=\"width: 26.1777%; height: 32px; text-align: center;\">Clica <a href=\"https:\/\/drive.google.com\/file\/d\/1eElXTdJKeuOuukpJVfA6iqbQYnZj7sY6\/view?usp=sharing\" target=\"_blank\" rel=\"noopener\">AQU\u00cd<\/a> per consultar<\/td>\n<\/tr>\n<tr>\n<td style=\"width: 35.7209%;\">Alumnes preinscrits al centre<\/td>\n<td style=\"width: 22.0478%; text-align: center;\">a data 10 de juny<\/td>\n<td style=\"width: 26.1777%; text-align: center;\">Clica <a href=\"https:\/\/drive.google.com\/file\/d\/10dpE9MribhQAv-5e4gatwBf17OUmDzqO\/view?usp=sharing\" target=\"_blank\" rel=\"noopener\">AQU\u00cd<\/a> per consultar<\/td>\n<\/tr>\n<tr style=\"height: 32px;\">\n<td style=\"width: 35.7209%; height: 32px;\"><strong>Per\u00edode de matr\u00edcula<\/strong><\/td>\n<td style=\"width: 22.0478%; text-align: center; height: 32px;\"><strong>18 al 26 de juny<\/strong><\/td>\n<td style=\"width: 26.1777%; height: 32px;\"><\/td>\n<\/tr>\n<\/tbody>\n<\/table>\n<h3><\/h3>\n<h3><strong>PORTES OBERTES<\/strong><\/h3>\n<p>Dimecres <span style=\"color: #33cccc;\"><strong>28 de febrer de 15,15h a 16,30h<\/strong><\/span>.<\/p>\n<p>Us deixem un enlla\u00e7 a un formulari per si ens voleu fer arribar preguntes concretes per tal que el dia de la jornada les puguem resoldre. Cliqueu <a href=\"https:\/\/forms.gle\/HoyNEdtDDTWEMe9p8\" target=\"_blank\" rel=\"noopener\">AQU\u00cd<\/a> per accedir al formulari.<\/p>\n<p>Si teniu qualsevol dubte sobre la jornada, feu-nos un correu electr\u00f2nic a l&#8217;adre\u00e7a <strong>a8041246@xtec.cat<\/strong><\/p>\n<p>&nbsp;<\/p>\n<h4><strong>LA NOSTRA ESCOLA<\/strong><\/h4>\n<p>Ens podreu con\u00e8ixer el dia de les jornades. Mentrestant us animem a llegir els diferents articles de la web aix\u00ed com not\u00edcies sobre nosaltres a l&#8217;apartat &#8220;ress\u00f3 medi\u00e0tic&#8221;. Tamb\u00e9 us deixem un v\u00eddeo de presentaci\u00f3.<\/p>\n<p><iframe loading=\"lazy\" src=\"\/\/www.youtube.com\/embed\/1js0dswpbVQ?feature=youtu\" width=\"560\" height=\"314\" data-mce-fragment=\"1\"><\/iframe><\/p>\n<h4>Us hi esperem!<\/h4>\n","protected":false},"excerpt":{"rendered":"<p>PREINSCRIPCI\u00d3 Oferta educativa provisional 5 de mar\u00e7 Clica AQU\u00cd per consultar Presentaci\u00f3 sol\u00b7licituds 6 al 20 de mar\u00e7 https:\/\/preinscripcio.gencat.cat\/ca\/inici\/ Llista [&hellip;]<\/p>\n","protected":false},"author":1,"featured_media":4750,"comment_status":"open","ping_status":"closed","sticky":false,"template":"","format":"standard","meta":{"_bbp_topic_count":0,"_bbp_reply_count":0,"_bbp_total_topic_count":0,"_bbp_total_reply_count":0,"_bbp_voice_count":0,"_bbp_anonymous_reply_count":0,"_bbp_topic_count_hidden":0,"_bbp_reply_count_hidden":0,"_bbp_forum_subforum_count":0,"site-sidebar-layout":"default","site-content-layout":"","ast-site-content-layout":"","site-content-style":"default","site-sidebar-style":"default","ast-global-header-display":"","ast-banner-title-visibility":"","ast-main-header-display":"","ast-hfb-above-header-display":"","ast-hfb-below-header-display":"","ast-hfb-mobile-header-display":"","site-post-title":"","ast-breadcrumbs-content":"","ast-featured-img":"","footer-sml-layout":"","theme-transparent-header-meta":"","adv-header-id-meta":"","stick-header-meta":"","header-above-stick-meta":"","header-main-stick-meta":"","header-below-stick-meta":"","astra-migrate-meta-layouts":"default","ast-page-background-enabled":"default","ast-page-background-meta":{"desktop":{"background-color":"var(--ast-global-color-4)","background-image":"","background-repeat":"repeat","background-position":"center center","background-size":"auto","background-attachment":"scroll","background-type":"","background-media":"","overlay-type":"","overlay-color":"","overlay-opacity":"","overlay-gradient":""},"tablet":{"background-color":"","background-image":"","background-repeat":"repeat","background-position":"center center","background-size":"auto","background-attachment":"scroll","background-type":"","background-media":"","overlay-type":"","overlay-color":"","overlay-opacity":"","overlay-gradient":""},"mobile":{"background-color":"","background-image":"","background-repeat":"repeat","background-position":"center center","background-size":"auto","background-attachment":"scroll","background-type":"","background-media":"","overlay-type":"","overlay-color":"","overlay-opacity":"","overlay-gradient":""}},"ast-content-background-meta":{"desktop":{"background-color":"var(--ast-global-color-5)","background-image":"","background-repeat":"repeat","background-position":"center center","background-size":"auto","background-attachment":"scroll","background-type":"","background-media":"","overlay-type":"","overlay-color":"","overlay-opacity":"","overlay-gradient":""},"tablet":{"background-color":"var(--ast-global-color-5)","background-image":"","background-repeat":"repeat","background-position":"center center","background-size":"auto","background-attachment":"scroll","background-type":"","background-media":"","overlay-type":"","overlay-color":"","overlay-opacity":"","overlay-gradient":""},"mobile":{"background-color":"var(--ast-global-color-5)","background-image":"","background-repeat":"repeat","background-position":"center center","background-size":"auto","background-attachment":"scroll","background-type":"","background-media":"","overlay-type":"","overlay-color":"","overlay-opacity":"","overlay-gradient":""}},"footnotes":""},"categories":[1,4],"tags":[],"class_list":["post-4879","post","type-post","status-publish","format-standard","has-post-thumbnail","hentry","category-general","category-portada"],"post_mailing_queue_ids":[],"_links":{"self":[{"href":"https:\/\/agora.xtec.cat\/ceipcescaldea\/wp-json\/wp\/v2\/posts\/4879","targetHints":{"allow":["GET"]}}],"collection":[{"href":"https:\/\/agora.xtec.cat\/ceipcescaldea\/wp-json\/wp\/v2\/posts"}],"about":[{"href":"https:\/\/agora.xtec.cat\/ceipcescaldea\/wp-json\/wp\/v2\/types\/post"}],"author":[{"embeddable":true,"href":"https:\/\/agora.xtec.cat\/ceipcescaldea\/wp-json\/wp\/v2\/users\/1"}],"replies":[{"embeddable":true,"href":"https:\/\/agora.xtec.cat\/ceipcescaldea\/wp-json\/wp\/v2\/comments?post=4879"}],"version-history":[{"count":7,"href":"https:\/\/agora.xtec.cat\/ceipcescaldea\/wp-json\/wp\/v2\/posts\/4879\/revisions"}],"predecessor-version":[{"id":5405,"href":"https:\/\/agora.xtec.cat\/ceipcescaldea\/wp-json\/wp\/v2\/posts\/4879\/revisions\/5405"}],"wp:featuredmedia":[{"embeddable":true,"href":"https:\/\/agora.xtec.cat\/ceipcescaldea\/wp-json\/wp\/v2\/media\/4750"}],"wp:attachment":[{"href":"https:\/\/agora.xtec.cat\/ceipcescaldea\/wp-json\/wp\/v2\/media?parent=4879"}],"wp:term":[{"taxonomy":"category","embeddable":true,"href":"https:\/\/agora.xtec.cat\/ceipcescaldea\/wp-json\/wp\/v2\/categories?post=4879"},{"taxonomy":"post_tag","embeddable":true,"href":"https:\/\/agora.xtec.cat\/ceipcescaldea\/wp-json\/wp\/v2\/tags?post=4879"}],"curies":[{"name":"wp","href":"https:\/\/api.w.org\/{rel}","templated":true}]}}