{"id":4871,"date":"2024-01-19T09:48:18","date_gmt":"2024-01-19T08:48:18","guid":{"rendered":"https:\/\/agora.xtec.cat\/ceipcescaldea\/?p=4871"},"modified":"2024-01-19T09:48:18","modified_gmt":"2024-01-19T08:48:18","slug":"activitats-de-nadal","status":"publish","type":"post","link":"https:\/\/agora.xtec.cat\/ceipcescaldea\/general\/activitats-de-nadal\/","title":{"rendered":"ACTIVITATS DE NADAL"},"content":{"rendered":"<p><strong><img loading=\"lazy\" decoding=\"async\" class=\" wp-image-4873 alignright\" src=\"https:\/\/agora.xtec.cat\/ceipcescaldea\/wp-content\/uploads\/usu863\/2024\/01\/Copia-de-1703006023833-1024x576.jpg\" alt=\"\" width=\"617\" height=\"347\" srcset=\"https:\/\/agora.xtec.cat\/ceipcescaldea\/wp-content\/uploads\/usu863\/2024\/01\/Copia-de-1703006023833-1024x576.jpg 1024w, https:\/\/agora.xtec.cat\/ceipcescaldea\/wp-content\/uploads\/usu863\/2024\/01\/Copia-de-1703006023833-300x169.jpg 300w, https:\/\/agora.xtec.cat\/ceipcescaldea\/wp-content\/uploads\/usu863\/2024\/01\/Copia-de-1703006023833-768x432.jpg 768w, https:\/\/agora.xtec.cat\/ceipcescaldea\/wp-content\/uploads\/usu863\/2024\/01\/Copia-de-1703006023833.jpg 1473w\" sizes=\"auto, (max-width: 617px) 100vw, 617px\" \/>TI\u00d3<\/strong><\/p>\n<p><span style=\"font-weight: 400;\">El passat 11 de desembre, l\u2019alumnat va sortir a passejar pels camins que envolten la nostra escola per intentar trobar els Tions de cada classe. <\/span><span style=\"font-weight: 400;\">Amagats entre arbres i arbustos, els Tions ens estaven esperant per ser portats a l\u2019escola, on durant els dies previs al Nadal, els infants de l\u2019escola els van alimentar amb peles de fruita fins que van quedar ben tips.<\/span><\/p>\n<p><span style=\"font-weight: 400;\">Un cop ben alimentats, el dimarts 19 al mat\u00ed, els Tions ens estaven esperant al pati de l\u2019escola, preparats per cagar-nos un munt de regals, torrons, neules, novel\u00b7les i \u00e0lbums il\u00b7lustrats.<\/span><\/p>\n<p>&nbsp;<\/p>\n<p><strong>PASTORETS<\/strong><\/p>\n<p><span style=\"font-weight: 400;\">El dilluns 18 de desembre l\u2019alumnat de l\u2019escola va poder gaudir de la representaci\u00f3 de Els Pastorets, organitzada per l\u2019AFA. Membres de l\u2019AFA, mestres i alumnat de l\u2019escola van participar a aquesta obra. <\/span><span style=\"font-weight: 400;\">Va ser tot un \u00e8xit, que va agradar i va tenir engrescats des dels m\u00e9s petits fins als m\u00e9s grans de l\u2019escola. <\/span><span style=\"font-weight: 400;\">Al finalitzar l\u2019espectacle, vam tenir una gran sorpresa, el Patge Quico va visitar la nostra escola, per fer-nos un regalet i per recollir les cartes, dels nens i nenes de l\u2019escola, dirigides a Ses Majestats El Reis Mags d\u2019Orient.<\/span><\/p>\n<p>&nbsp;<\/p>\n<p><span style=\"font-weight: 400;\"><strong>INTERCANVI DE POSTALS<\/strong><\/span><\/p>\n<p><span style=\"font-weight: 400;\">Aquella mateixa tarda, la canalla de l\u2019escola va fer un intercanvi de postals. Tots els infants van fer una postal a casa per tal de poder-la donar a un company o companya. <\/span><span style=\"font-weight: 400;\">Els infants de la comunitat de petits van fer l\u2019intercanvi de postals fent entrega de la postal realitzada al seu padr\u00ed o padrina. Igualment els infants de la comunitat de grans van entregar la postal al seu fillol o fillola.\u00a0<\/span><span style=\"font-weight: 400;\">Els nens i nenes de la comunitat de mitjans van fer una din\u00e0mica per intercanviar les postals entre ells.\u00a0<\/span><\/p>\n<p>&nbsp;<\/p>\n<p><strong>CONTE I MANUALITATS<\/strong><\/p>\n<p><span style=\"font-weight: 400;\">El dimarts 19 de desembre al mat\u00ed els nens i nenes de la comunitat de petits van poder gaudir del conte \u201cEl ren de Nadal\u201d. <\/span><span style=\"font-weight: 400;\">Les mestres de la comunitat el van representar fent ombres xineses dins el cub fotogr\u00e0fic que tenim a l\u2019ambient de llum i ombres. Vam compartir una estona molt especial. <\/span><span style=\"font-weight: 400;\">Durant la tarda van fer decorar una bola de Nadal amb la seva fotografia per penjar a l&#8217;arbre.<\/span><\/p>\n<p><span style=\"font-weight: 400;\">Els nens i nenes de la comunitat de mitjans van fer diferents tallers: Guarniments per l\u2019arbre, karaoke, jocs de taula matem\u00e0tics i decoraci\u00f3 de postals de Nadal.\u00a0\u00a0<\/span><\/p>\n<p><span style=\"font-weight: 400;\">Els infants de la comunitat de grans van fer un taller de bons desitjos. Aquest va consistir en que cada infant tenia una bola de Nadal on la resta de companys li dedicava una paraula, frase amable o un bon desig.\u00a0<\/span><\/p>\n<p>&nbsp;<\/p>\n<p><strong>QUINTO I BINGO<\/strong><\/p>\n<p><span style=\"font-weight: 400;\">Per acabar de passar-ho b\u00e9 el dia abans del concert, el dimarts a la tarda vam realitzar partides de Quinto, l\u2019alumnat de la comunitat de grans, i de Bingo, la comunitat de mitjans. <\/span><span style=\"font-weight: 400;\">Aquells i aquelles que aconseguien els quinze n\u00fameros de la seva cartilla s\u2019emportaven unes monedes de xocolata de premi. Va ser una tarda d\u2019all\u00f2 m\u00e9s divertida on s\u2019ho van passar d\u2019all\u00f2 m\u00e9s b\u00e9.<\/span><\/p>\n<p><span style=\"font-weight: 400;\">Si voleu veure les imatges d\u2019aquestes activitats, <\/span>cliqueu <a href=\"https:\/\/agora.xtec.cat\/ceipcescaldea\/fotos-de-festes-i-activitats\/\" target=\"_blank\" rel=\"noopener\">AQU\u00cd<\/a>.<\/p>\n","protected":false},"excerpt":{"rendered":"<p>TI\u00d3 El passat 11 de desembre, l\u2019alumnat va sortir a passejar pels camins que envolten la nostra escola per intentar [&hellip;]<\/p>\n","protected":false},"author":1,"featured_media":4873,"comment_status":"open","ping_status":"closed","sticky":false,"template":"","format":"standard","meta":{"_bbp_topic_count":0,"_bbp_reply_count":0,"_bbp_total_topic_count":0,"_bbp_total_reply_count":0,"_bbp_voice_count":0,"_bbp_anonymous_reply_count":0,"_bbp_topic_count_hidden":0,"_bbp_reply_count_hidden":0,"_bbp_forum_subforum_count":0,"site-sidebar-layout":"default","site-content-layout":"","ast-site-content-layout":"","site-content-style":"default","site-sidebar-style":"default","ast-global-header-display":"","ast-banner-title-visibility":"","ast-main-header-display":"","ast-hfb-above-header-display":"","ast-hfb-below-header-display":"","ast-hfb-mobile-header-display":"","site-post-title":"","ast-breadcrumbs-content":"","ast-featured-img":"","footer-sml-layout":"","theme-transparent-header-meta":"","adv-header-id-meta":"","stick-header-meta":"","header-above-stick-meta":"","header-main-stick-meta":"","header-below-stick-meta":"","astra-migrate-meta-layouts":"default","ast-page-background-enabled":"default","ast-page-background-meta":{"desktop":{"background-color":"var(--ast-global-color-4)","background-image":"","background-repeat":"repeat","background-position":"center center","background-size":"auto","background-attachment":"scroll","background-type":"","background-media":"","overlay-type":"","overlay-color":"","overlay-opacity":"","overlay-gradient":""},"tablet":{"background-color":"","background-image":"","background-repeat":"repeat","background-position":"center center","background-size":"auto","background-attachment":"scroll","background-type":"","background-media":"","overlay-type":"","overlay-color":"","overlay-opacity":"","overlay-gradient":""},"mobile":{"background-color":"","background-image":"","background-repeat":"repeat","background-position":"center center","background-size":"auto","background-attachment":"scroll","background-type":"","background-media":"","overlay-type":"","overlay-color":"","overlay-opacity":"","overlay-gradient":""}},"ast-content-background-meta":{"desktop":{"background-color":"var(--ast-global-color-5)","background-image":"","background-repeat":"repeat","background-position":"center center","background-size":"auto","background-attachment":"scroll","background-type":"","background-media":"","overlay-type":"","overlay-color":"","overlay-opacity":"","overlay-gradient":""},"tablet":{"background-color":"var(--ast-global-color-5)","background-image":"","background-repeat":"repeat","background-position":"center center","background-size":"auto","background-attachment":"scroll","background-type":"","background-media":"","overlay-type":"","overlay-color":"","overlay-opacity":"","overlay-gradient":""},"mobile":{"background-color":"var(--ast-global-color-5)","background-image":"","background-repeat":"repeat","background-position":"center center","background-size":"auto","background-attachment":"scroll","background-type":"","background-media":"","overlay-type":"","overlay-color":"","overlay-opacity":"","overlay-gradient":""}},"footnotes":""},"categories":[1,4],"tags":[],"class_list":["post-4871","post","type-post","status-publish","format-standard","has-post-thumbnail","hentry","category-general","category-portada"],"post_mailing_queue_ids":[],"_links":{"self":[{"href":"https:\/\/agora.xtec.cat\/ceipcescaldea\/wp-json\/wp\/v2\/posts\/4871","targetHints":{"allow":["GET"]}}],"collection":[{"href":"https:\/\/agora.xtec.cat\/ceipcescaldea\/wp-json\/wp\/v2\/posts"}],"about":[{"href":"https:\/\/agora.xtec.cat\/ceipcescaldea\/wp-json\/wp\/v2\/types\/post"}],"author":[{"embeddable":true,"href":"https:\/\/agora.xtec.cat\/ceipcescaldea\/wp-json\/wp\/v2\/users\/1"}],"replies":[{"embeddable":true,"href":"https:\/\/agora.xtec.cat\/ceipcescaldea\/wp-json\/wp\/v2\/comments?post=4871"}],"version-history":[{"count":1,"href":"https:\/\/agora.xtec.cat\/ceipcescaldea\/wp-json\/wp\/v2\/posts\/4871\/revisions"}],"predecessor-version":[{"id":4874,"href":"https:\/\/agora.xtec.cat\/ceipcescaldea\/wp-json\/wp\/v2\/posts\/4871\/revisions\/4874"}],"wp:featuredmedia":[{"embeddable":true,"href":"https:\/\/agora.xtec.cat\/ceipcescaldea\/wp-json\/wp\/v2\/media\/4873"}],"wp:attachment":[{"href":"https:\/\/agora.xtec.cat\/ceipcescaldea\/wp-json\/wp\/v2\/media?parent=4871"}],"wp:term":[{"taxonomy":"category","embeddable":true,"href":"https:\/\/agora.xtec.cat\/ceipcescaldea\/wp-json\/wp\/v2\/categories?post=4871"},{"taxonomy":"post_tag","embeddable":true,"href":"https:\/\/agora.xtec.cat\/ceipcescaldea\/wp-json\/wp\/v2\/tags?post=4871"}],"curies":[{"name":"wp","href":"https:\/\/api.w.org\/{rel}","templated":true}]}}