{"id":4865,"date":"2024-01-17T09:38:41","date_gmt":"2024-01-17T08:38:41","guid":{"rendered":"https:\/\/agora.xtec.cat\/ceipcescaldea\/?p=4865"},"modified":"2024-01-18T09:24:58","modified_gmt":"2024-01-18T08:24:58","slug":"distribucio-de-laula-5e","status":"publish","type":"post","link":"https:\/\/agora.xtec.cat\/ceipcescaldea\/general\/distribucio-de-laula-5e\/","title":{"rendered":"DISTRIBUCI\u00d3 DE L&#8217;AULA (5\u00e8)"},"content":{"rendered":"<p>Fam\u00edlies,<\/p>\n<p>Durant el primer trimestre vam pensar molt sobre com distribuir i decorar<span style=\"font-weight: 400;\">\u00a0la nostra classe<\/span> i van passar processos molt interessants que us volem compartir.<\/p>\n<p><span style=\"font-weight: 400;\">Vam comen\u00e7ar per fer una proposta de distribuci\u00f3 del mobiliari de la classe. Per grups vam presentar les diferents propostes i vam consensuar quina d\u2019elles seria la millor. La sorpresa va venir quan la proposta triada no era ni factible ni pr\u00e0ctica, ja que les taules i les cadires no hi cabien b\u00e9 i a m\u00e9s a m\u00e9s, la distribuci\u00f3 no era gens eficient per la circulaci\u00f3 de les persones de l\u2019aula.<\/span><\/p>\n<p><span style=\"font-weight: 400;\">Parem i veiem quines coses no hem tingut en compte a l\u2019hora de fer les nostres propostes.<\/span><\/p>\n<ul>\n<li><span style=\"font-weight: 400;\">Haur\u00edem d\u2019haver pensat en les mides de la classe i la mida dels mobles.<\/span><\/li>\n<li><span style=\"font-weight: 400;\">Hem de saber de quan espai lliure disposem per poder posar les taules i les cadires.<\/span><\/li>\n<\/ul>\n<p><span style=\"font-weight: 400;\"><br \/>\n<img loading=\"lazy\" decoding=\"async\" class=\" wp-image-4866 alignright\" src=\"https:\/\/agora.xtec.cat\/ceipcescaldea\/wp-content\/uploads\/usu863\/2024\/01\/Captura-de-Pantalla-2024-01-16-a-les-21.54.39.png\" alt=\"\" width=\"340\" height=\"451\" srcset=\"https:\/\/agora.xtec.cat\/ceipcescaldea\/wp-content\/uploads\/usu863\/2024\/01\/Captura-de-Pantalla-2024-01-16-a-les-21.54.39.png 652w, https:\/\/agora.xtec.cat\/ceipcescaldea\/wp-content\/uploads\/usu863\/2024\/01\/Captura-de-Pantalla-2024-01-16-a-les-21.54.39-226x300.png 226w\" sizes=\"auto, (max-width: 340px) 100vw, 340px\" \/>Ens posem a treballar i comencem a mesurar la classe i els mobles. Entendre i aprendre a calcular els conceptes de per\u00edmetre i \u00e0rea ens ajudar\u00e0 a resoldre el problema de distribuci\u00f3.\u00a0<\/span><\/p>\n<p><span style=\"font-weight: 400;\">Saber com fer mesures precises i utilitzar les unitats de manera correcta \u00e9s una habilitat important en matem\u00e0tiques i altres disciplines cient\u00edfiques que ens serveix per aconseguir el nostre objectiu. Anotar les mesures de l\u2019espai de l\u2019aula i dels mobles de la classe i organitzar tots els c\u00e0lculs que hem fet, fa que puguem endre\u00e7ar les dades i a comprendre els conceptes de llargada, amplada, al\u00e7ada i fond\u00e0ria ajudant-nos a poder resoldre el problema de distribuci\u00f3 que ens va apar\u00e8ixer a l\u2019inici.<\/span><\/p>\n<p><span style=\"font-weight: 400;\">A l\u2019hora de fer els c\u00e0lculs de les \u00e0rees, apareixen els conceptes de metre quadrat (m2) i cent\u00edmetre quadrat (Cm2). Llavors fem representacions gr\u00e0fiques i num\u00e8riques per qu\u00e8 ens ajuda a calcular, a comprovar i a entendre\u00a0 millor els resultats obtinguts. Les comparem amb la representaci\u00f3 del per\u00edmetre per entendre millor la difer\u00e8ncia entre \u00e0rees i per\u00edmetres.<\/span><\/p>\n<p><span style=\"font-weight: 400;\">Al comprovar els c\u00e0lculs observem que el resultat dels c\u00e0lculs i el resultat de la representaci\u00f3 gr\u00e0fica, tot i no ser iguals, s\u00f3n resultats aproximats. Aix\u00f2 ens fa donar-nos compte de que qualsevol petita imprecisi\u00f3 en la mesura, pot fer variar el resultat final. Per tant, comprovem que vam cometre una errada a l\u2019hora de mesurar algunes longituds.<\/span><\/p>\n<p><span style=\"font-weight: 400;\">Un cop ja\u00a0 hem practicat i millorat les nostres habilitats de mesura, i hem compr\u00e8s i ens hem familiaritzat amb els conceptes d\u2019\u00e0rea i de per\u00edmetre, fem uns \u00faltims c\u00e0lculs que ens ajudaran a saber de quina manera podem organitzar les taules i els mobles a la classe per tal de que sigui una distribuci\u00f3 efectiva i pr\u00e0ctica.<\/span><\/p>\n<p><span style=\"font-weight: 400;\">La numeraci\u00f3 i el c\u00e0lcul s\u00f3n habilitats matem\u00e0tiques fonamentals que es desenvolupen i consoliden a prim\u00e0ria. Aquestes habilitats s\u00f3n essencials per al desenvolupament general dels nens i les nenes i juguen un paper crucial en la seva capacitat per entendre i utilitzar les matem\u00e0tiques en la vida di\u00e0ria.<\/span><\/p>\n<p><span style=\"font-weight: 400;\">Per veure algunes imatges, cliqueu <a href=\"https:\/\/agora.xtec.cat\/ceipcescaldea\/fotos-5e-19-20\/\" target=\"_blank\" rel=\"noopener\">AQU\u00cd<\/a>.<\/span><\/p>\n<p>&nbsp;<\/p>\n","protected":false},"excerpt":{"rendered":"<p>Fam\u00edlies, Durant el primer trimestre vam pensar molt sobre com distribuir i decorar\u00a0la nostra classe i van passar processos molt [&hellip;]<\/p>\n","protected":false},"author":1,"featured_media":4866,"comment_status":"open","ping_status":"closed","sticky":false,"template":"","format":"standard","meta":{"_bbp_topic_count":0,"_bbp_reply_count":0,"_bbp_total_topic_count":0,"_bbp_total_reply_count":0,"_bbp_voice_count":0,"_bbp_anonymous_reply_count":0,"_bbp_topic_count_hidden":0,"_bbp_reply_count_hidden":0,"_bbp_forum_subforum_count":0,"site-sidebar-layout":"default","site-content-layout":"","ast-site-content-layout":"","site-content-style":"default","site-sidebar-style":"default","ast-global-header-display":"","ast-banner-title-visibility":"","ast-main-header-display":"","ast-hfb-above-header-display":"","ast-hfb-below-header-display":"","ast-hfb-mobile-header-display":"","site-post-title":"","ast-breadcrumbs-content":"","ast-featured-img":"","footer-sml-layout":"","theme-transparent-header-meta":"","adv-header-id-meta":"","stick-header-meta":"","header-above-stick-meta":"","header-main-stick-meta":"","header-below-stick-meta":"","astra-migrate-meta-layouts":"default","ast-page-background-enabled":"default","ast-page-background-meta":{"desktop":{"background-color":"var(--ast-global-color-4)","background-image":"","background-repeat":"repeat","background-position":"center center","background-size":"auto","background-attachment":"scroll","background-type":"","background-media":"","overlay-type":"","overlay-color":"","overlay-opacity":"","overlay-gradient":""},"tablet":{"background-color":"","background-image":"","background-repeat":"repeat","background-position":"center center","background-size":"auto","background-attachment":"scroll","background-type":"","background-media":"","overlay-type":"","overlay-color":"","overlay-opacity":"","overlay-gradient":""},"mobile":{"background-color":"","background-image":"","background-repeat":"repeat","background-position":"center center","background-size":"auto","background-attachment":"scroll","background-type":"","background-media":"","overlay-type":"","overlay-color":"","overlay-opacity":"","overlay-gradient":""}},"ast-content-background-meta":{"desktop":{"background-color":"var(--ast-global-color-5)","background-image":"","background-repeat":"repeat","background-position":"center center","background-size":"auto","background-attachment":"scroll","background-type":"","background-media":"","overlay-type":"","overlay-color":"","overlay-opacity":"","overlay-gradient":""},"tablet":{"background-color":"var(--ast-global-color-5)","background-image":"","background-repeat":"repeat","background-position":"center center","background-size":"auto","background-attachment":"scroll","background-type":"","background-media":"","overlay-type":"","overlay-color":"","overlay-opacity":"","overlay-gradient":""},"mobile":{"background-color":"var(--ast-global-color-5)","background-image":"","background-repeat":"repeat","background-position":"center center","background-size":"auto","background-attachment":"scroll","background-type":"","background-media":"","overlay-type":"","overlay-color":"","overlay-opacity":"","overlay-gradient":""}},"footnotes":""},"categories":[1,4],"tags":[118],"class_list":["post-4865","post","type-post","status-publish","format-standard","has-post-thumbnail","hentry","category-general","category-portada","tag-curs-23-24"],"post_mailing_queue_ids":[],"_links":{"self":[{"href":"https:\/\/agora.xtec.cat\/ceipcescaldea\/wp-json\/wp\/v2\/posts\/4865","targetHints":{"allow":["GET"]}}],"collection":[{"href":"https:\/\/agora.xtec.cat\/ceipcescaldea\/wp-json\/wp\/v2\/posts"}],"about":[{"href":"https:\/\/agora.xtec.cat\/ceipcescaldea\/wp-json\/wp\/v2\/types\/post"}],"author":[{"embeddable":true,"href":"https:\/\/agora.xtec.cat\/ceipcescaldea\/wp-json\/wp\/v2\/users\/1"}],"replies":[{"embeddable":true,"href":"https:\/\/agora.xtec.cat\/ceipcescaldea\/wp-json\/wp\/v2\/comments?post=4865"}],"version-history":[{"count":2,"href":"https:\/\/agora.xtec.cat\/ceipcescaldea\/wp-json\/wp\/v2\/posts\/4865\/revisions"}],"predecessor-version":[{"id":4869,"href":"https:\/\/agora.xtec.cat\/ceipcescaldea\/wp-json\/wp\/v2\/posts\/4865\/revisions\/4869"}],"wp:featuredmedia":[{"embeddable":true,"href":"https:\/\/agora.xtec.cat\/ceipcescaldea\/wp-json\/wp\/v2\/media\/4866"}],"wp:attachment":[{"href":"https:\/\/agora.xtec.cat\/ceipcescaldea\/wp-json\/wp\/v2\/media?parent=4865"}],"wp:term":[{"taxonomy":"category","embeddable":true,"href":"https:\/\/agora.xtec.cat\/ceipcescaldea\/wp-json\/wp\/v2\/categories?post=4865"},{"taxonomy":"post_tag","embeddable":true,"href":"https:\/\/agora.xtec.cat\/ceipcescaldea\/wp-json\/wp\/v2\/tags?post=4865"}],"curies":[{"name":"wp","href":"https:\/\/api.w.org\/{rel}","templated":true}]}}