{"id":4749,"date":"2023-10-15T13:41:08","date_gmt":"2023-10-15T11:41:08","guid":{"rendered":"https:\/\/agora.xtec.cat\/ceipcescaldea\/?p=4749"},"modified":"2023-10-15T13:41:08","modified_gmt":"2023-10-15T11:41:08","slug":"lectura-matinal-i5","status":"publish","type":"post","link":"https:\/\/agora.xtec.cat\/ceipcescaldea\/general\/lectura-matinal-i5\/","title":{"rendered":"LECTURA MATINAL (I5)"},"content":{"rendered":"<p><img loading=\"lazy\" decoding=\"async\" class=\" wp-image-4750 alignleft\" src=\"https:\/\/agora.xtec.cat\/ceipcescaldea\/wp-content\/uploads\/usu863\/2023\/10\/Captura-de-pantalla-2023-10-15-a-las-13.38.14.png\" alt=\"\" width=\"296\" height=\"215\" srcset=\"https:\/\/agora.xtec.cat\/ceipcescaldea\/wp-content\/uploads\/usu863\/2023\/10\/Captura-de-pantalla-2023-10-15-a-las-13.38.14.png 734w, https:\/\/agora.xtec.cat\/ceipcescaldea\/wp-content\/uploads\/usu863\/2023\/10\/Captura-de-pantalla-2023-10-15-a-las-13.38.14-300x217.png 300w\" sizes=\"auto, (max-width: 296px) 100vw, 296px\" \/>Com ja sabeu, cada mat\u00ed els nens i les nenes de tota l&#8217;escola compartim moments lectors. Cada dia i a cada espai de l&#8217;escola, ens passen coses diferents i ben interessants. Fa uns dies a la nostra aula mentre\u00a0gaud\u00edem\u00a0de la lectura individual, feia goig veure als infants com escollien els seus \u00e0lbums preferits o alguns de nou que estaven descobrint. La concentraci\u00f3 que mostraven era impressionant, nom\u00e9s sent\u00edem\u00a0girar\u00a0les p\u00e0gines dels llibres que tenien a les seves mans.<\/p>\n<p>Tots els dies\u00a0no\u00a0s\u00f3n\u00a0iguals, hi ha moments\u00a0que\u00a0els hi ve m\u00e9s de gust compartir la lectura en parelles, d&#8217;altres amb els padrins i\u00a0padrines\u00a0o amb la mestra a cau d&#8217;orella. Per\u00f2 quan passa aix\u00f2 que esteu a punt de veure en el seg\u00fcent\u00a0v\u00eddeo, ens deixa\u00a0meravellats! Ens demostra com un bon lector i bona lectora es construeixen des de ben petits, amb un variat corpus literari i amb moments lectors diaris compartits. On els infants\u00a0se\u00a0senten lliures i a gust, escollint bona literatura i reflexionant-ne plegats en diferents dies i espais de l&#8217;escola.<\/p>\n<p>Si voleu veure algunes imatges i un v\u00eddeo, cliqueu <a href=\"https:\/\/agora.xtec.cat\/ceipcescaldea\/fotos-p5-19-20\/\" target=\"_blank\" rel=\"noopener\">AQU\u00cd<\/a>.<\/p>\n","protected":false},"excerpt":{"rendered":"<p>Com ja sabeu, cada mat\u00ed els nens i les nenes de tota l&#8217;escola compartim moments lectors. Cada dia i a [&hellip;]<\/p>\n","protected":false},"author":1,"featured_media":4750,"comment_status":"open","ping_status":"closed","sticky":false,"template":"","format":"standard","meta":{"_bbp_topic_count":0,"_bbp_reply_count":0,"_bbp_total_topic_count":0,"_bbp_total_reply_count":0,"_bbp_voice_count":0,"_bbp_anonymous_reply_count":0,"_bbp_topic_count_hidden":0,"_bbp_reply_count_hidden":0,"_bbp_forum_subforum_count":0,"site-sidebar-layout":"default","site-content-layout":"","ast-site-content-layout":"","site-content-style":"default","site-sidebar-style":"default","ast-global-header-display":"","ast-banner-title-visibility":"","ast-main-header-display":"","ast-hfb-above-header-display":"","ast-hfb-below-header-display":"","ast-hfb-mobile-header-display":"","site-post-title":"","ast-breadcrumbs-content":"","ast-featured-img":"","footer-sml-layout":"","theme-transparent-header-meta":"","adv-header-id-meta":"","stick-header-meta":"","header-above-stick-meta":"","header-main-stick-meta":"","header-below-stick-meta":"","astra-migrate-meta-layouts":"default","ast-page-background-enabled":"default","ast-page-background-meta":{"desktop":{"background-color":"var(--ast-global-color-4)","background-image":"","background-repeat":"repeat","background-position":"center center","background-size":"auto","background-attachment":"scroll","background-type":"","background-media":"","overlay-type":"","overlay-color":"","overlay-opacity":"","overlay-gradient":""},"tablet":{"background-color":"","background-image":"","background-repeat":"repeat","background-position":"center center","background-size":"auto","background-attachment":"scroll","background-type":"","background-media":"","overlay-type":"","overlay-color":"","overlay-opacity":"","overlay-gradient":""},"mobile":{"background-color":"","background-image":"","background-repeat":"repeat","background-position":"center center","background-size":"auto","background-attachment":"scroll","background-type":"","background-media":"","overlay-type":"","overlay-color":"","overlay-opacity":"","overlay-gradient":""}},"ast-content-background-meta":{"desktop":{"background-color":"var(--ast-global-color-5)","background-image":"","background-repeat":"repeat","background-position":"center center","background-size":"auto","background-attachment":"scroll","background-type":"","background-media":"","overlay-type":"","overlay-color":"","overlay-opacity":"","overlay-gradient":""},"tablet":{"background-color":"var(--ast-global-color-5)","background-image":"","background-repeat":"repeat","background-position":"center center","background-size":"auto","background-attachment":"scroll","background-type":"","background-media":"","overlay-type":"","overlay-color":"","overlay-opacity":"","overlay-gradient":""},"mobile":{"background-color":"var(--ast-global-color-5)","background-image":"","background-repeat":"repeat","background-position":"center center","background-size":"auto","background-attachment":"scroll","background-type":"","background-media":"","overlay-type":"","overlay-color":"","overlay-opacity":"","overlay-gradient":""}},"footnotes":""},"categories":[1,4],"tags":[91,118,57],"class_list":["post-4749","post","type-post","status-publish","format-standard","has-post-thumbnail","hentry","category-general","category-portada","tag-comunitat-de-petits","tag-curs-23-24","tag-literatura"],"post_mailing_queue_ids":[],"_links":{"self":[{"href":"https:\/\/agora.xtec.cat\/ceipcescaldea\/wp-json\/wp\/v2\/posts\/4749","targetHints":{"allow":["GET"]}}],"collection":[{"href":"https:\/\/agora.xtec.cat\/ceipcescaldea\/wp-json\/wp\/v2\/posts"}],"about":[{"href":"https:\/\/agora.xtec.cat\/ceipcescaldea\/wp-json\/wp\/v2\/types\/post"}],"author":[{"embeddable":true,"href":"https:\/\/agora.xtec.cat\/ceipcescaldea\/wp-json\/wp\/v2\/users\/1"}],"replies":[{"embeddable":true,"href":"https:\/\/agora.xtec.cat\/ceipcescaldea\/wp-json\/wp\/v2\/comments?post=4749"}],"version-history":[{"count":1,"href":"https:\/\/agora.xtec.cat\/ceipcescaldea\/wp-json\/wp\/v2\/posts\/4749\/revisions"}],"predecessor-version":[{"id":4751,"href":"https:\/\/agora.xtec.cat\/ceipcescaldea\/wp-json\/wp\/v2\/posts\/4749\/revisions\/4751"}],"wp:featuredmedia":[{"embeddable":true,"href":"https:\/\/agora.xtec.cat\/ceipcescaldea\/wp-json\/wp\/v2\/media\/4750"}],"wp:attachment":[{"href":"https:\/\/agora.xtec.cat\/ceipcescaldea\/wp-json\/wp\/v2\/media?parent=4749"}],"wp:term":[{"taxonomy":"category","embeddable":true,"href":"https:\/\/agora.xtec.cat\/ceipcescaldea\/wp-json\/wp\/v2\/categories?post=4749"},{"taxonomy":"post_tag","embeddable":true,"href":"https:\/\/agora.xtec.cat\/ceipcescaldea\/wp-json\/wp\/v2\/tags?post=4749"}],"curies":[{"name":"wp","href":"https:\/\/api.w.org\/{rel}","templated":true}]}}