{"id":4663,"date":"2023-05-04T22:09:13","date_gmt":"2023-05-04T20:09:13","guid":{"rendered":"https:\/\/agora.xtec.cat\/ceipcescaldea\/?p=4663"},"modified":"2023-05-04T22:09:13","modified_gmt":"2023-05-04T20:09:13","slug":"com-som-per-dins-2n","status":"publish","type":"post","link":"https:\/\/agora.xtec.cat\/ceipcescaldea\/general\/com-som-per-dins-2n\/","title":{"rendered":"COM SOM PER DINS (2n)"},"content":{"rendered":"<p>A 2n estem investigant com \u00e9s el nostre cos per dins. Una investigaci\u00f3 que ha sorgit dia a dia a la nostra aula i, sobretot, dels interessos i les inquietuds dels nens i les nenes.<\/p>\n<p>Amb l\u2019arribada del fred, a la classe del Planetasaure, van comen\u00e7ar a apar\u00e8ixer la tos i els mocs i un dels companys, en tornar del pati, ens va explicar que de tant tossir li feia molt mal la panxa.<\/p>\n<p><span style=\"font-weight: 400;\"><img loading=\"lazy\" decoding=\"async\" class=\" wp-image-4664 alignleft\" src=\"https:\/\/agora.xtec.cat\/ceipcescaldea\/wp-content\/uploads\/usu863\/2023\/05\/Captura-de-pantalla-2023-05-04-a-las-22.06.07.png\" alt=\"\" width=\"320\" height=\"369\" srcset=\"https:\/\/agora.xtec.cat\/ceipcescaldea\/wp-content\/uploads\/usu863\/2023\/05\/Captura-de-pantalla-2023-05-04-a-las-22.06.07.png 632w, https:\/\/agora.xtec.cat\/ceipcescaldea\/wp-content\/uploads\/usu863\/2023\/05\/Captura-de-pantalla-2023-05-04-a-las-22.06.07-260x300.png 260w\" sizes=\"auto, (max-width: 320px) 100vw, 320px\" \/>R\u00e0pidament, vam encetar una conversa molt interessant sobre el tema, a la que\u00a0 cada infant va poder explicar les seves experi\u00e8ncies amb la tos i els mals de panxa.\u00a0<\/span><\/p>\n<p><span style=\"font-weight: 400;\">Arrel d\u2019aquesta conversa,\u00a0 van plantejar dues hip\u00f2tesis:<\/span><\/p>\n<p><span style=\"font-weight: 400;\">1 &#8211; Quan tossim, ens fa mal la panxa perqu\u00e8 fem molta for\u00e7a per tossir.<\/span><\/p>\n<p><span style=\"font-weight: 400;\">2 &#8211; Quan tossim la tos passa per un tub que passa per la gola i el\u00a0 pit fins arribar a la panxa i fa venir el mal de panxa.<\/span><\/p>\n<p><span style=\"font-weight: 400;\">\u00a0<\/span><span style=\"font-weight: 400;\">Per confirmar o descartar aquestes hip\u00f2tesis, la primera actuaci\u00f3 que vam fer va ser posar-nos en contacte amb el CAP del barri i una de les infermeres que hi treballa va venir a l\u2019escola a fer-nos una xerrada.\u00a0<\/span><\/p>\n<p><span style=\"font-weight: 400;\">El funcionament del nostre cos \u00e9s tant complex, a la\u00a0 vegada que interessant, que van voler seguir descobrint m\u00e9s coses per coneixe\u2019l m\u00e9s b\u00e9 i acabar d\u2019entendre tot el que la infermera ens havia explicat.\u00a0<\/span><\/p>\n<p><span style=\"font-weight: 400;\">S\u00f3n moltes les activitats que hem dut a terme, consulta de llibres, visionat de v\u00eddeos, construcci\u00f3 d\u2019una maqueta de l\u2019aparell digestiu i diversos experiments de l\u2019aparell respiratori. Per\u00f2 si hi ha una activitat que ens ha interessat molt ha sigut l\u2019experiment amb els pulmons de xai.\u00a0<\/span><\/p>\n<p><span style=\"font-weight: 400;\">Per veure i comprendre millor com funciona l\u2019aparell respiratori, una mare ens ha portat a l\u2019aula uns pulmons de xai. Hem observat\u00a0 com s\u00f3n exteriorment, la forma, la textura i el color. Despr\u00e9s amb ajuda d\u2019un tub de pl\u00e0stic els hem bufat i hem vist com s\u2019inflaven i es desinflaven. Finalment, hem obert un dels pulmons i hem observat el foradet del bronqui.<\/span><\/p>\n<p><span style=\"font-weight: 400;\">Amb aquesta investigaci\u00f3 sobre el cos hum\u00e0, estem practicant sabers i habilitats de gaireb\u00e9 totes les \u00e0rees del curr\u00edculum, des de l\u2019\u00e0rea ling\u00fc\u00edstica, escrivint el correu al CAP i recollint les idees principals dels v\u00eddeos i llibres; fins\u00a0 les \u00e0rees d\u2019educaci\u00f3 art\u00edstica i matem\u00e0tiques amb la realitzaci\u00f3 de la maqueta de l\u2019aparell respiratori. I evidentment, l\u2019\u00e0rea de coneixement del medi natural.<\/span><\/p>\n<p><span style=\"font-weight: 400;\">Confiem donar aviat resposta a quina \u00e9s la relaci\u00f3 entre el mal de panxa i la tos del nostre company.\u00a0<\/span><\/p>\n<p><img loading=\"lazy\" decoding=\"async\" class=\"aligncenter size-large wp-image-4665\" src=\"https:\/\/agora.xtec.cat\/ceipcescaldea\/wp-content\/uploads\/usu863\/2023\/05\/Captura-de-pantalla-2023-05-04-a-las-22.06.19-1024x451.png\" alt=\"\" width=\"1024\" height=\"451\" srcset=\"https:\/\/agora.xtec.cat\/ceipcescaldea\/wp-content\/uploads\/usu863\/2023\/05\/Captura-de-pantalla-2023-05-04-a-las-22.06.19-1024x451.png 1024w, https:\/\/agora.xtec.cat\/ceipcescaldea\/wp-content\/uploads\/usu863\/2023\/05\/Captura-de-pantalla-2023-05-04-a-las-22.06.19-300x132.png 300w, https:\/\/agora.xtec.cat\/ceipcescaldea\/wp-content\/uploads\/usu863\/2023\/05\/Captura-de-pantalla-2023-05-04-a-las-22.06.19-768x338.png 768w, https:\/\/agora.xtec.cat\/ceipcescaldea\/wp-content\/uploads\/usu863\/2023\/05\/Captura-de-pantalla-2023-05-04-a-las-22.06.19.png 1464w\" sizes=\"auto, (max-width: 1024px) 100vw, 1024px\" \/><\/p>\n<p>Cliqueu<a href=\"https:\/\/agora.xtec.cat\/ceipcescaldea\/fotos-2n-19-20\/\" target=\"_blank\" rel=\"noopener\"> AQU\u00cd<\/a> per veure altres imatges de la investigaci\u00f3.<\/p>\n","protected":false},"excerpt":{"rendered":"<p>A 2n estem investigant com \u00e9s el nostre cos per dins. Una investigaci\u00f3 que ha sorgit dia a dia a [&hellip;]<\/p>\n","protected":false},"author":1,"featured_media":4665,"comment_status":"open","ping_status":"closed","sticky":false,"template":"","format":"standard","meta":{"_bbp_topic_count":0,"_bbp_reply_count":0,"_bbp_total_topic_count":0,"_bbp_total_reply_count":0,"_bbp_voice_count":0,"_bbp_anonymous_reply_count":0,"_bbp_topic_count_hidden":0,"_bbp_reply_count_hidden":0,"_bbp_forum_subforum_count":0,"site-sidebar-layout":"default","site-content-layout":"","ast-site-content-layout":"","site-content-style":"default","site-sidebar-style":"default","ast-global-header-display":"","ast-banner-title-visibility":"","ast-main-header-display":"","ast-hfb-above-header-display":"","ast-hfb-below-header-display":"","ast-hfb-mobile-header-display":"","site-post-title":"","ast-breadcrumbs-content":"","ast-featured-img":"","footer-sml-layout":"","theme-transparent-header-meta":"","adv-header-id-meta":"","stick-header-meta":"","header-above-stick-meta":"","header-main-stick-meta":"","header-below-stick-meta":"","astra-migrate-meta-layouts":"default","ast-page-background-enabled":"default","ast-page-background-meta":{"desktop":{"background-color":"var(--ast-global-color-4)","background-image":"","background-repeat":"repeat","background-position":"center center","background-size":"auto","background-attachment":"scroll","background-type":"","background-media":"","overlay-type":"","overlay-color":"","overlay-opacity":"","overlay-gradient":""},"tablet":{"background-color":"","background-image":"","background-repeat":"repeat","background-position":"center center","background-size":"auto","background-attachment":"scroll","background-type":"","background-media":"","overlay-type":"","overlay-color":"","overlay-opacity":"","overlay-gradient":""},"mobile":{"background-color":"","background-image":"","background-repeat":"repeat","background-position":"center center","background-size":"auto","background-attachment":"scroll","background-type":"","background-media":"","overlay-type":"","overlay-color":"","overlay-opacity":"","overlay-gradient":""}},"ast-content-background-meta":{"desktop":{"background-color":"var(--ast-global-color-5)","background-image":"","background-repeat":"repeat","background-position":"center center","background-size":"auto","background-attachment":"scroll","background-type":"","background-media":"","overlay-type":"","overlay-color":"","overlay-opacity":"","overlay-gradient":""},"tablet":{"background-color":"var(--ast-global-color-5)","background-image":"","background-repeat":"repeat","background-position":"center center","background-size":"auto","background-attachment":"scroll","background-type":"","background-media":"","overlay-type":"","overlay-color":"","overlay-opacity":"","overlay-gradient":""},"mobile":{"background-color":"var(--ast-global-color-5)","background-image":"","background-repeat":"repeat","background-position":"center center","background-size":"auto","background-attachment":"scroll","background-type":"","background-media":"","overlay-type":"","overlay-color":"","overlay-opacity":"","overlay-gradient":""}},"footnotes":""},"categories":[1,4],"tags":[],"class_list":["post-4663","post","type-post","status-publish","format-standard","has-post-thumbnail","hentry","category-general","category-portada"],"post_mailing_queue_ids":[],"_links":{"self":[{"href":"https:\/\/agora.xtec.cat\/ceipcescaldea\/wp-json\/wp\/v2\/posts\/4663","targetHints":{"allow":["GET"]}}],"collection":[{"href":"https:\/\/agora.xtec.cat\/ceipcescaldea\/wp-json\/wp\/v2\/posts"}],"about":[{"href":"https:\/\/agora.xtec.cat\/ceipcescaldea\/wp-json\/wp\/v2\/types\/post"}],"author":[{"embeddable":true,"href":"https:\/\/agora.xtec.cat\/ceipcescaldea\/wp-json\/wp\/v2\/users\/1"}],"replies":[{"embeddable":true,"href":"https:\/\/agora.xtec.cat\/ceipcescaldea\/wp-json\/wp\/v2\/comments?post=4663"}],"version-history":[{"count":1,"href":"https:\/\/agora.xtec.cat\/ceipcescaldea\/wp-json\/wp\/v2\/posts\/4663\/revisions"}],"predecessor-version":[{"id":4666,"href":"https:\/\/agora.xtec.cat\/ceipcescaldea\/wp-json\/wp\/v2\/posts\/4663\/revisions\/4666"}],"wp:featuredmedia":[{"embeddable":true,"href":"https:\/\/agora.xtec.cat\/ceipcescaldea\/wp-json\/wp\/v2\/media\/4665"}],"wp:attachment":[{"href":"https:\/\/agora.xtec.cat\/ceipcescaldea\/wp-json\/wp\/v2\/media?parent=4663"}],"wp:term":[{"taxonomy":"category","embeddable":true,"href":"https:\/\/agora.xtec.cat\/ceipcescaldea\/wp-json\/wp\/v2\/categories?post=4663"},{"taxonomy":"post_tag","embeddable":true,"href":"https:\/\/agora.xtec.cat\/ceipcescaldea\/wp-json\/wp\/v2\/tags?post=4663"}],"curies":[{"name":"wp","href":"https:\/\/api.w.org\/{rel}","templated":true}]}}