{"id":4650,"date":"2023-04-27T13:45:20","date_gmt":"2023-04-27T11:45:20","guid":{"rendered":"https:\/\/agora.xtec.cat\/ceipcescaldea\/?p=4650"},"modified":"2023-04-28T11:13:08","modified_gmt":"2023-04-28T09:13:08","slug":"setmana-literaria","status":"publish","type":"post","link":"https:\/\/agora.xtec.cat\/ceipcescaldea\/general\/setmana-literaria\/","title":{"rendered":"SETMANA LITER\u00c0RIA"},"content":{"rendered":"<p><span style=\"font-family: Arial, Helvetica, sans-serif; font-size: small;\"><img loading=\"lazy\" decoding=\"async\" class=\" wp-image-4655 alignleft\" src=\"https:\/\/agora.xtec.cat\/ceipcescaldea\/wp-content\/uploads\/usu863\/2023\/04\/IMG_8411-768x1024.jpg\" alt=\"\" width=\"187\" height=\"250\" srcset=\"https:\/\/agora.xtec.cat\/ceipcescaldea\/wp-content\/uploads\/usu863\/2023\/04\/IMG_8411-768x1024.jpg 768w, https:\/\/agora.xtec.cat\/ceipcescaldea\/wp-content\/uploads\/usu863\/2023\/04\/IMG_8411-225x300.jpg 225w, https:\/\/agora.xtec.cat\/ceipcescaldea\/wp-content\/uploads\/usu863\/2023\/04\/IMG_8411-1152x1536.jpg 1152w, https:\/\/agora.xtec.cat\/ceipcescaldea\/wp-content\/uploads\/usu863\/2023\/04\/IMG_8411-1536x2048.jpg 1536w, https:\/\/agora.xtec.cat\/ceipcescaldea\/wp-content\/uploads\/usu863\/2023\/04\/IMG_8411.jpg 1680w\" sizes=\"auto, (max-width: 187px) 100vw, 187px\" \/>Aquesta setmana estem celebrant la setmana liter\u00e0ria a l&#8217;escola. Cada mat\u00ed estem sortint a llegir a un espai diferent! Com que aquest any la diada de Sant Jordi va caure en diumenge, vam decidir celebrar-ho el dia 24, amb totes les activitats i din\u00e0miques d&#8217;una diada de Sant Jordi.<\/span><br style=\"font-family: Arial, Helvetica, sans-serif; font-size: small;\" \/><br style=\"font-family: Arial, Helvetica, sans-serif; font-size: small;\" \/><span style=\"font-family: Arial, Helvetica, sans-serif; font-size: small;\">Per comen\u00e7ar, les fam\u00edlies de l&#8217;alumnat ens van acompanyar durant la primera estona de lectura matinal. Despr\u00e9s vam fer un taller d&#8217;expressi\u00f3 art\u00edstica relacionat amb la literatura, inspirant-nos en els nostres llibres i personatges literaris preferits.<\/span><br style=\"font-family: Arial, Helvetica, sans-serif; font-size: small;\" \/><br style=\"font-family: Arial, Helvetica, sans-serif; font-size: small;\" \/><span style=\"font-family: Arial, Helvetica, sans-serif; font-size: small;\">A la tarda vam lliurar els premis dels Jocs Florals als guanyadors i guanyadores d\u2019aquesta edici\u00f3. Gr\u00e0cies per la participaci\u00f3 de tot l\u2019alumnat de l\u2019escola i enhorabona a tothom!<\/span><br style=\"font-family: Arial, Helvetica, sans-serif; font-size: small;\" \/><br style=\"font-family: Arial, Helvetica, sans-serif; font-size: small;\" \/><span style=\"font-family: Arial, Helvetica, sans-serif; font-size: small;\">Clicant <a href=\"https:\/\/agora.xtec.cat\/ceipcescaldea\/fotos-de-festes-i-activitats\/\" target=\"_blank\" rel=\"noopener\">AQU\u00cd<\/a> podreu veure fotos de totes les activitats i l\u2019alumnat premiat als Jocs Florals.<\/span><\/p>\n","protected":false},"excerpt":{"rendered":"<p>Aquesta setmana estem celebrant la setmana liter\u00e0ria a l&#8217;escola. Cada mat\u00ed estem sortint a llegir a un espai diferent! Com [&hellip;]<\/p>\n","protected":false},"author":1,"featured_media":4655,"comment_status":"open","ping_status":"closed","sticky":false,"template":"","format":"standard","meta":{"_bbp_topic_count":0,"_bbp_reply_count":0,"_bbp_total_topic_count":0,"_bbp_total_reply_count":0,"_bbp_voice_count":0,"_bbp_anonymous_reply_count":0,"_bbp_topic_count_hidden":0,"_bbp_reply_count_hidden":0,"_bbp_forum_subforum_count":0,"site-sidebar-layout":"default","site-content-layout":"","ast-site-content-layout":"","site-content-style":"default","site-sidebar-style":"default","ast-global-header-display":"","ast-banner-title-visibility":"","ast-main-header-display":"","ast-hfb-above-header-display":"","ast-hfb-below-header-display":"","ast-hfb-mobile-header-display":"","site-post-title":"","ast-breadcrumbs-content":"","ast-featured-img":"","footer-sml-layout":"","theme-transparent-header-meta":"","adv-header-id-meta":"","stick-header-meta":"","header-above-stick-meta":"","header-main-stick-meta":"","header-below-stick-meta":"","astra-migrate-meta-layouts":"default","ast-page-background-enabled":"default","ast-page-background-meta":{"desktop":{"background-color":"var(--ast-global-color-4)","background-image":"","background-repeat":"repeat","background-position":"center center","background-size":"auto","background-attachment":"scroll","background-type":"","background-media":"","overlay-type":"","overlay-color":"","overlay-opacity":"","overlay-gradient":""},"tablet":{"background-color":"","background-image":"","background-repeat":"repeat","background-position":"center center","background-size":"auto","background-attachment":"scroll","background-type":"","background-media":"","overlay-type":"","overlay-color":"","overlay-opacity":"","overlay-gradient":""},"mobile":{"background-color":"","background-image":"","background-repeat":"repeat","background-position":"center center","background-size":"auto","background-attachment":"scroll","background-type":"","background-media":"","overlay-type":"","overlay-color":"","overlay-opacity":"","overlay-gradient":""}},"ast-content-background-meta":{"desktop":{"background-color":"var(--ast-global-color-5)","background-image":"","background-repeat":"repeat","background-position":"center center","background-size":"auto","background-attachment":"scroll","background-type":"","background-media":"","overlay-type":"","overlay-color":"","overlay-opacity":"","overlay-gradient":""},"tablet":{"background-color":"var(--ast-global-color-5)","background-image":"","background-repeat":"repeat","background-position":"center center","background-size":"auto","background-attachment":"scroll","background-type":"","background-media":"","overlay-type":"","overlay-color":"","overlay-opacity":"","overlay-gradient":""},"mobile":{"background-color":"var(--ast-global-color-5)","background-image":"","background-repeat":"repeat","background-position":"center center","background-size":"auto","background-attachment":"scroll","background-type":"","background-media":"","overlay-type":"","overlay-color":"","overlay-opacity":"","overlay-gradient":""}},"footnotes":""},"categories":[1,4],"tags":[111,81],"class_list":["post-4650","post","type-post","status-publish","format-standard","has-post-thumbnail","hentry","category-general","category-portada","tag-curs-22-23","tag-festes"],"post_mailing_queue_ids":[],"_links":{"self":[{"href":"https:\/\/agora.xtec.cat\/ceipcescaldea\/wp-json\/wp\/v2\/posts\/4650","targetHints":{"allow":["GET"]}}],"collection":[{"href":"https:\/\/agora.xtec.cat\/ceipcescaldea\/wp-json\/wp\/v2\/posts"}],"about":[{"href":"https:\/\/agora.xtec.cat\/ceipcescaldea\/wp-json\/wp\/v2\/types\/post"}],"author":[{"embeddable":true,"href":"https:\/\/agora.xtec.cat\/ceipcescaldea\/wp-json\/wp\/v2\/users\/1"}],"replies":[{"embeddable":true,"href":"https:\/\/agora.xtec.cat\/ceipcescaldea\/wp-json\/wp\/v2\/comments?post=4650"}],"version-history":[{"count":3,"href":"https:\/\/agora.xtec.cat\/ceipcescaldea\/wp-json\/wp\/v2\/posts\/4650\/revisions"}],"predecessor-version":[{"id":4656,"href":"https:\/\/agora.xtec.cat\/ceipcescaldea\/wp-json\/wp\/v2\/posts\/4650\/revisions\/4656"}],"wp:featuredmedia":[{"embeddable":true,"href":"https:\/\/agora.xtec.cat\/ceipcescaldea\/wp-json\/wp\/v2\/media\/4655"}],"wp:attachment":[{"href":"https:\/\/agora.xtec.cat\/ceipcescaldea\/wp-json\/wp\/v2\/media?parent=4650"}],"wp:term":[{"taxonomy":"category","embeddable":true,"href":"https:\/\/agora.xtec.cat\/ceipcescaldea\/wp-json\/wp\/v2\/categories?post=4650"},{"taxonomy":"post_tag","embeddable":true,"href":"https:\/\/agora.xtec.cat\/ceipcescaldea\/wp-json\/wp\/v2\/tags?post=4650"}],"curies":[{"name":"wp","href":"https:\/\/api.w.org\/{rel}","templated":true}]}}