{"id":4645,"date":"2023-04-19T21:42:08","date_gmt":"2023-04-19T19:42:08","guid":{"rendered":"https:\/\/agora.xtec.cat\/ceipcescaldea\/?p=4645"},"modified":"2023-04-19T21:42:08","modified_gmt":"2023-04-19T19:42:08","slug":"festa-de-pasqua","status":"publish","type":"post","link":"https:\/\/agora.xtec.cat\/ceipcescaldea\/general\/festa-de-pasqua\/","title":{"rendered":"FESTA DE PASQUA"},"content":{"rendered":"<p><span style=\"font-weight: 400;\"><img loading=\"lazy\" decoding=\"async\" class=\" wp-image-4646 alignleft\" src=\"https:\/\/agora.xtec.cat\/ceipcescaldea\/wp-content\/uploads\/usu863\/2023\/04\/Captura-de-pantalla-2023-04-19-a-las-21.39.02.png\" alt=\"\" width=\"305\" height=\"403\" srcset=\"https:\/\/agora.xtec.cat\/ceipcescaldea\/wp-content\/uploads\/usu863\/2023\/04\/Captura-de-pantalla-2023-04-19-a-las-21.39.02.png 372w, https:\/\/agora.xtec.cat\/ceipcescaldea\/wp-content\/uploads\/usu863\/2023\/04\/Captura-de-pantalla-2023-04-19-a-las-21.39.02-227x300.png 227w\" sizes=\"auto, (max-width: 305px) 100vw, 305px\" \/>El divendres 31 de mar\u00e7\u00a0 vam acomiadar el segon trimestre amb molta energia. Va ser una jornada dol\u00e7a i divertida.<\/span><\/p>\n<p><span style=\"font-weight: 400;\">Com \u00e9s tradici\u00f3, al mat\u00ed vam fer les mones de Pasqua. Pa de pessic ben esponj\u00f3s, crema de cacau, melmelada, i moltes plomes per donar color.\u00a0 Un cop elaborades, va arribar el millor moment, les mones van despar\u00e8ixer com per art de m\u00e0gia. \u00c9s que eren delicioses!<\/span><\/p>\n<p><span style=\"font-weight: 400;\">Despr\u00e9s del pati, com bons aventurers i aventureres vam haver de buscar els ous de xocolata que ens havia deixat amagats el conillet de Pasqua.\u00a0 L\u2019alumnat de prim\u00e0ria va haver de superar algunes proves per aconseguir el seu tresor m\u00e9s llaminer.<\/span><\/p>\n<p><span style=\"font-weight: 400;\">A la tarda, tot i que el vent va bufar de valent, el <\/span><i><span style=\"font-weight: 400;\">Cesc Aldea Show<\/span><\/i><span style=\"font-weight: 400;\"> ens va entusiasmar d\u2019all\u00f2 m\u00e9s. L\u2019alumnat que va voler ens va mostrar\u00a0 les seves habilitats fent \u00fas del seu enginy i creativitat. Vam poder veure\u00a0 els m\u00e9s variats espectacles: m\u00fasica, m\u00e0gia, ball, acrob\u00e0cies, esport\u2026 una mostra de talents que ens va fer passar una molt bona estona. La nostra enhorabona a tots i totes les ARTISTES que van participar!<\/span><\/p>\n<p><span style=\"font-weight: 400;\">Si voleu veure imatges d\u2019aquell dia i un v\u00eddeo de les actuacions\u00a0 CLIQUEU <a href=\"https:\/\/agora.xtec.cat\/ceipcescaldea\/fotos-de-festes-i-activitats\/\" target=\"_blank\" rel=\"noopener\">AQU\u00cd<\/a>.<\/span><\/p>\n","protected":false},"excerpt":{"rendered":"<p>El divendres 31 de mar\u00e7\u00a0 vam acomiadar el segon trimestre amb molta energia. Va ser una jornada dol\u00e7a i divertida. [&hellip;]<\/p>\n","protected":false},"author":1,"featured_media":4646,"comment_status":"open","ping_status":"closed","sticky":false,"template":"","format":"standard","meta":{"_bbp_topic_count":0,"_bbp_reply_count":0,"_bbp_total_topic_count":0,"_bbp_total_reply_count":0,"_bbp_voice_count":0,"_bbp_anonymous_reply_count":0,"_bbp_topic_count_hidden":0,"_bbp_reply_count_hidden":0,"_bbp_forum_subforum_count":0,"site-sidebar-layout":"default","site-content-layout":"","ast-site-content-layout":"","site-content-style":"default","site-sidebar-style":"default","ast-global-header-display":"","ast-banner-title-visibility":"","ast-main-header-display":"","ast-hfb-above-header-display":"","ast-hfb-below-header-display":"","ast-hfb-mobile-header-display":"","site-post-title":"","ast-breadcrumbs-content":"","ast-featured-img":"","footer-sml-layout":"","theme-transparent-header-meta":"","adv-header-id-meta":"","stick-header-meta":"","header-above-stick-meta":"","header-main-stick-meta":"","header-below-stick-meta":"","astra-migrate-meta-layouts":"default","ast-page-background-enabled":"default","ast-page-background-meta":{"desktop":{"background-color":"var(--ast-global-color-4)","background-image":"","background-repeat":"repeat","background-position":"center center","background-size":"auto","background-attachment":"scroll","background-type":"","background-media":"","overlay-type":"","overlay-color":"","overlay-opacity":"","overlay-gradient":""},"tablet":{"background-color":"","background-image":"","background-repeat":"repeat","background-position":"center center","background-size":"auto","background-attachment":"scroll","background-type":"","background-media":"","overlay-type":"","overlay-color":"","overlay-opacity":"","overlay-gradient":""},"mobile":{"background-color":"","background-image":"","background-repeat":"repeat","background-position":"center center","background-size":"auto","background-attachment":"scroll","background-type":"","background-media":"","overlay-type":"","overlay-color":"","overlay-opacity":"","overlay-gradient":""}},"ast-content-background-meta":{"desktop":{"background-color":"var(--ast-global-color-5)","background-image":"","background-repeat":"repeat","background-position":"center center","background-size":"auto","background-attachment":"scroll","background-type":"","background-media":"","overlay-type":"","overlay-color":"","overlay-opacity":"","overlay-gradient":""},"tablet":{"background-color":"var(--ast-global-color-5)","background-image":"","background-repeat":"repeat","background-position":"center center","background-size":"auto","background-attachment":"scroll","background-type":"","background-media":"","overlay-type":"","overlay-color":"","overlay-opacity":"","overlay-gradient":""},"mobile":{"background-color":"var(--ast-global-color-5)","background-image":"","background-repeat":"repeat","background-position":"center center","background-size":"auto","background-attachment":"scroll","background-type":"","background-media":"","overlay-type":"","overlay-color":"","overlay-opacity":"","overlay-gradient":""}},"footnotes":""},"categories":[1,4],"tags":[],"class_list":["post-4645","post","type-post","status-publish","format-standard","has-post-thumbnail","hentry","category-general","category-portada"],"post_mailing_queue_ids":[],"_links":{"self":[{"href":"https:\/\/agora.xtec.cat\/ceipcescaldea\/wp-json\/wp\/v2\/posts\/4645","targetHints":{"allow":["GET"]}}],"collection":[{"href":"https:\/\/agora.xtec.cat\/ceipcescaldea\/wp-json\/wp\/v2\/posts"}],"about":[{"href":"https:\/\/agora.xtec.cat\/ceipcescaldea\/wp-json\/wp\/v2\/types\/post"}],"author":[{"embeddable":true,"href":"https:\/\/agora.xtec.cat\/ceipcescaldea\/wp-json\/wp\/v2\/users\/1"}],"replies":[{"embeddable":true,"href":"https:\/\/agora.xtec.cat\/ceipcescaldea\/wp-json\/wp\/v2\/comments?post=4645"}],"version-history":[{"count":1,"href":"https:\/\/agora.xtec.cat\/ceipcescaldea\/wp-json\/wp\/v2\/posts\/4645\/revisions"}],"predecessor-version":[{"id":4648,"href":"https:\/\/agora.xtec.cat\/ceipcescaldea\/wp-json\/wp\/v2\/posts\/4645\/revisions\/4648"}],"wp:featuredmedia":[{"embeddable":true,"href":"https:\/\/agora.xtec.cat\/ceipcescaldea\/wp-json\/wp\/v2\/media\/4646"}],"wp:attachment":[{"href":"https:\/\/agora.xtec.cat\/ceipcescaldea\/wp-json\/wp\/v2\/media?parent=4645"}],"wp:term":[{"taxonomy":"category","embeddable":true,"href":"https:\/\/agora.xtec.cat\/ceipcescaldea\/wp-json\/wp\/v2\/categories?post=4645"},{"taxonomy":"post_tag","embeddable":true,"href":"https:\/\/agora.xtec.cat\/ceipcescaldea\/wp-json\/wp\/v2\/tags?post=4645"}],"curies":[{"name":"wp","href":"https:\/\/api.w.org\/{rel}","templated":true}]}}