{"id":4526,"date":"2022-12-19T16:23:32","date_gmt":"2022-12-19T15:23:32","guid":{"rendered":"https:\/\/agora.xtec.cat\/ceipcescaldea\/?p=4526"},"modified":"2023-01-09T10:11:18","modified_gmt":"2023-01-09T09:11:18","slug":"les-nostres-caixes-de-vida-i3","status":"publish","type":"post","link":"https:\/\/agora.xtec.cat\/ceipcescaldea\/general\/les-nostres-caixes-de-vida-i3\/","title":{"rendered":"LES NOSTRES CAIXES DE VIDA (I3)"},"content":{"rendered":"<p dir=\"ltr\">A l\u2019aula d\u2019I3 hem pogut con\u00e8ixer una mica m\u00e9s a cada infant gr\u00e0cies a la seva CAIXA DE VIDA.<\/p>\n<p dir=\"ltr\">En plena adaptaci\u00f3, va ser un moment molt m\u00e0gic quan cada nen i nena va tenir un familiar per acompanyant-lo i entre tots dos van decorar les caixes. Van quedar precioses!<\/p>\n<p><img loading=\"lazy\" decoding=\"async\" class=\"aligncenter wp-image-4527\" src=\"https:\/\/agora.xtec.cat\/ceipcescaldea\/wp-content\/uploads\/usu863\/2022\/12\/Copia-de-IMG20221013151106-1024x768.jpg\" alt=\"\" width=\"466\" height=\"350\" srcset=\"https:\/\/agora.xtec.cat\/ceipcescaldea\/wp-content\/uploads\/usu863\/2022\/12\/Copia-de-IMG20221013151106-1024x768.jpg 1024w, https:\/\/agora.xtec.cat\/ceipcescaldea\/wp-content\/uploads\/usu863\/2022\/12\/Copia-de-IMG20221013151106-300x225.jpg 300w, https:\/\/agora.xtec.cat\/ceipcescaldea\/wp-content\/uploads\/usu863\/2022\/12\/Copia-de-IMG20221013151106-768x576.jpg 768w, https:\/\/agora.xtec.cat\/ceipcescaldea\/wp-content\/uploads\/usu863\/2022\/12\/Copia-de-IMG20221013151106-1536x1152.jpg 1536w, https:\/\/agora.xtec.cat\/ceipcescaldea\/wp-content\/uploads\/usu863\/2022\/12\/Copia-de-IMG20221013151106-200x150.jpg 200w, https:\/\/agora.xtec.cat\/ceipcescaldea\/wp-content\/uploads\/usu863\/2022\/12\/Copia-de-IMG20221013151106.jpg 2048w\" sizes=\"auto, (max-width: 466px) 100vw, 466px\" \/><\/p>\n<p dir=\"ltr\">Despr\u00e9s van ser les fam\u00edlies les que es van esfor\u00e7ar en omplir aquestes caixes amb objectes que simbolitzessin el recorregut de vida dels seus fills i filles. Algunes van ser d\u2019all\u00f2 m\u00e9s originals!<\/p>\n<p dir=\"ltr\">I la cirereta del past\u00eds d\u2019aquesta activitat l\u2019hem anat gaudint a poc a poc, amb cada trobada on una fam\u00edlia entrava a l\u2019aula amb la caixa de vida i amb l\u2019ajuda del seu fill o filla ens anava presentant alguna coseta m\u00e9s d\u2019ell o ella.<\/p>\n<p dir=\"ltr\">D\u2019aquesta manera hem pogut saber, per exemple, quins s\u00f3n els seus menjars preferits: perqu\u00e8 ens han portat bossetes amb frijoles a dins, o la bossa d\u2019uns canelons congelats, o un tub de lacasitos. Tamb\u00e9 hem conegut els llocs on els agrada anar: al bosc, ens l\u2019han apropat un pot amb terra, la platja, amb una llauna amb pedres, l\u2019hort, amb una regadora&#8230; Molts han coincidit amb qu\u00e8 els apassiona l\u2019aigua, i ens ho han fet saber posant-se el casquet de piscina, o portant un banyador!<\/p>\n<p dir=\"ltr\">En resum, ha estat emocionant i molt divertit anar desgranant el recorregut de vida de cada infant. Gr\u00e0cies fam\u00edlies per fer possible aquesta activitat.<\/p>\n<p><img loading=\"lazy\" decoding=\"async\" class=\"aligncenter wp-image-4528\" src=\"https:\/\/agora.xtec.cat\/ceipcescaldea\/wp-content\/uploads\/usu863\/2022\/12\/IMG_20221018_093107-1024x768.jpg\" alt=\"\" width=\"611\" height=\"458\" srcset=\"https:\/\/agora.xtec.cat\/ceipcescaldea\/wp-content\/uploads\/usu863\/2022\/12\/IMG_20221018_093107-1024x768.jpg 1024w, https:\/\/agora.xtec.cat\/ceipcescaldea\/wp-content\/uploads\/usu863\/2022\/12\/IMG_20221018_093107-300x225.jpg 300w, https:\/\/agora.xtec.cat\/ceipcescaldea\/wp-content\/uploads\/usu863\/2022\/12\/IMG_20221018_093107-768x576.jpg 768w, https:\/\/agora.xtec.cat\/ceipcescaldea\/wp-content\/uploads\/usu863\/2022\/12\/IMG_20221018_093107-1536x1152.jpg 1536w, https:\/\/agora.xtec.cat\/ceipcescaldea\/wp-content\/uploads\/usu863\/2022\/12\/IMG_20221018_093107-200x150.jpg 200w, https:\/\/agora.xtec.cat\/ceipcescaldea\/wp-content\/uploads\/usu863\/2022\/12\/IMG_20221018_093107.jpg 2048w\" sizes=\"auto, (max-width: 611px) 100vw, 611px\" \/><\/p>\n<p>Podeu veure m\u00e9s fotos clicant <a href=\"https:\/\/agora.xtec.cat\/ceipcescaldea\/fotos-p3-19-20\/\" target=\"_blank\" rel=\"noopener\">AQU\u00cd<\/a>.<\/p>\n","protected":false},"excerpt":{"rendered":"<p>A l\u2019aula d\u2019I3 hem pogut con\u00e8ixer una mica m\u00e9s a cada infant gr\u00e0cies a la seva CAIXA DE VIDA. En [&hellip;]<\/p>\n","protected":false},"author":1,"featured_media":4528,"comment_status":"open","ping_status":"closed","sticky":false,"template":"","format":"standard","meta":{"_bbp_topic_count":0,"_bbp_reply_count":0,"_bbp_total_topic_count":0,"_bbp_total_reply_count":0,"_bbp_voice_count":0,"_bbp_anonymous_reply_count":0,"_bbp_topic_count_hidden":0,"_bbp_reply_count_hidden":0,"_bbp_forum_subforum_count":0,"site-sidebar-layout":"default","site-content-layout":"","ast-site-content-layout":"","site-content-style":"default","site-sidebar-style":"default","ast-global-header-display":"","ast-banner-title-visibility":"","ast-main-header-display":"","ast-hfb-above-header-display":"","ast-hfb-below-header-display":"","ast-hfb-mobile-header-display":"","site-post-title":"","ast-breadcrumbs-content":"","ast-featured-img":"","footer-sml-layout":"","theme-transparent-header-meta":"","adv-header-id-meta":"","stick-header-meta":"","header-above-stick-meta":"","header-main-stick-meta":"","header-below-stick-meta":"","astra-migrate-meta-layouts":"default","ast-page-background-enabled":"default","ast-page-background-meta":{"desktop":{"background-color":"var(--ast-global-color-4)","background-image":"","background-repeat":"repeat","background-position":"center center","background-size":"auto","background-attachment":"scroll","background-type":"","background-media":"","overlay-type":"","overlay-color":"","overlay-opacity":"","overlay-gradient":""},"tablet":{"background-color":"","background-image":"","background-repeat":"repeat","background-position":"center center","background-size":"auto","background-attachment":"scroll","background-type":"","background-media":"","overlay-type":"","overlay-color":"","overlay-opacity":"","overlay-gradient":""},"mobile":{"background-color":"","background-image":"","background-repeat":"repeat","background-position":"center center","background-size":"auto","background-attachment":"scroll","background-type":"","background-media":"","overlay-type":"","overlay-color":"","overlay-opacity":"","overlay-gradient":""}},"ast-content-background-meta":{"desktop":{"background-color":"var(--ast-global-color-5)","background-image":"","background-repeat":"repeat","background-position":"center center","background-size":"auto","background-attachment":"scroll","background-type":"","background-media":"","overlay-type":"","overlay-color":"","overlay-opacity":"","overlay-gradient":""},"tablet":{"background-color":"var(--ast-global-color-5)","background-image":"","background-repeat":"repeat","background-position":"center center","background-size":"auto","background-attachment":"scroll","background-type":"","background-media":"","overlay-type":"","overlay-color":"","overlay-opacity":"","overlay-gradient":""},"mobile":{"background-color":"var(--ast-global-color-5)","background-image":"","background-repeat":"repeat","background-position":"center center","background-size":"auto","background-attachment":"scroll","background-type":"","background-media":"","overlay-type":"","overlay-color":"","overlay-opacity":"","overlay-gradient":""}},"footnotes":""},"categories":[1,4],"tags":[111,50,84],"class_list":["post-4526","post","type-post","status-publish","format-standard","has-post-thumbnail","hentry","category-general","category-portada","tag-curs-22-23","tag-i3","tag-vida-a-laula"],"post_mailing_queue_ids":[],"_links":{"self":[{"href":"https:\/\/agora.xtec.cat\/ceipcescaldea\/wp-json\/wp\/v2\/posts\/4526","targetHints":{"allow":["GET"]}}],"collection":[{"href":"https:\/\/agora.xtec.cat\/ceipcescaldea\/wp-json\/wp\/v2\/posts"}],"about":[{"href":"https:\/\/agora.xtec.cat\/ceipcescaldea\/wp-json\/wp\/v2\/types\/post"}],"author":[{"embeddable":true,"href":"https:\/\/agora.xtec.cat\/ceipcescaldea\/wp-json\/wp\/v2\/users\/1"}],"replies":[{"embeddable":true,"href":"https:\/\/agora.xtec.cat\/ceipcescaldea\/wp-json\/wp\/v2\/comments?post=4526"}],"version-history":[{"count":2,"href":"https:\/\/agora.xtec.cat\/ceipcescaldea\/wp-json\/wp\/v2\/posts\/4526\/revisions"}],"predecessor-version":[{"id":4532,"href":"https:\/\/agora.xtec.cat\/ceipcescaldea\/wp-json\/wp\/v2\/posts\/4526\/revisions\/4532"}],"wp:featuredmedia":[{"embeddable":true,"href":"https:\/\/agora.xtec.cat\/ceipcescaldea\/wp-json\/wp\/v2\/media\/4528"}],"wp:attachment":[{"href":"https:\/\/agora.xtec.cat\/ceipcescaldea\/wp-json\/wp\/v2\/media?parent=4526"}],"wp:term":[{"taxonomy":"category","embeddable":true,"href":"https:\/\/agora.xtec.cat\/ceipcescaldea\/wp-json\/wp\/v2\/categories?post=4526"},{"taxonomy":"post_tag","embeddable":true,"href":"https:\/\/agora.xtec.cat\/ceipcescaldea\/wp-json\/wp\/v2\/tags?post=4526"}],"curies":[{"name":"wp","href":"https:\/\/api.w.org\/{rel}","templated":true}]}}