{"id":4499,"date":"2022-12-01T12:37:59","date_gmt":"2022-12-01T11:37:59","guid":{"rendered":"https:\/\/agora.xtec.cat\/ceipcescaldea\/?p=4499"},"modified":"2022-12-01T12:37:59","modified_gmt":"2022-12-01T11:37:59","slug":"petits-i-petites-grans-artistes-comunitats-de-mitjans","status":"publish","type":"post","link":"https:\/\/agora.xtec.cat\/ceipcescaldea\/general\/petits-i-petites-grans-artistes-comunitats-de-mitjans\/","title":{"rendered":"PETITS I PETITES GRANS ARTISTES (Comunitats de Mitjans)"},"content":{"rendered":"<p><span style=\"font-weight: 400;\"><img loading=\"lazy\" decoding=\"async\" class=\" wp-image-4500 alignright\" src=\"https:\/\/agora.xtec.cat\/ceipcescaldea\/wp-content\/uploads\/usu863\/2022\/12\/Senddse-titol.jpg\" alt=\"\" width=\"252\" height=\"307\" srcset=\"https:\/\/agora.xtec.cat\/ceipcescaldea\/wp-content\/uploads\/usu863\/2022\/12\/Senddse-titol.jpg 307w, https:\/\/agora.xtec.cat\/ceipcescaldea\/wp-content\/uploads\/usu863\/2022\/12\/Senddse-titol-246x300.jpg 246w\" sizes=\"auto, (max-width: 252px) 100vw, 252px\" \/>Els nens i les nenes de la Comunitat de Mitjans hem inaugurat la primera exposici\u00f3 d\u2019art d\u2019aquest curs i volem compartir amb totes i tots vosaltres les nostres creacions art\u00edstiques. Fent \u00fas de diferents t\u00e8cniques i amb materials d\u2019all\u00f2 m\u00e9s diversos, hem aconseguit fer petites obres d\u2019art que ens han perm\u00e9s deixar volar la nostra imaginaci\u00f3, experimentar i aprendre tot gaudint de l\u2019art.<\/span><\/p>\n<p><span style=\"font-weight: 400;\"><img loading=\"lazy\" decoding=\"async\" class=\" wp-image-4501 alignleft\" src=\"https:\/\/agora.xtec.cat\/ceipcescaldea\/wp-content\/uploads\/usu863\/2022\/12\/Sxxxense-titol.jpg\" alt=\"\" width=\"306\" height=\"320\" srcset=\"https:\/\/agora.xtec.cat\/ceipcescaldea\/wp-content\/uploads\/usu863\/2022\/12\/Sxxxense-titol.jpg 374w, https:\/\/agora.xtec.cat\/ceipcescaldea\/wp-content\/uploads\/usu863\/2022\/12\/Sxxxense-titol-287x300.jpg 287w\" sizes=\"auto, (max-width: 306px) 100vw, 306px\" \/>De la m\u00e0 de la Hannah H\u00f6ch, artista<\/span><span style=\"font-weight: 400;\"> considera<\/span><span style=\"font-weight: 400;\">da pionera en l\u2019\u00fas del fotomuntatge, hem treballat el collage. Amb la Carmen Valverde, especialista en el retrat naturalista, hem fet retrats del nostres companys i companyes amb aquarel\u00b7les. Inspirats i inspirades en la Yayoi Kusama, hem treballat el volum\u00a0 modelant fang i\u00a0 creant divertides i originals carbasses.\u00a0 Finalment, seguint l\u2019estil de l\u2019Anna Taratiel, hem experimentat amb les pintures, els colors i les formes geom\u00e8triques.\u00a0<\/span><\/p>\n<p><span style=\"font-weight: 400;\">Quatre tallers molt diferents, per\u00f2 amb uns\u00a0 objectius comuns, desenvolupar la creativitat i la imaginaci\u00f3 dels infants i gaudir de l\u2019art com a mitj\u00e0 d\u2019expressi\u00f3 d\u2019idees i sentiments.<\/span><\/p>\n<p><span style=\"font-weight: 400;\">Volem compartir amb tots i totes vosaltres les nostres creacions. Esperem que us agradin tan com a nosaltres.<\/span><\/p>\n<p>Clicant <a href=\"https:\/\/drive.google.com\/drive\/folders\/1-E2RrZyAGegILXDFEYrtJAL4CtspSJm6?usp=sharing\" target=\"_blank\" rel=\"noopener\">AQU\u00cd<\/a> podreu veure les imatges.<\/p>\n","protected":false},"excerpt":{"rendered":"<p>Els nens i les nenes de la Comunitat de Mitjans hem inaugurat la primera exposici\u00f3 d\u2019art d\u2019aquest curs i volem [&hellip;]<\/p>\n","protected":false},"author":1,"featured_media":4501,"comment_status":"open","ping_status":"closed","sticky":false,"template":"","format":"standard","meta":{"_bbp_topic_count":0,"_bbp_reply_count":0,"_bbp_total_topic_count":0,"_bbp_total_reply_count":0,"_bbp_voice_count":0,"_bbp_anonymous_reply_count":0,"_bbp_topic_count_hidden":0,"_bbp_reply_count_hidden":0,"_bbp_forum_subforum_count":0,"site-sidebar-layout":"default","site-content-layout":"","ast-site-content-layout":"","site-content-style":"default","site-sidebar-style":"default","ast-global-header-display":"","ast-banner-title-visibility":"","ast-main-header-display":"","ast-hfb-above-header-display":"","ast-hfb-below-header-display":"","ast-hfb-mobile-header-display":"","site-post-title":"","ast-breadcrumbs-content":"","ast-featured-img":"","footer-sml-layout":"","theme-transparent-header-meta":"","adv-header-id-meta":"","stick-header-meta":"","header-above-stick-meta":"","header-main-stick-meta":"","header-below-stick-meta":"","astra-migrate-meta-layouts":"default","ast-page-background-enabled":"default","ast-page-background-meta":{"desktop":{"background-color":"var(--ast-global-color-4)","background-image":"","background-repeat":"repeat","background-position":"center center","background-size":"auto","background-attachment":"scroll","background-type":"","background-media":"","overlay-type":"","overlay-color":"","overlay-opacity":"","overlay-gradient":""},"tablet":{"background-color":"","background-image":"","background-repeat":"repeat","background-position":"center center","background-size":"auto","background-attachment":"scroll","background-type":"","background-media":"","overlay-type":"","overlay-color":"","overlay-opacity":"","overlay-gradient":""},"mobile":{"background-color":"","background-image":"","background-repeat":"repeat","background-position":"center center","background-size":"auto","background-attachment":"scroll","background-type":"","background-media":"","overlay-type":"","overlay-color":"","overlay-opacity":"","overlay-gradient":""}},"ast-content-background-meta":{"desktop":{"background-color":"var(--ast-global-color-5)","background-image":"","background-repeat":"repeat","background-position":"center center","background-size":"auto","background-attachment":"scroll","background-type":"","background-media":"","overlay-type":"","overlay-color":"","overlay-opacity":"","overlay-gradient":""},"tablet":{"background-color":"var(--ast-global-color-5)","background-image":"","background-repeat":"repeat","background-position":"center center","background-size":"auto","background-attachment":"scroll","background-type":"","background-media":"","overlay-type":"","overlay-color":"","overlay-opacity":"","overlay-gradient":""},"mobile":{"background-color":"var(--ast-global-color-5)","background-image":"","background-repeat":"repeat","background-position":"center center","background-size":"auto","background-attachment":"scroll","background-type":"","background-media":"","overlay-type":"","overlay-color":"","overlay-opacity":"","overlay-gradient":""}},"footnotes":""},"categories":[1,4],"tags":[104,94,111],"class_list":["post-4499","post","type-post","status-publish","format-standard","has-post-thumbnail","hentry","category-general","category-portada","tag-art","tag-comunitat-de-mitjans","tag-curs-22-23"],"post_mailing_queue_ids":[],"_links":{"self":[{"href":"https:\/\/agora.xtec.cat\/ceipcescaldea\/wp-json\/wp\/v2\/posts\/4499","targetHints":{"allow":["GET"]}}],"collection":[{"href":"https:\/\/agora.xtec.cat\/ceipcescaldea\/wp-json\/wp\/v2\/posts"}],"about":[{"href":"https:\/\/agora.xtec.cat\/ceipcescaldea\/wp-json\/wp\/v2\/types\/post"}],"author":[{"embeddable":true,"href":"https:\/\/agora.xtec.cat\/ceipcescaldea\/wp-json\/wp\/v2\/users\/1"}],"replies":[{"embeddable":true,"href":"https:\/\/agora.xtec.cat\/ceipcescaldea\/wp-json\/wp\/v2\/comments?post=4499"}],"version-history":[{"count":1,"href":"https:\/\/agora.xtec.cat\/ceipcescaldea\/wp-json\/wp\/v2\/posts\/4499\/revisions"}],"predecessor-version":[{"id":4502,"href":"https:\/\/agora.xtec.cat\/ceipcescaldea\/wp-json\/wp\/v2\/posts\/4499\/revisions\/4502"}],"wp:featuredmedia":[{"embeddable":true,"href":"https:\/\/agora.xtec.cat\/ceipcescaldea\/wp-json\/wp\/v2\/media\/4501"}],"wp:attachment":[{"href":"https:\/\/agora.xtec.cat\/ceipcescaldea\/wp-json\/wp\/v2\/media?parent=4499"}],"wp:term":[{"taxonomy":"category","embeddable":true,"href":"https:\/\/agora.xtec.cat\/ceipcescaldea\/wp-json\/wp\/v2\/categories?post=4499"},{"taxonomy":"post_tag","embeddable":true,"href":"https:\/\/agora.xtec.cat\/ceipcescaldea\/wp-json\/wp\/v2\/tags?post=4499"}],"curies":[{"name":"wp","href":"https:\/\/api.w.org\/{rel}","templated":true}]}}