{"id":4477,"date":"2022-11-25T16:00:32","date_gmt":"2022-11-25T15:00:32","guid":{"rendered":"https:\/\/agora.xtec.cat\/ceipcescaldea\/?p=4477"},"modified":"2022-11-25T16:00:47","modified_gmt":"2022-11-25T15:00:47","slug":"dites-mensuals-i4","status":"publish","type":"post","link":"https:\/\/agora.xtec.cat\/ceipcescaldea\/general\/dites-mensuals-i4\/","title":{"rendered":"DITES MENSUALS (I4)"},"content":{"rendered":"<p>&nbsp;<\/p>\n<p><img loading=\"lazy\" decoding=\"async\" class=\" wp-image-4478 alignleft\" src=\"https:\/\/agora.xtec.cat\/ceipcescaldea\/wp-content\/uploads\/usu863\/2022\/11\/image-1.png\" alt=\"\" width=\"382\" height=\"271\" srcset=\"https:\/\/agora.xtec.cat\/ceipcescaldea\/wp-content\/uploads\/usu863\/2022\/11\/image-1.png 950w, https:\/\/agora.xtec.cat\/ceipcescaldea\/wp-content\/uploads\/usu863\/2022\/11\/image-1-300x213.png 300w, https:\/\/agora.xtec.cat\/ceipcescaldea\/wp-content\/uploads\/usu863\/2022\/11\/image-1-768x546.png 768w\" sizes=\"auto, (max-width: 382px) 100vw, 382px\" \/><\/p>\n<p>A l&#8217;aula cada mes coneixem una dita nova. Aquest mes, durant l&#8217;estona del bon dia, hem conegut la del novembre. Ens agrada con\u00e8ixer dites que ens fan enriquir el nostre vocabulari catal\u00e0, alhora tots i totes ens les aprenem i les recitem amb una entonaci\u00f3 pr\u00f2pia que ens fa gaudir plegats. A m\u00e9s a m\u00e9s, aprofitem per fer-nos nostre la dita i utilitzem petits trucs per memoritzar-la i practicar la motricitat fina. En aquest cas, podreu observar com cada infant ha escrit la paraula &#8220;foc&#8221; i ha pintat i enganxat papers representant-lo. Podeu veure com \u00e9s d&#8217;important tot el proc\u00e9s per aprendre la dita en el seg\u00fcent v\u00eddeo i les fotografies. Ara ja estan preparats i preparades per recitar la dita del novembre! Animeu-vos a compartir aquesta publicaci\u00f3 web amb els vostres fills i filles i ben segur que us la reciten!<\/p>\n<p>Clicant <a href=\"https:\/\/agora.xtec.cat\/ceipcescaldea\/fotos-p4-19-20\/\" target=\"_blank\" rel=\"noopener\">AQU\u00cd<\/a> podreu veure un v\u00eddeo en el qual els vostres fills i filles estan preparant la part art\u00edstica de la dita.<\/p>\n","protected":false},"excerpt":{"rendered":"<p>&nbsp; A l&#8217;aula cada mes coneixem una dita nova. Aquest mes, durant l&#8217;estona del bon dia, hem conegut la del [&hellip;]<\/p>\n","protected":false},"author":1,"featured_media":4478,"comment_status":"open","ping_status":"closed","sticky":false,"template":"","format":"standard","meta":{"_bbp_topic_count":0,"_bbp_reply_count":0,"_bbp_total_topic_count":0,"_bbp_total_reply_count":0,"_bbp_voice_count":0,"_bbp_anonymous_reply_count":0,"_bbp_topic_count_hidden":0,"_bbp_reply_count_hidden":0,"_bbp_forum_subforum_count":0,"site-sidebar-layout":"default","site-content-layout":"","ast-site-content-layout":"","site-content-style":"default","site-sidebar-style":"default","ast-global-header-display":"","ast-banner-title-visibility":"","ast-main-header-display":"","ast-hfb-above-header-display":"","ast-hfb-below-header-display":"","ast-hfb-mobile-header-display":"","site-post-title":"","ast-breadcrumbs-content":"","ast-featured-img":"","footer-sml-layout":"","theme-transparent-header-meta":"","adv-header-id-meta":"","stick-header-meta":"","header-above-stick-meta":"","header-main-stick-meta":"","header-below-stick-meta":"","astra-migrate-meta-layouts":"default","ast-page-background-enabled":"default","ast-page-background-meta":{"desktop":{"background-color":"var(--ast-global-color-4)","background-image":"","background-repeat":"repeat","background-position":"center center","background-size":"auto","background-attachment":"scroll","background-type":"","background-media":"","overlay-type":"","overlay-color":"","overlay-opacity":"","overlay-gradient":""},"tablet":{"background-color":"","background-image":"","background-repeat":"repeat","background-position":"center center","background-size":"auto","background-attachment":"scroll","background-type":"","background-media":"","overlay-type":"","overlay-color":"","overlay-opacity":"","overlay-gradient":""},"mobile":{"background-color":"","background-image":"","background-repeat":"repeat","background-position":"center center","background-size":"auto","background-attachment":"scroll","background-type":"","background-media":"","overlay-type":"","overlay-color":"","overlay-opacity":"","overlay-gradient":""}},"ast-content-background-meta":{"desktop":{"background-color":"var(--ast-global-color-5)","background-image":"","background-repeat":"repeat","background-position":"center center","background-size":"auto","background-attachment":"scroll","background-type":"","background-media":"","overlay-type":"","overlay-color":"","overlay-opacity":"","overlay-gradient":""},"tablet":{"background-color":"var(--ast-global-color-5)","background-image":"","background-repeat":"repeat","background-position":"center center","background-size":"auto","background-attachment":"scroll","background-type":"","background-media":"","overlay-type":"","overlay-color":"","overlay-opacity":"","overlay-gradient":""},"mobile":{"background-color":"var(--ast-global-color-5)","background-image":"","background-repeat":"repeat","background-position":"center center","background-size":"auto","background-attachment":"scroll","background-type":"","background-media":"","overlay-type":"","overlay-color":"","overlay-opacity":"","overlay-gradient":""}},"footnotes":""},"categories":[1,4],"tags":[104,111,57],"class_list":["post-4477","post","type-post","status-publish","format-standard","has-post-thumbnail","hentry","category-general","category-portada","tag-art","tag-curs-22-23","tag-literatura"],"post_mailing_queue_ids":[],"_links":{"self":[{"href":"https:\/\/agora.xtec.cat\/ceipcescaldea\/wp-json\/wp\/v2\/posts\/4477","targetHints":{"allow":["GET"]}}],"collection":[{"href":"https:\/\/agora.xtec.cat\/ceipcescaldea\/wp-json\/wp\/v2\/posts"}],"about":[{"href":"https:\/\/agora.xtec.cat\/ceipcescaldea\/wp-json\/wp\/v2\/types\/post"}],"author":[{"embeddable":true,"href":"https:\/\/agora.xtec.cat\/ceipcescaldea\/wp-json\/wp\/v2\/users\/1"}],"replies":[{"embeddable":true,"href":"https:\/\/agora.xtec.cat\/ceipcescaldea\/wp-json\/wp\/v2\/comments?post=4477"}],"version-history":[{"count":2,"href":"https:\/\/agora.xtec.cat\/ceipcescaldea\/wp-json\/wp\/v2\/posts\/4477\/revisions"}],"predecessor-version":[{"id":4482,"href":"https:\/\/agora.xtec.cat\/ceipcescaldea\/wp-json\/wp\/v2\/posts\/4477\/revisions\/4482"}],"wp:featuredmedia":[{"embeddable":true,"href":"https:\/\/agora.xtec.cat\/ceipcescaldea\/wp-json\/wp\/v2\/media\/4478"}],"wp:attachment":[{"href":"https:\/\/agora.xtec.cat\/ceipcescaldea\/wp-json\/wp\/v2\/media?parent=4477"}],"wp:term":[{"taxonomy":"category","embeddable":true,"href":"https:\/\/agora.xtec.cat\/ceipcescaldea\/wp-json\/wp\/v2\/categories?post=4477"},{"taxonomy":"post_tag","embeddable":true,"href":"https:\/\/agora.xtec.cat\/ceipcescaldea\/wp-json\/wp\/v2\/tags?post=4477"}],"curies":[{"name":"wp","href":"https:\/\/api.w.org\/{rel}","templated":true}]}}