{"id":4442,"date":"2022-11-09T12:13:06","date_gmt":"2022-11-09T11:13:06","guid":{"rendered":"https:\/\/agora.xtec.cat\/ceipcescaldea\/?p=4442"},"modified":"2022-11-09T12:14:01","modified_gmt":"2022-11-09T11:14:01","slug":"castanyada-2022","status":"publish","type":"post","link":"https:\/\/agora.xtec.cat\/ceipcescaldea\/general\/castanyada-2022\/","title":{"rendered":"CASTANYADA 2022"},"content":{"rendered":"<p><img loading=\"lazy\" decoding=\"async\" class=\"aligncenter size-large wp-image-4446\" src=\"https:\/\/agora.xtec.cat\/ceipcescaldea\/wp-content\/uploads\/usu863\/2022\/11\/CAStitol.jpg\" alt=\"\" width=\"654\" height=\"401\" srcset=\"https:\/\/agora.xtec.cat\/ceipcescaldea\/wp-content\/uploads\/usu863\/2022\/11\/CAStitol.jpg 654w, https:\/\/agora.xtec.cat\/ceipcescaldea\/wp-content\/uploads\/usu863\/2022\/11\/CAStitol-300x184.jpg 300w\" sizes=\"auto, (max-width: 654px) 100vw, 654px\" \/><\/p>\n<p style=\"text-align: center;\"><span style=\"font-weight: 400;\">El passat divendres 28 d\u2019octubre vam celebrar i gaudir d\u2019unes de les festes m\u00e9s esperades de l\u2019any: La Castanyada i Halloween!<\/span><\/p>\n<p style=\"text-align: center;\"><img loading=\"lazy\" decoding=\"async\" class=\" wp-image-4445 alignleft\" src=\"https:\/\/agora.xtec.cat\/ceipcescaldea\/wp-content\/uploads\/usu863\/2022\/11\/SenCCCse-titol.jpg\" alt=\"\" width=\"308\" height=\"229\" srcset=\"https:\/\/agora.xtec.cat\/ceipcescaldea\/wp-content\/uploads\/usu863\/2022\/11\/SenCCCse-titol.jpg 657w, https:\/\/agora.xtec.cat\/ceipcescaldea\/wp-content\/uploads\/usu863\/2022\/11\/SenCCCse-titol-300x223.jpg 300w, https:\/\/agora.xtec.cat\/ceipcescaldea\/wp-content\/uploads\/usu863\/2022\/11\/SenCCCse-titol-200x150.jpg 200w\" sizes=\"auto, (max-width: 308px) 100vw, 308px\" \/> <span style=\"font-weight: 400;\">Durant la jornada, totes les comunitats van endinsar-se en una en un dia ple d\u2019esdeveniments i tallers d\u2019all\u00f2 m\u00e9s especials. A primera hora del mat\u00ed, totes les classes van endinsar-se en una lectura terror\u00edfica, quina por! M\u00e9s tard, vam seguir la nostra tradici\u00f3 de cuinar panellets per menjar-los a la tarda, i van quedar ben bons!<\/span><\/p>\n<p>&nbsp;<\/p>\n<p>&nbsp;<\/p>\n<p>&nbsp;<\/p>\n<p><img loading=\"lazy\" decoding=\"async\" class=\"wp-image-4447 alignright\" style=\"text-align: center;\" src=\"https:\/\/agora.xtec.cat\/ceipcescaldea\/wp-content\/uploads\/usu863\/2022\/11\/SeCAAAnse-titol.jpg\" alt=\"\" width=\"275\" height=\"197\" srcset=\"https:\/\/agora.xtec.cat\/ceipcescaldea\/wp-content\/uploads\/usu863\/2022\/11\/SeCAAAnse-titol.jpg 923w, https:\/\/agora.xtec.cat\/ceipcescaldea\/wp-content\/uploads\/usu863\/2022\/11\/SeCAAAnse-titol-300x215.jpg 300w, https:\/\/agora.xtec.cat\/ceipcescaldea\/wp-content\/uploads\/usu863\/2022\/11\/SeCAAAnse-titol-768x549.jpg 768w\" sizes=\"auto, (max-width: 275px) 100vw, 275px\" \/><\/p>\n<p style=\"text-align: center;\"><span style=\"font-weight: 400;\">Despr\u00e9s del pati cada comunitat va realitzar uns tallers diferents. Per una banda, a la Comunitat de Petits van fer un tastet de les fruites de la tardor. D\u2019altra banda, la Comunitat de Mitjans van fer un taller on havien de decorar uns fanalets de tardor amb papers de colors de la tardor per posar-hi una espelma a dins. Van quedar preciosos!<\/span><\/p>\n<p><img loading=\"lazy\" decoding=\"async\" class=\"aligncenter wp-image-4448\" src=\"https:\/\/agora.xtec.cat\/ceipcescaldea\/wp-content\/uploads\/usu863\/2022\/11\/Sexxnse-titol-1024x465.jpg\" alt=\"\" width=\"429\" height=\"195\" srcset=\"https:\/\/agora.xtec.cat\/ceipcescaldea\/wp-content\/uploads\/usu863\/2022\/11\/Sexxnse-titol-1024x465.jpg 1024w, https:\/\/agora.xtec.cat\/ceipcescaldea\/wp-content\/uploads\/usu863\/2022\/11\/Sexxnse-titol-300x136.jpg 300w, https:\/\/agora.xtec.cat\/ceipcescaldea\/wp-content\/uploads\/usu863\/2022\/11\/Sexxnse-titol-768x348.jpg 768w, https:\/\/agora.xtec.cat\/ceipcescaldea\/wp-content\/uploads\/usu863\/2022\/11\/Sexxnse-titol-1536x697.jpg 1536w, https:\/\/agora.xtec.cat\/ceipcescaldea\/wp-content\/uploads\/usu863\/2022\/11\/Sexxnse-titol.jpg 1792w\" sizes=\"auto, (max-width: 429px) 100vw, 429px\" \/><\/p>\n<p>&nbsp;<\/p>\n<p><img loading=\"lazy\" decoding=\"async\" class=\"wp-image-4444 alignright\" src=\"https:\/\/agora.xtec.cat\/ceipcescaldea\/wp-content\/uploads\/usu863\/2022\/11\/XXSense-titol.jpg\" alt=\"\" width=\"469\" height=\"307\" srcset=\"https:\/\/agora.xtec.cat\/ceipcescaldea\/wp-content\/uploads\/usu863\/2022\/11\/XXSense-titol.jpg 657w, https:\/\/agora.xtec.cat\/ceipcescaldea\/wp-content\/uploads\/usu863\/2022\/11\/XXSense-titol-300x196.jpg 300w\" sizes=\"auto, (max-width: 469px) 100vw, 469px\" \/><\/p>\n<p><span style=\"font-weight: 400;\">I, per \u00faltim, la Comunitat de Grans va fer la presentaci\u00f3 de carbasses terror\u00edfiques en angl\u00e8s. Well done!<\/span><\/p>\n<p><span style=\"font-weight: 400;\">A la tarda, l\u2019alumnat m\u00e9s valent va atrevir-se a entrar al t\u00fanel del terror que va preparar el grup de sis\u00e8. I despr\u00e9s, tots i totes plegades vam baixar al pati a fer danses tradicionals de la tardor i a menjar els panellets que hav\u00edem preparat al mat\u00ed.<\/span><\/p>\n<p><span style=\"font-weight: 400;\">Va ser un dia d\u2019all\u00f2 m\u00e9s terror\u00edfic!<\/span><\/p>\n<p>Per veure les fotos de la festa, cliqueu <a href=\"https:\/\/agora.xtec.cat\/ceipcescaldea\/fotos-de-festes-i-activitats\/\" target=\"_blank\" rel=\"noopener\">AQU\u00cd<\/a>.<\/p>\n","protected":false},"excerpt":{"rendered":"<p>El passat divendres 28 d\u2019octubre vam celebrar i gaudir d\u2019unes de les festes m\u00e9s esperades de l\u2019any: La Castanyada i [&hellip;]<\/p>\n","protected":false},"author":1,"featured_media":4446,"comment_status":"open","ping_status":"closed","sticky":false,"template":"","format":"standard","meta":{"_bbp_topic_count":0,"_bbp_reply_count":0,"_bbp_total_topic_count":0,"_bbp_total_reply_count":0,"_bbp_voice_count":0,"_bbp_anonymous_reply_count":0,"_bbp_topic_count_hidden":0,"_bbp_reply_count_hidden":0,"_bbp_forum_subforum_count":0,"site-sidebar-layout":"default","site-content-layout":"","ast-site-content-layout":"","site-content-style":"default","site-sidebar-style":"default","ast-global-header-display":"","ast-banner-title-visibility":"","ast-main-header-display":"","ast-hfb-above-header-display":"","ast-hfb-below-header-display":"","ast-hfb-mobile-header-display":"","site-post-title":"","ast-breadcrumbs-content":"","ast-featured-img":"","footer-sml-layout":"","theme-transparent-header-meta":"","adv-header-id-meta":"","stick-header-meta":"","header-above-stick-meta":"","header-main-stick-meta":"","header-below-stick-meta":"","astra-migrate-meta-layouts":"default","ast-page-background-enabled":"default","ast-page-background-meta":{"desktop":{"background-color":"var(--ast-global-color-4)","background-image":"","background-repeat":"repeat","background-position":"center center","background-size":"auto","background-attachment":"scroll","background-type":"","background-media":"","overlay-type":"","overlay-color":"","overlay-opacity":"","overlay-gradient":""},"tablet":{"background-color":"","background-image":"","background-repeat":"repeat","background-position":"center center","background-size":"auto","background-attachment":"scroll","background-type":"","background-media":"","overlay-type":"","overlay-color":"","overlay-opacity":"","overlay-gradient":""},"mobile":{"background-color":"","background-image":"","background-repeat":"repeat","background-position":"center center","background-size":"auto","background-attachment":"scroll","background-type":"","background-media":"","overlay-type":"","overlay-color":"","overlay-opacity":"","overlay-gradient":""}},"ast-content-background-meta":{"desktop":{"background-color":"var(--ast-global-color-5)","background-image":"","background-repeat":"repeat","background-position":"center center","background-size":"auto","background-attachment":"scroll","background-type":"","background-media":"","overlay-type":"","overlay-color":"","overlay-opacity":"","overlay-gradient":""},"tablet":{"background-color":"var(--ast-global-color-5)","background-image":"","background-repeat":"repeat","background-position":"center center","background-size":"auto","background-attachment":"scroll","background-type":"","background-media":"","overlay-type":"","overlay-color":"","overlay-opacity":"","overlay-gradient":""},"mobile":{"background-color":"var(--ast-global-color-5)","background-image":"","background-repeat":"repeat","background-position":"center center","background-size":"auto","background-attachment":"scroll","background-type":"","background-media":"","overlay-type":"","overlay-color":"","overlay-opacity":"","overlay-gradient":""}},"footnotes":""},"categories":[1,4],"tags":[82,111,81],"class_list":["post-4442","post","type-post","status-publish","format-standard","has-post-thumbnail","hentry","category-general","category-portada","tag-castanyada","tag-curs-22-23","tag-festes"],"post_mailing_queue_ids":[],"_links":{"self":[{"href":"https:\/\/agora.xtec.cat\/ceipcescaldea\/wp-json\/wp\/v2\/posts\/4442","targetHints":{"allow":["GET"]}}],"collection":[{"href":"https:\/\/agora.xtec.cat\/ceipcescaldea\/wp-json\/wp\/v2\/posts"}],"about":[{"href":"https:\/\/agora.xtec.cat\/ceipcescaldea\/wp-json\/wp\/v2\/types\/post"}],"author":[{"embeddable":true,"href":"https:\/\/agora.xtec.cat\/ceipcescaldea\/wp-json\/wp\/v2\/users\/1"}],"replies":[{"embeddable":true,"href":"https:\/\/agora.xtec.cat\/ceipcescaldea\/wp-json\/wp\/v2\/comments?post=4442"}],"version-history":[{"count":3,"href":"https:\/\/agora.xtec.cat\/ceipcescaldea\/wp-json\/wp\/v2\/posts\/4442\/revisions"}],"predecessor-version":[{"id":4451,"href":"https:\/\/agora.xtec.cat\/ceipcescaldea\/wp-json\/wp\/v2\/posts\/4442\/revisions\/4451"}],"wp:featuredmedia":[{"embeddable":true,"href":"https:\/\/agora.xtec.cat\/ceipcescaldea\/wp-json\/wp\/v2\/media\/4446"}],"wp:attachment":[{"href":"https:\/\/agora.xtec.cat\/ceipcescaldea\/wp-json\/wp\/v2\/media?parent=4442"}],"wp:term":[{"taxonomy":"category","embeddable":true,"href":"https:\/\/agora.xtec.cat\/ceipcescaldea\/wp-json\/wp\/v2\/categories?post=4442"},{"taxonomy":"post_tag","embeddable":true,"href":"https:\/\/agora.xtec.cat\/ceipcescaldea\/wp-json\/wp\/v2\/tags?post=4442"}],"curies":[{"name":"wp","href":"https:\/\/api.w.org\/{rel}","templated":true}]}}