{"id":4329,"date":"2022-06-28T12:46:42","date_gmt":"2022-06-28T10:46:42","guid":{"rendered":"https:\/\/agora.xtec.cat\/ceipcescaldea\/?p=4329"},"modified":"2022-06-29T11:49:23","modified_gmt":"2022-06-29T09:49:23","slug":"els-nostres-avis-i-les-nostres-avies-son-de-la-prehistoria-1r","status":"publish","type":"post","link":"https:\/\/agora.xtec.cat\/ceipcescaldea\/general\/els-nostres-avis-i-les-nostres-avies-son-de-la-prehistoria-1r\/","title":{"rendered":"ELS NOSTRES AVIS I LES NOSTRES \u00c0VIES S\u00d3N DE LA PREHIST\u00d2RIA? (1r)"},"content":{"rendered":"<p><span style=\"font-weight: 400;\"><img loading=\"lazy\" decoding=\"async\" class=\" wp-image-4332 alignright\" src=\"https:\/\/agora.xtec.cat\/ceipcescaldea\/wp-content\/uploads\/usu863\/2022\/06\/ddddtitol.jpg\" alt=\"\" width=\"218\" height=\"421\" srcset=\"https:\/\/agora.xtec.cat\/ceipcescaldea\/wp-content\/uploads\/usu863\/2022\/06\/ddddtitol.jpg 281w, https:\/\/agora.xtec.cat\/ceipcescaldea\/wp-content\/uploads\/usu863\/2022\/06\/ddddtitol-155x300.jpg 155w\" sizes=\"auto, (max-width: 218px) 100vw, 218px\" \/>Al llarg de les \u00faltimes setmanes\u00a0 els nens i nenes de 1r hem estat investigant sobre la Prehist\u00f2ria. Tot va comen\u00e7ar el dia que,\u00a0 amb\u00a0 l\u2019objectiu de fer un homenatge a totes les nostres\u00a0 \u00e0vies per dia de la dona, des de l\u2019escola ens vam demanar que portessim fotos amb les nostres \u00e0vies. Durant uns dies, les fotos van estar rondant per la classe i els nens i les nenes vam conversar molt\u00a0 sobre com pens\u00e0vem que era la vida a l\u2019\u00e8poca de les \u00e0vies.<\/span><\/p>\n<p><span style=\"font-weight: 400;\">Conversa que va portar a alguns infants a situar les \u00e0vies en un per\u00edode de la hist\u00f2ria massa lluny\u00e0. A partir d\u2019aqu\u00ed vam comen\u00e7ar a fer afirmacions i a plantejar dubtes. Donat que no ens pos\u00e0vem d\u2019acord, vam decidir convidar els avis i les \u00e0vies per tal que ens ho aclarissin.\u00a0<\/span><\/p>\n<p><span style=\"font-weight: 400;\">Van venir l\u2019avi del Leo i l\u2019\u00e0via de la Roc\u00edo i i despr\u00e9s d\u2019una interessant i alhora divertida entrevista vam descobrir que ni ells ni la resta d\u2019avis i \u00e0vies van viure en coves ni van ca\u00e7ar mamuts per menjar. Aix\u00ed com tampoc ho van fer els seus pares i mares ni els seus avis i \u00e0vies.<\/span><\/p>\n<p><span style=\"font-weight: 400;\">Aquesta descoberta va obrir una nova l\u00ednia d\u2019investigaci\u00f3, llavors quins dels nostres avantpassats si van viure en coves i van ca\u00e7ar mamuts per menjar?<\/span><\/p>\n<p><img loading=\"lazy\" decoding=\"async\" class=\"aligncenter wp-image-4331\" src=\"https:\/\/agora.xtec.cat\/ceipcescaldea\/wp-content\/uploads\/usu863\/2022\/06\/Senccccse-titol-1024x518.jpg\" alt=\"\" width=\"643\" height=\"325\" srcset=\"https:\/\/agora.xtec.cat\/ceipcescaldea\/wp-content\/uploads\/usu863\/2022\/06\/Senccccse-titol-1024x518.jpg 1024w, https:\/\/agora.xtec.cat\/ceipcescaldea\/wp-content\/uploads\/usu863\/2022\/06\/Senccccse-titol-300x152.jpg 300w, https:\/\/agora.xtec.cat\/ceipcescaldea\/wp-content\/uploads\/usu863\/2022\/06\/Senccccse-titol-768x388.jpg 768w, https:\/\/agora.xtec.cat\/ceipcescaldea\/wp-content\/uploads\/usu863\/2022\/06\/Senccccse-titol.jpg 1074w\" sizes=\"auto, (max-width: 643px) 100vw, 643px\" \/><\/p>\n<p>&nbsp;<\/p>\n<p><span style=\"font-weight: 400;\"><img loading=\"lazy\" decoding=\"async\" class=\" wp-image-4330 alignright\" src=\"https:\/\/agora.xtec.cat\/ceipcescaldea\/wp-content\/uploads\/usu863\/2022\/06\/Senxxxxse-titol.jpg\" alt=\"\" width=\"293\" height=\"512\" srcset=\"https:\/\/agora.xtec.cat\/ceipcescaldea\/wp-content\/uploads\/usu863\/2022\/06\/Senxxxxse-titol.jpg 355w, https:\/\/agora.xtec.cat\/ceipcescaldea\/wp-content\/uploads\/usu863\/2022\/06\/Senxxxxse-titol-172x300.jpg 172w\" sizes=\"auto, (max-width: 293px) 100vw, 293px\" \/>Amb la col\u00b7laboraci\u00f3 de les fam\u00edlies vam buscar\u00a0 informaci\u00f3 que don\u00e9s resposta a les nostres inquietuds. Despr\u00e9s, en petits grups a la classe, vam analitzar tota la informaci\u00f3 que hav\u00edem portat, la vam recollir per escrit i, finalment, cada grup va compartir\u00a0 la seva feina amb la resta de la classe.<\/span><\/p>\n<p><span style=\"font-weight: 400;\">La Prehist\u00f2ria ens va semblar una \u00e8poca fascinant, com vivien, com\u00a0 s\u2019alimentaven i com ocupaven el seu temps lliure. Per\u00f2 sens dubte, el que\u00a0 m\u00e9s ens va cridar l\u2019atenci\u00f3 van ser els mamuts. Eren uns animals enormes i ens costava imaginar-nos com eren realment de grans; aix\u00ed que vam decidir representar la seva al\u00e7ada\u00a0 per poder fer-nos una idea.\u00a0<\/span><\/p>\n<p><span style=\"font-weight: 400;\">Com ja \u00e9s habitual, quan fem Investiguem, l\u2019enfoc globalitzat est\u00e0 sempre present i per aconseguir els nostres objectius sempre tenen cabuda coneixements d\u2019altres \u00e0rees. Aquesta vegada\u00a0 per tal de representar a mida real l\u2019al\u00e7ada d\u2019un mamut i la llargada dels seus ullals, vam treballar les unitats de longitud (metre i cent\u00edmetre).\u00a0<\/span><\/p>\n<p><span style=\"font-weight: 400;\">Vam comen\u00e7ar observant i manipulant regles petits, regles grans de fusta i cintes m\u00e8triques. Despr\u00e9s vam mesurar diversos espais de l\u2019escola,\u00a0 objectes de la classe i a nosaltres mateixos. <\/span><\/p>\n<p><span style=\"font-weight: 400;\"><img loading=\"lazy\" decoding=\"async\" class=\" wp-image-4333 alignleft\" src=\"https:\/\/agora.xtec.cat\/ceipcescaldea\/wp-content\/uploads\/usu863\/2022\/06\/Sezzzznse-titol.jpg\" alt=\"\" width=\"383\" height=\"265\" srcset=\"https:\/\/agora.xtec.cat\/ceipcescaldea\/wp-content\/uploads\/usu863\/2022\/06\/Sezzzznse-titol.jpg 494w, https:\/\/agora.xtec.cat\/ceipcescaldea\/wp-content\/uploads\/usu863\/2022\/06\/Sezzzznse-titol-300x208.jpg 300w\" sizes=\"auto, (max-width: 383px) 100vw, 383px\" \/>Per acabar la nostra investigaci\u00f3 sobre la Prehist\u00f2ria vam fer un taller de f\u00f2ssils amb pasta de sal.<\/span><\/p>\n<p><span style=\"font-weight: 400;\">Quan vam mirar els v\u00eddeos sobre mamuts, una not\u00edcia sobre un beb\u00e9 de mamut fossilitzat ens va cridar molt l\u2019atenci\u00f3. I, donat que molt i moltes de nosaltres no ten\u00edem massa clar que era un f\u00f2ssil, que millor manera de descobrir-ho que experimentant amb les nostres pr\u00f2pies mans.<\/span><\/p>\n<p><span style=\"font-weight: 400;\">Com podeu veure, per dur a terme aquesta investigaci\u00f3, hem treballat aspectes de gaireb\u00e9 totes les \u00e0rees del curr\u00edculum, des del medi fins a les mates, passant per la llengua i l\u2019art.<\/span><\/p>\n<p><span style=\"font-weight: 400;\">A continuaci\u00f3, volem compartir amb tots i totes vosaltres les fotos de tot el proc\u00e9s, aix\u00ed com tamb\u00e9 algunes fotos de la nostra visita al Cosmocaixa on vam poder visitar la secci\u00f3 dedicada a la prehist\u00f2ria. Esperem que gaudiu tant com ho hem fet nosaltres. Cliqueu <a href=\"https:\/\/agora.xtec.cat\/ceipcescaldea\/fotos-1r-19-20\/\" target=\"_blank\" rel=\"noopener\">AQU\u00cd<\/a> per veure les imatges.<\/span><\/p>\n","protected":false},"excerpt":{"rendered":"<p>Al llarg de les \u00faltimes setmanes\u00a0 els nens i nenes de 1r hem estat investigant sobre la Prehist\u00f2ria. Tot va [&hellip;]<\/p>\n","protected":false},"author":1,"featured_media":4332,"comment_status":"open","ping_status":"closed","sticky":false,"template":"","format":"standard","meta":{"_bbp_topic_count":0,"_bbp_reply_count":0,"_bbp_total_topic_count":0,"_bbp_total_reply_count":0,"_bbp_voice_count":0,"_bbp_anonymous_reply_count":0,"_bbp_topic_count_hidden":0,"_bbp_reply_count_hidden":0,"_bbp_forum_subforum_count":0,"site-sidebar-layout":"default","site-content-layout":"","ast-site-content-layout":"","site-content-style":"default","site-sidebar-style":"default","ast-global-header-display":"","ast-banner-title-visibility":"","ast-main-header-display":"","ast-hfb-above-header-display":"","ast-hfb-below-header-display":"","ast-hfb-mobile-header-display":"","site-post-title":"","ast-breadcrumbs-content":"","ast-featured-img":"","footer-sml-layout":"","theme-transparent-header-meta":"","adv-header-id-meta":"","stick-header-meta":"","header-above-stick-meta":"","header-main-stick-meta":"","header-below-stick-meta":"","astra-migrate-meta-layouts":"default","ast-page-background-enabled":"default","ast-page-background-meta":{"desktop":{"background-color":"var(--ast-global-color-4)","background-image":"","background-repeat":"repeat","background-position":"center center","background-size":"auto","background-attachment":"scroll","background-type":"","background-media":"","overlay-type":"","overlay-color":"","overlay-opacity":"","overlay-gradient":""},"tablet":{"background-color":"","background-image":"","background-repeat":"repeat","background-position":"center center","background-size":"auto","background-attachment":"scroll","background-type":"","background-media":"","overlay-type":"","overlay-color":"","overlay-opacity":"","overlay-gradient":""},"mobile":{"background-color":"","background-image":"","background-repeat":"repeat","background-position":"center center","background-size":"auto","background-attachment":"scroll","background-type":"","background-media":"","overlay-type":"","overlay-color":"","overlay-opacity":"","overlay-gradient":""}},"ast-content-background-meta":{"desktop":{"background-color":"var(--ast-global-color-5)","background-image":"","background-repeat":"repeat","background-position":"center center","background-size":"auto","background-attachment":"scroll","background-type":"","background-media":"","overlay-type":"","overlay-color":"","overlay-opacity":"","overlay-gradient":""},"tablet":{"background-color":"var(--ast-global-color-5)","background-image":"","background-repeat":"repeat","background-position":"center center","background-size":"auto","background-attachment":"scroll","background-type":"","background-media":"","overlay-type":"","overlay-color":"","overlay-opacity":"","overlay-gradient":""},"mobile":{"background-color":"var(--ast-global-color-5)","background-image":"","background-repeat":"repeat","background-position":"center center","background-size":"auto","background-attachment":"scroll","background-type":"","background-media":"","overlay-type":"","overlay-color":"","overlay-opacity":"","overlay-gradient":""}},"footnotes":""},"categories":[1,4],"tags":[88,102,86],"class_list":["post-4329","post","type-post","status-publish","format-standard","has-post-thumbnail","hentry","category-general","category-portada","tag-2n","tag-curs-21-22","tag-investiguem"],"post_mailing_queue_ids":[],"_links":{"self":[{"href":"https:\/\/agora.xtec.cat\/ceipcescaldea\/wp-json\/wp\/v2\/posts\/4329","targetHints":{"allow":["GET"]}}],"collection":[{"href":"https:\/\/agora.xtec.cat\/ceipcescaldea\/wp-json\/wp\/v2\/posts"}],"about":[{"href":"https:\/\/agora.xtec.cat\/ceipcescaldea\/wp-json\/wp\/v2\/types\/post"}],"author":[{"embeddable":true,"href":"https:\/\/agora.xtec.cat\/ceipcescaldea\/wp-json\/wp\/v2\/users\/1"}],"replies":[{"embeddable":true,"href":"https:\/\/agora.xtec.cat\/ceipcescaldea\/wp-json\/wp\/v2\/comments?post=4329"}],"version-history":[{"count":3,"href":"https:\/\/agora.xtec.cat\/ceipcescaldea\/wp-json\/wp\/v2\/posts\/4329\/revisions"}],"predecessor-version":[{"id":4341,"href":"https:\/\/agora.xtec.cat\/ceipcescaldea\/wp-json\/wp\/v2\/posts\/4329\/revisions\/4341"}],"wp:featuredmedia":[{"embeddable":true,"href":"https:\/\/agora.xtec.cat\/ceipcescaldea\/wp-json\/wp\/v2\/media\/4332"}],"wp:attachment":[{"href":"https:\/\/agora.xtec.cat\/ceipcescaldea\/wp-json\/wp\/v2\/media?parent=4329"}],"wp:term":[{"taxonomy":"category","embeddable":true,"href":"https:\/\/agora.xtec.cat\/ceipcescaldea\/wp-json\/wp\/v2\/categories?post=4329"},{"taxonomy":"post_tag","embeddable":true,"href":"https:\/\/agora.xtec.cat\/ceipcescaldea\/wp-json\/wp\/v2\/tags?post=4329"}],"curies":[{"name":"wp","href":"https:\/\/api.w.org\/{rel}","templated":true}]}}