{"id":4239,"date":"2022-04-21T14:02:27","date_gmt":"2022-04-21T12:02:27","guid":{"rendered":"https:\/\/agora.xtec.cat\/ceipcescaldea\/?p=4239"},"modified":"2022-04-21T14:02:39","modified_gmt":"2022-04-21T12:02:39","slug":"musical-annie-6e","status":"publish","type":"post","link":"https:\/\/agora.xtec.cat\/ceipcescaldea\/general\/musical-annie-6e\/","title":{"rendered":"MUSICAL ANNIE (6\u00e8)"},"content":{"rendered":"<p style=\"font-weight: 400;\">En breu comen\u00e7arem el tercer trimestre i \u00e9s inevitable que no hagueu sentit a parlar ja del musical que far\u00e0 l\u2019alumnat de 6\u00e8. La seva motivaci\u00f3 ha estat molt bona al llarg d&#8217;aquest segon trimestre i \u00e9s imprescindible que continu\u00ef aix\u00ed en aquest \u00faltim per\u00edode que queda fins el dia de l&#8217;estrena.<\/p>\n<p style=\"font-weight: 400;\">Primer de tot, ens agradaria fer un petit resum respecte a l\u2019obra, perqu\u00e8 pugueu comen\u00e7ar a fer-vos una idea del gran show que veureu. \u201c L\u2019Annie\u201d, \u00e9s una com\u00e8dia dram\u00e0tica musical que est\u00e0 basada en un personatge popular d\u2019una tira c\u00f2mica, publicada a la premsa d\u2019un diari dels Estats Units l&#8217;any 1924.\u00a0 Aquesta tira c\u00f2mica s\u2019anomenava \u201cLa petita \u00f2rfena Annie \u201d de Harold Gray. Cap a l&#8217;any 1977 es va fer la primera adaptaci\u00f3 en versi\u00f3 musical i al 1982 la primera pel\u00b7l\u00edcula. <em>(Al final d&#8217;aquest article trobareu l&#8217;enlla\u00e7 de l&#8217;\u00faltima versi\u00f3 realitzada al 2014 perqu\u00e8 pugueu gaudir en fam\u00edlia d\u2019una tarda de cinema amb el vostre fill\/a)\u00a0<\/em><\/p>\n<p style=\"font-weight: 400;\"><img loading=\"lazy\" decoding=\"async\" class=\"aligncenter size-large wp-image-4240\" src=\"https:\/\/agora.xtec.cat\/ceipcescaldea\/wp-content\/uploads\/usu863\/2022\/04\/IMG_1835.heic\" alt=\"\" width=\"1\" height=\"1\" \/> <img loading=\"lazy\" decoding=\"async\" class=\" wp-image-4241 alignleft\" src=\"https:\/\/agora.xtec.cat\/ceipcescaldea\/wp-content\/uploads\/usu863\/2022\/04\/Semusnse-titol-1024x622.jpg\" alt=\"\" width=\"460\" height=\"279\" srcset=\"https:\/\/agora.xtec.cat\/ceipcescaldea\/wp-content\/uploads\/usu863\/2022\/04\/Semusnse-titol-1024x622.jpg 1024w, https:\/\/agora.xtec.cat\/ceipcescaldea\/wp-content\/uploads\/usu863\/2022\/04\/Semusnse-titol-300x182.jpg 300w, https:\/\/agora.xtec.cat\/ceipcescaldea\/wp-content\/uploads\/usu863\/2022\/04\/Semusnse-titol-768x466.jpg 768w, https:\/\/agora.xtec.cat\/ceipcescaldea\/wp-content\/uploads\/usu863\/2022\/04\/Semusnse-titol.jpg 1153w\" sizes=\"auto, (max-width: 460px) 100vw, 460px\" \/>En segon lloc, ens agradaria explicar-vos com estem preparant aquest gran dia i que pugueu veure quina tasca hi ha darrera d&#8217;aquest projecte, de l&#8217;\u00e0rea de catal\u00e0, que ocupa el segon i el tercer trimestre. Per comen\u00e7ar, vam haver de fer recerca respecte el que era un musical i les seves caracter\u00edstiques. Despr\u00e9s vam presentar l\u2019escollit mitjan\u00e7ant la visualitzaci\u00f3 de la pel\u00b7l\u00edcula i va ser en aquest moment quan l\u2019alumnat va comen\u00e7ar a preparar-se el c\u00e0sting per a la selecci\u00f3 dels personatges. Per poder aprendre a tenir una bona expressi\u00f3 oral, gesticulaci\u00f3 i expressi\u00f3 corporal l\u2019alumnat compta amb una especialista teatral que ens ajuda a preparar l\u2019obra. Darrera de tot aquest treball m\u00e9s engrescador es produeixen molts altres aprenentatges d\u2019expressi\u00f3 escita, adquisici\u00f3 de nou vocabulari, an\u00e0lisi dels diferents recursos ling\u00fc\u00edstics que complementen i afavoreixen el seu aprenentatge.<\/p>\n<p style=\"font-weight: 400;\">\u00c9s el conjunt de totes aquestes activitats, la motivaci\u00f3 dels i les alumnes i la col\u00b7laboraci\u00f3 de la resta de docents, que ens ajuden en els aspectes que interfereixen en les seves especialitats com m\u00fasica, angl\u00e8s o educaci\u00f3 f\u00edsica, que el resultat d&#8217;aquest projecte \u00e9s sempre meravell\u00f3s. Continuarem treballant per aconseguir un espectacle inoblidable.<\/p>\n<p style=\"font-weight: 400;\"><a href=\"https:\/\/drive.google.com\/file\/d\/14mjyKaoFNRW7oLCZepO-kHdSbw89Uy2S\/view?usp=sharing\" data-saferedirecturl=\"https:\/\/www.google.com\/url?q=https:\/\/drive.google.com\/file\/d\/14mjyKaoFNRW7oLCZepO-kHdSbw89Uy2S\/view?usp%3Dsharing&amp;source=gmail&amp;ust=1650437480141000&amp;usg=AOvVaw3yKKa7MYkbw1ukoKKSnT4W\">Pel\u00b7l\u00edcula Annie 2014<\/a><\/p>\n<p>Per veure algunes imatges, cliqueu <a href=\"https:\/\/agora.xtec.cat\/ceipcescaldea\/fotos-6e-19-20\/\" target=\"_blank\" rel=\"noopener\">AQU\u00cd<\/a>.<\/p>\n","protected":false},"excerpt":{"rendered":"<p>En breu comen\u00e7arem el tercer trimestre i \u00e9s inevitable que no hagueu sentit a parlar ja del musical que far\u00e0 [&hellip;]<\/p>\n","protected":false},"author":1,"featured_media":4241,"comment_status":"open","ping_status":"closed","sticky":false,"template":"","format":"standard","meta":{"_bbp_topic_count":0,"_bbp_reply_count":0,"_bbp_total_topic_count":0,"_bbp_total_reply_count":0,"_bbp_voice_count":0,"_bbp_anonymous_reply_count":0,"_bbp_topic_count_hidden":0,"_bbp_reply_count_hidden":0,"_bbp_forum_subforum_count":0,"site-sidebar-layout":"default","site-content-layout":"","ast-site-content-layout":"","site-content-style":"default","site-sidebar-style":"default","ast-global-header-display":"","ast-banner-title-visibility":"","ast-main-header-display":"","ast-hfb-above-header-display":"","ast-hfb-below-header-display":"","ast-hfb-mobile-header-display":"","site-post-title":"","ast-breadcrumbs-content":"","ast-featured-img":"","footer-sml-layout":"","theme-transparent-header-meta":"","adv-header-id-meta":"","stick-header-meta":"","header-above-stick-meta":"","header-main-stick-meta":"","header-below-stick-meta":"","astra-migrate-meta-layouts":"default","ast-page-background-enabled":"default","ast-page-background-meta":{"desktop":{"background-color":"var(--ast-global-color-4)","background-image":"","background-repeat":"repeat","background-position":"center center","background-size":"auto","background-attachment":"scroll","background-type":"","background-media":"","overlay-type":"","overlay-color":"","overlay-opacity":"","overlay-gradient":""},"tablet":{"background-color":"","background-image":"","background-repeat":"repeat","background-position":"center center","background-size":"auto","background-attachment":"scroll","background-type":"","background-media":"","overlay-type":"","overlay-color":"","overlay-opacity":"","overlay-gradient":""},"mobile":{"background-color":"","background-image":"","background-repeat":"repeat","background-position":"center center","background-size":"auto","background-attachment":"scroll","background-type":"","background-media":"","overlay-type":"","overlay-color":"","overlay-opacity":"","overlay-gradient":""}},"ast-content-background-meta":{"desktop":{"background-color":"var(--ast-global-color-5)","background-image":"","background-repeat":"repeat","background-position":"center center","background-size":"auto","background-attachment":"scroll","background-type":"","background-media":"","overlay-type":"","overlay-color":"","overlay-opacity":"","overlay-gradient":""},"tablet":{"background-color":"var(--ast-global-color-5)","background-image":"","background-repeat":"repeat","background-position":"center center","background-size":"auto","background-attachment":"scroll","background-type":"","background-media":"","overlay-type":"","overlay-color":"","overlay-opacity":"","overlay-gradient":""},"mobile":{"background-color":"var(--ast-global-color-5)","background-image":"","background-repeat":"repeat","background-position":"center center","background-size":"auto","background-attachment":"scroll","background-type":"","background-media":"","overlay-type":"","overlay-color":"","overlay-opacity":"","overlay-gradient":""}},"footnotes":""},"categories":[1,4],"tags":[70,102],"class_list":["post-4239","post","type-post","status-publish","format-standard","has-post-thumbnail","hentry","category-general","category-portada","tag-6e","tag-curs-21-22"],"post_mailing_queue_ids":[],"_links":{"self":[{"href":"https:\/\/agora.xtec.cat\/ceipcescaldea\/wp-json\/wp\/v2\/posts\/4239","targetHints":{"allow":["GET"]}}],"collection":[{"href":"https:\/\/agora.xtec.cat\/ceipcescaldea\/wp-json\/wp\/v2\/posts"}],"about":[{"href":"https:\/\/agora.xtec.cat\/ceipcescaldea\/wp-json\/wp\/v2\/types\/post"}],"author":[{"embeddable":true,"href":"https:\/\/agora.xtec.cat\/ceipcescaldea\/wp-json\/wp\/v2\/users\/1"}],"replies":[{"embeddable":true,"href":"https:\/\/agora.xtec.cat\/ceipcescaldea\/wp-json\/wp\/v2\/comments?post=4239"}],"version-history":[{"count":2,"href":"https:\/\/agora.xtec.cat\/ceipcescaldea\/wp-json\/wp\/v2\/posts\/4239\/revisions"}],"predecessor-version":[{"id":4243,"href":"https:\/\/agora.xtec.cat\/ceipcescaldea\/wp-json\/wp\/v2\/posts\/4239\/revisions\/4243"}],"wp:featuredmedia":[{"embeddable":true,"href":"https:\/\/agora.xtec.cat\/ceipcescaldea\/wp-json\/wp\/v2\/media\/4241"}],"wp:attachment":[{"href":"https:\/\/agora.xtec.cat\/ceipcescaldea\/wp-json\/wp\/v2\/media?parent=4239"}],"wp:term":[{"taxonomy":"category","embeddable":true,"href":"https:\/\/agora.xtec.cat\/ceipcescaldea\/wp-json\/wp\/v2\/categories?post=4239"},{"taxonomy":"post_tag","embeddable":true,"href":"https:\/\/agora.xtec.cat\/ceipcescaldea\/wp-json\/wp\/v2\/tags?post=4239"}],"curies":[{"name":"wp","href":"https:\/\/api.w.org\/{rel}","templated":true}]}}