{"id":4102,"date":"2022-03-02T09:35:18","date_gmt":"2022-03-02T08:35:18","guid":{"rendered":"https:\/\/agora.xtec.cat\/ceipcescaldea\/?p=4102"},"modified":"2022-03-02T09:35:18","modified_gmt":"2022-03-02T08:35:18","slug":"carnestoltes-2022","status":"publish","type":"post","link":"https:\/\/agora.xtec.cat\/ceipcescaldea\/general\/carnestoltes-2022\/","title":{"rendered":"CARNESTOLTES 2022"},"content":{"rendered":"<p dir=\"ltr\">Benvolgudes fam\u00edlies,<\/p>\n<p dir=\"ltr\">Volem compartir amb vosaltres alguns dels moments especials de la festa de Carnestoltes.<\/p>\n<p dir=\"ltr\"><img loading=\"lazy\" decoding=\"async\" class=\"aligncenter  wp-image-4105\" src=\"https:\/\/agora.xtec.cat\/ceipcescaldea\/wp-content\/uploads\/usu863\/2022\/03\/Ssssense-titol.png\" alt=\"\" width=\"676\" height=\"366\" srcset=\"https:\/\/agora.xtec.cat\/ceipcescaldea\/wp-content\/uploads\/usu863\/2022\/03\/Ssssense-titol.png 1009w, https:\/\/agora.xtec.cat\/ceipcescaldea\/wp-content\/uploads\/usu863\/2022\/03\/Ssssense-titol-300x162.png 300w, https:\/\/agora.xtec.cat\/ceipcescaldea\/wp-content\/uploads\/usu863\/2022\/03\/Ssssense-titol-768x416.png 768w\" sizes=\"auto, (max-width: 676px) 100vw, 676px\" \/><\/p>\n<p dir=\"ltr\">Dilluns al mat\u00ed ens vam trobar l\u2019escola ben guarnida pels nens i nenes de 6\u00e8 per aquesta setmana de disbauxa. A la tarda, els i les Jumanjis ens van sorprendre amb un preg\u00f3 d&#8217;all\u00f2 m\u00e9s original i posteriorment el Regne del 1112 ens va donar la consigna per dimarts, aix\u00ed com va anar fent cada dia de la setmana.<\/p>\n<p dir=\"ltr\">Per Dijous Gras tots i totes vam sortir a esmorzar truita i botifarra d&#8217;ou a espais naturals del voltant de l&#8217;escola.<\/p>\n<p dir=\"ltr\">Per finalitzar la setmana, divendres al mat\u00ed es van cantar els tradicionals garrotins, vam esmorzar xocolata amb melindros, vam fer tallers i vam assajar les coreografies de la comparsa. Despr\u00e9s de dinar, la festa va continuar amb la magn\u00edfica desfilada de comparses de cada classe i el premi a la millor comparsa se\u2019l va emportar l\u2019alumnat m\u00e9s gran.<\/p>\n<p dir=\"ltr\">Va ser un plaer poder tornar a obrir l&#8217;escola a les fam\u00edlies i compartir aquesta celebraci\u00f3 novament amb vosaltres.<\/p>\n<p dir=\"ltr\">Per gaudir de les fotos, cliqueu <a href=\"https:\/\/agora.xtec.cat\/ceipcescaldea\/fotos-de-festes-i-activitats\/\" target=\"_blank\" rel=\"noopener\">AQU\u00cd<\/a>.<\/p>\n","protected":false},"excerpt":{"rendered":"<p>Benvolgudes fam\u00edlies, Volem compartir amb vosaltres alguns dels moments especials de la festa de Carnestoltes. Dilluns al mat\u00ed ens vam [&hellip;]<\/p>\n","protected":false},"author":1,"featured_media":4105,"comment_status":"open","ping_status":"closed","sticky":false,"template":"","format":"standard","meta":{"_bbp_topic_count":0,"_bbp_reply_count":0,"_bbp_total_topic_count":0,"_bbp_total_reply_count":0,"_bbp_voice_count":0,"_bbp_anonymous_reply_count":0,"_bbp_topic_count_hidden":0,"_bbp_reply_count_hidden":0,"_bbp_forum_subforum_count":0,"site-sidebar-layout":"default","site-content-layout":"","ast-site-content-layout":"","site-content-style":"default","site-sidebar-style":"default","ast-global-header-display":"","ast-banner-title-visibility":"","ast-main-header-display":"","ast-hfb-above-header-display":"","ast-hfb-below-header-display":"","ast-hfb-mobile-header-display":"","site-post-title":"","ast-breadcrumbs-content":"","ast-featured-img":"","footer-sml-layout":"","theme-transparent-header-meta":"","adv-header-id-meta":"","stick-header-meta":"","header-above-stick-meta":"","header-main-stick-meta":"","header-below-stick-meta":"","astra-migrate-meta-layouts":"default","ast-page-background-enabled":"default","ast-page-background-meta":{"desktop":{"background-color":"var(--ast-global-color-4)","background-image":"","background-repeat":"repeat","background-position":"center center","background-size":"auto","background-attachment":"scroll","background-type":"","background-media":"","overlay-type":"","overlay-color":"","overlay-opacity":"","overlay-gradient":""},"tablet":{"background-color":"","background-image":"","background-repeat":"repeat","background-position":"center center","background-size":"auto","background-attachment":"scroll","background-type":"","background-media":"","overlay-type":"","overlay-color":"","overlay-opacity":"","overlay-gradient":""},"mobile":{"background-color":"","background-image":"","background-repeat":"repeat","background-position":"center center","background-size":"auto","background-attachment":"scroll","background-type":"","background-media":"","overlay-type":"","overlay-color":"","overlay-opacity":"","overlay-gradient":""}},"ast-content-background-meta":{"desktop":{"background-color":"var(--ast-global-color-5)","background-image":"","background-repeat":"repeat","background-position":"center center","background-size":"auto","background-attachment":"scroll","background-type":"","background-media":"","overlay-type":"","overlay-color":"","overlay-opacity":"","overlay-gradient":""},"tablet":{"background-color":"var(--ast-global-color-5)","background-image":"","background-repeat":"repeat","background-position":"center center","background-size":"auto","background-attachment":"scroll","background-type":"","background-media":"","overlay-type":"","overlay-color":"","overlay-opacity":"","overlay-gradient":""},"mobile":{"background-color":"var(--ast-global-color-5)","background-image":"","background-repeat":"repeat","background-position":"center center","background-size":"auto","background-attachment":"scroll","background-type":"","background-media":"","overlay-type":"","overlay-color":"","overlay-opacity":"","overlay-gradient":""}},"footnotes":""},"categories":[1,4],"tags":[68,102,81],"class_list":["post-4102","post","type-post","status-publish","format-standard","has-post-thumbnail","hentry","category-general","category-portada","tag-carnestoltes","tag-curs-21-22","tag-festes"],"post_mailing_queue_ids":[],"_links":{"self":[{"href":"https:\/\/agora.xtec.cat\/ceipcescaldea\/wp-json\/wp\/v2\/posts\/4102","targetHints":{"allow":["GET"]}}],"collection":[{"href":"https:\/\/agora.xtec.cat\/ceipcescaldea\/wp-json\/wp\/v2\/posts"}],"about":[{"href":"https:\/\/agora.xtec.cat\/ceipcescaldea\/wp-json\/wp\/v2\/types\/post"}],"author":[{"embeddable":true,"href":"https:\/\/agora.xtec.cat\/ceipcescaldea\/wp-json\/wp\/v2\/users\/1"}],"replies":[{"embeddable":true,"href":"https:\/\/agora.xtec.cat\/ceipcescaldea\/wp-json\/wp\/v2\/comments?post=4102"}],"version-history":[{"count":1,"href":"https:\/\/agora.xtec.cat\/ceipcescaldea\/wp-json\/wp\/v2\/posts\/4102\/revisions"}],"predecessor-version":[{"id":4106,"href":"https:\/\/agora.xtec.cat\/ceipcescaldea\/wp-json\/wp\/v2\/posts\/4102\/revisions\/4106"}],"wp:featuredmedia":[{"embeddable":true,"href":"https:\/\/agora.xtec.cat\/ceipcescaldea\/wp-json\/wp\/v2\/media\/4105"}],"wp:attachment":[{"href":"https:\/\/agora.xtec.cat\/ceipcescaldea\/wp-json\/wp\/v2\/media?parent=4102"}],"wp:term":[{"taxonomy":"category","embeddable":true,"href":"https:\/\/agora.xtec.cat\/ceipcescaldea\/wp-json\/wp\/v2\/categories?post=4102"},{"taxonomy":"post_tag","embeddable":true,"href":"https:\/\/agora.xtec.cat\/ceipcescaldea\/wp-json\/wp\/v2\/tags?post=4102"}],"curies":[{"name":"wp","href":"https:\/\/api.w.org\/{rel}","templated":true}]}}