{"id":4076,"date":"2022-02-15T11:53:37","date_gmt":"2022-02-15T10:53:37","guid":{"rendered":"https:\/\/agora.xtec.cat\/ceipcescaldea\/?p=4076"},"modified":"2022-02-15T11:53:57","modified_gmt":"2022-02-15T10:53:57","slug":"investiguem-6e","status":"publish","type":"post","link":"https:\/\/agora.xtec.cat\/ceipcescaldea\/general\/investiguem-6e\/","title":{"rendered":"Investiguem 6\u00e8"},"content":{"rendered":"<p dir=\"ltr\"><img loading=\"lazy\" decoding=\"async\" class=\"wp-image-4077 alignright\" src=\"https:\/\/agora.xtec.cat\/ceipcescaldea\/wp-content\/uploads\/usu863\/2022\/02\/1639764406585-1024x472.jpg\" alt=\"\" width=\"746\" height=\"344\" srcset=\"https:\/\/agora.xtec.cat\/ceipcescaldea\/wp-content\/uploads\/usu863\/2022\/02\/1639764406585-1024x472.jpg 1024w, https:\/\/agora.xtec.cat\/ceipcescaldea\/wp-content\/uploads\/usu863\/2022\/02\/1639764406585-300x138.jpg 300w, https:\/\/agora.xtec.cat\/ceipcescaldea\/wp-content\/uploads\/usu863\/2022\/02\/1639764406585-768x354.jpg 768w, https:\/\/agora.xtec.cat\/ceipcescaldea\/wp-content\/uploads\/usu863\/2022\/02\/1639764406585-1536x708.jpg 1536w, https:\/\/agora.xtec.cat\/ceipcescaldea\/wp-content\/uploads\/usu863\/2022\/02\/1639764406585.jpg 1600w\" sizes=\"auto, (max-width: 746px) 100vw, 746px\" \/>Benvolgudes fam\u00edlies!!<\/p>\n<p dir=\"ltr\">En aquest primer article us volem explicar com va sorgir la proposta del nostre projecte d\u2019investigaci\u00f3 i quins passos vam comen\u00e7ar a fer durant el primer trimestre. La idea\u00a0 va sorgir d\u2019un suggeriment que ens va fer la direcci\u00f3 de l\u2019escola. Fa temps que l\u2019alumnat no acabava de sentir-se del tot c\u00f2mode amb les propostes de pati i per aquest motiu vam pensar que, nosaltres podr\u00edem portar a terme la realitzaci\u00f3 del projecte \u201c<strong>Transformem el pati<\/strong>\u201d.<\/p>\n<p dir=\"ltr\">Ens endinsem en aquest\u00a0 treball amb la intenci\u00f3 de transformar el nostre pati tant f\u00edsicament com en la manera en qu\u00e8 ens hi relacionem (aula al pati, diversificaci\u00f3 d\u2019espais, pati obert, elements instal\u00b7lats\u2026).\u00a0Per aix\u00f2, durant el primer trimestre, a trav\u00e9s d\u2019unes sessions de conversa i reflexi\u00f3 del cam\u00ed que havien fet altres escoles en els seus espais exteriors, vam extreure els punts claus i vam iniciar la primera fase del nostre pla de treball.<\/p>\n<p dir=\"ltr\">Primer vam posar en com\u00fa quin pati volem i els par\u00e0metres que hem treballat i que considerem indispensables per analitzar i dissenyar els espais des d\u2019un punt de vista qualitatiu amb l\u2019objectiu de crear espais m\u00e9s inclusius i d\u2019evitar les desigualtats de g\u00e8nere.\u00a0Despr\u00e9s d\u2019aquest estudi vam confegir les enquestes que passarem a la resta de la comunitat educativa (alumnat, docents i personal no docent) per poder fer un recull de dades i mira quins par\u00e0metres dels anteriors hem de millorar.<\/p>\n<p dir=\"ltr\">Ha comen\u00e7at el cam\u00ed de la transformaci\u00f3 del Pati de l\u2019escola Francesc Aldea!<\/p>\n<p dir=\"ltr\">A partir del segon trimestre i amb les dades recollides i analitzades ja tindrem el full de ruta per comen\u00e7ar la transformaci\u00f3 f\u00edsica i en la que volem que tots hi prenguem part.<\/p>\n<p dir=\"ltr\">Us deixem l\u2019enlla\u00e7 que vam veure a l\u2019inici de la nostra recerca i que ens ha orientat en el proc\u00e9s: <a href=\"https:\/\/www.ccma.cat\/tv3\/super3\/infok\/pati-sense-futbol\/video\/5793826\/\" target=\"_blank\" rel=\"noopener\" data-saferedirecturl=\"https:\/\/www.google.com\/url?q=https:\/\/www.ccma.cat\/tv3\/super3\/infok\/pati-sense-futbol\/video\/5793826\/&amp;source=gmail&amp;ust=1644999801114000&amp;usg=AOvVaw1h6XI4H-XeSR6xieyd2QPl\">https:\/\/www.ccma.cat\/tv3\/<wbr \/>super3\/infok\/pati-sense-<wbr \/>futbol\/video\/5793826\/<\/a><\/p>\n<p dir=\"ltr\">Seguirem informant de tot proc\u00e9s!<\/p>\n","protected":false},"excerpt":{"rendered":"<p>Benvolgudes fam\u00edlies!! En aquest primer article us volem explicar com va sorgir la proposta del nostre projecte d\u2019investigaci\u00f3 i quins [&hellip;]<\/p>\n","protected":false},"author":1,"featured_media":4077,"comment_status":"open","ping_status":"closed","sticky":false,"template":"","format":"standard","meta":{"_bbp_topic_count":0,"_bbp_reply_count":0,"_bbp_total_topic_count":0,"_bbp_total_reply_count":0,"_bbp_voice_count":0,"_bbp_anonymous_reply_count":0,"_bbp_topic_count_hidden":0,"_bbp_reply_count_hidden":0,"_bbp_forum_subforum_count":0,"site-sidebar-layout":"default","site-content-layout":"","ast-site-content-layout":"","site-content-style":"default","site-sidebar-style":"default","ast-global-header-display":"","ast-banner-title-visibility":"","ast-main-header-display":"","ast-hfb-above-header-display":"","ast-hfb-below-header-display":"","ast-hfb-mobile-header-display":"","site-post-title":"","ast-breadcrumbs-content":"","ast-featured-img":"","footer-sml-layout":"","theme-transparent-header-meta":"","adv-header-id-meta":"","stick-header-meta":"","header-above-stick-meta":"","header-main-stick-meta":"","header-below-stick-meta":"","astra-migrate-meta-layouts":"default","ast-page-background-enabled":"default","ast-page-background-meta":{"desktop":{"background-color":"var(--ast-global-color-4)","background-image":"","background-repeat":"repeat","background-position":"center center","background-size":"auto","background-attachment":"scroll","background-type":"","background-media":"","overlay-type":"","overlay-color":"","overlay-opacity":"","overlay-gradient":""},"tablet":{"background-color":"","background-image":"","background-repeat":"repeat","background-position":"center center","background-size":"auto","background-attachment":"scroll","background-type":"","background-media":"","overlay-type":"","overlay-color":"","overlay-opacity":"","overlay-gradient":""},"mobile":{"background-color":"","background-image":"","background-repeat":"repeat","background-position":"center center","background-size":"auto","background-attachment":"scroll","background-type":"","background-media":"","overlay-type":"","overlay-color":"","overlay-opacity":"","overlay-gradient":""}},"ast-content-background-meta":{"desktop":{"background-color":"var(--ast-global-color-5)","background-image":"","background-repeat":"repeat","background-position":"center center","background-size":"auto","background-attachment":"scroll","background-type":"","background-media":"","overlay-type":"","overlay-color":"","overlay-opacity":"","overlay-gradient":""},"tablet":{"background-color":"var(--ast-global-color-5)","background-image":"","background-repeat":"repeat","background-position":"center center","background-size":"auto","background-attachment":"scroll","background-type":"","background-media":"","overlay-type":"","overlay-color":"","overlay-opacity":"","overlay-gradient":""},"mobile":{"background-color":"var(--ast-global-color-5)","background-image":"","background-repeat":"repeat","background-position":"center center","background-size":"auto","background-attachment":"scroll","background-type":"","background-media":"","overlay-type":"","overlay-color":"","overlay-opacity":"","overlay-gradient":""}},"footnotes":""},"categories":[1,4],"tags":[70,95,102,86],"class_list":["post-4076","post","type-post","status-publish","format-standard","has-post-thumbnail","hentry","category-general","category-portada","tag-6e","tag-comunitat-de-grans","tag-curs-21-22","tag-investiguem"],"post_mailing_queue_ids":[],"_links":{"self":[{"href":"https:\/\/agora.xtec.cat\/ceipcescaldea\/wp-json\/wp\/v2\/posts\/4076","targetHints":{"allow":["GET"]}}],"collection":[{"href":"https:\/\/agora.xtec.cat\/ceipcescaldea\/wp-json\/wp\/v2\/posts"}],"about":[{"href":"https:\/\/agora.xtec.cat\/ceipcescaldea\/wp-json\/wp\/v2\/types\/post"}],"author":[{"embeddable":true,"href":"https:\/\/agora.xtec.cat\/ceipcescaldea\/wp-json\/wp\/v2\/users\/1"}],"replies":[{"embeddable":true,"href":"https:\/\/agora.xtec.cat\/ceipcescaldea\/wp-json\/wp\/v2\/comments?post=4076"}],"version-history":[{"count":1,"href":"https:\/\/agora.xtec.cat\/ceipcescaldea\/wp-json\/wp\/v2\/posts\/4076\/revisions"}],"predecessor-version":[{"id":4078,"href":"https:\/\/agora.xtec.cat\/ceipcescaldea\/wp-json\/wp\/v2\/posts\/4076\/revisions\/4078"}],"wp:featuredmedia":[{"embeddable":true,"href":"https:\/\/agora.xtec.cat\/ceipcescaldea\/wp-json\/wp\/v2\/media\/4077"}],"wp:attachment":[{"href":"https:\/\/agora.xtec.cat\/ceipcescaldea\/wp-json\/wp\/v2\/media?parent=4076"}],"wp:term":[{"taxonomy":"category","embeddable":true,"href":"https:\/\/agora.xtec.cat\/ceipcescaldea\/wp-json\/wp\/v2\/categories?post=4076"},{"taxonomy":"post_tag","embeddable":true,"href":"https:\/\/agora.xtec.cat\/ceipcescaldea\/wp-json\/wp\/v2\/tags?post=4076"}],"curies":[{"name":"wp","href":"https:\/\/api.w.org\/{rel}","templated":true}]}}