{"id":4064,"date":"2022-01-27T16:48:48","date_gmt":"2022-01-27T15:48:48","guid":{"rendered":"https:\/\/agora.xtec.cat\/ceipcescaldea\/?p=4064"},"modified":"2022-01-27T16:48:48","modified_gmt":"2022-01-27T15:48:48","slug":"recursos-digitals-comunitat-grans","status":"publish","type":"post","link":"https:\/\/agora.xtec.cat\/ceipcescaldea\/general\/recursos-digitals-comunitat-grans\/","title":{"rendered":"RECURSOS DIGITALS (COMUNITAT GRANS)"},"content":{"rendered":"<p style=\"font-weight: 400;\"><img loading=\"lazy\" decoding=\"async\" class=\"wp-image-4065 alignright\" src=\"https:\/\/agora.xtec.cat\/ceipcescaldea\/wp-content\/uploads\/usu863\/2022\/01\/IMG-20220125-WA0006-1024x768.jpg\" alt=\"\" width=\"381\" height=\"286\" srcset=\"https:\/\/agora.xtec.cat\/ceipcescaldea\/wp-content\/uploads\/usu863\/2022\/01\/IMG-20220125-WA0006-1024x768.jpg 1024w, https:\/\/agora.xtec.cat\/ceipcescaldea\/wp-content\/uploads\/usu863\/2022\/01\/IMG-20220125-WA0006-300x225.jpg 300w, https:\/\/agora.xtec.cat\/ceipcescaldea\/wp-content\/uploads\/usu863\/2022\/01\/IMG-20220125-WA0006-768x576.jpg 768w, https:\/\/agora.xtec.cat\/ceipcescaldea\/wp-content\/uploads\/usu863\/2022\/01\/IMG-20220125-WA0006-1536x1152.jpg 1536w, https:\/\/agora.xtec.cat\/ceipcescaldea\/wp-content\/uploads\/usu863\/2022\/01\/IMG-20220125-WA0006-200x150.jpg 200w, https:\/\/agora.xtec.cat\/ceipcescaldea\/wp-content\/uploads\/usu863\/2022\/01\/IMG-20220125-WA0006.jpg 2048w\" sizes=\"auto, (max-width: 381px) 100vw, 381px\" \/>Benvolgudes fam\u00edlies i alumnat,<\/p>\n<p style=\"font-weight: 400;\">Al llarg d&#8217;aquest \u00faltims dos anys hem apr\u00e8s a conviure i relacionar-nos amb el m\u00f3n d&#8217;una manera diferent a com ho f\u00e8iem fins ara. \u00c9s molt probable que les nostres rutines tamb\u00e9 s&#8217;han vist modificades, per\u00f2 com sempre, hem sabut treure profit d\u2019aquesta nova realitat que ens est\u00e0 tocant viure. Les noves tecnologies s\u00f3n ara una eina fonamental per el nostre dia a dia i, cada vegada m\u00e9s, aprenem com fer un bon \u00fas d\u2019aquestes.<\/p>\n<p style=\"font-weight: 400;\">Respecte l&#8217;escola, especialment a la comunitat de grans, les eines digitals han fet possible poder continuar amb la nostra rutina tot i estar confinats. \u00c9s per aquest motiu que volem fer una petita reflexi\u00f3 i aportar estrat\u00e8gies i recursos per afavorir el nostre aprenentatge encara que estiguem\u00a0 a casa.<\/p>\n<p style=\"font-weight: 400;\">Primer exposarem diferents activitats que poden portar a terme els vostres fills i filles sense cap recurs digital, per\u00f2 que\u00a0 ens semblen un bon instrument\u00a0 per practicar tot all\u00f2 que ja he anat aprenent.<\/p>\n<ul>\n<li style=\"font-weight: 400;\">Construcci\u00f3 d&#8217;un <strong>diari personal o familiar<\/strong> on recolliu al final del dia com us heu sentit, alguna an\u00e8cdota, pensament o reflexi\u00f3, activitat que heu portat a terme&#8230;\u00a0 Si es tracta d&#8217;un diari familiar cadasc\u00fa pot afegir el seu escrit i despr\u00e9s compartir-lo.<\/li>\n<li style=\"font-weight: 400;\">Visualitzaci\u00f3 de l\u2019<strong>informatiu InfoK<\/strong> i comentar all\u00f2 que ens sorpr\u00e8n: <a style=\"font-family: inherit; font-size: 1em;\" href=\"https:\/\/www.ccma.cat\/tv3\/super3\/infok\/\" data-saferedirecturl=\"https:\/\/www.google.com\/url?q=https:\/\/www.ccma.cat\/tv3\/super3\/infok\/&amp;source=gmail&amp;ust=1643369829388000&amp;usg=AOvVaw2apZdudVtm7k3fbZJ9Omso\">https:\/\/www.ccma.cat\/tv3\/super3\/infok\/<\/a><\/li>\n<li style=\"font-weight: 400;\">Petit <strong>projecte<\/strong>: Pot estar enfocat a la construcci\u00f3 d&#8217;un objecte decoratiu que vulguem, creaci\u00f3 d&#8217;una nova recepta de cuina partint d&#8217;una tradicional, preparaci\u00f3 d&#8217;un cap de setmana en fam\u00edlia&#8230;.Es tracta de portar a terme el projecte amb detall, fer un pla de treball i concretar tots els aspectes per tal de portar a terme la idea: Qu\u00e8 volem fer? Conec b\u00e9 el que vull portar a terme? Necessito buscar fonts d&#8217;informaci\u00f3 que m\u2019ajudin a concretar el pla? Qu\u00e8 necessitem per portar a terme la idea? Quins passos hem de seguir? Ens fa falta material? Programem el temps? etc.<\/li>\n<\/ul>\n<p style=\"font-weight: 400;\">Per complementar aquestes activitats no digitals a continuaci\u00f3 teniu diferents enlla\u00e7os de p\u00e0gines webs que poden ser profitoses per desenvolupar i refor\u00e7ar els conceptes treballats.<\/p>\n<ul>\n<li style=\"font-weight: 400;\"><a href=\"https:\/\/www.edu365.cat\/\" data-saferedirecturl=\"https:\/\/www.google.com\/url?q=https:\/\/www.edu365.cat\/&amp;source=gmail&amp;ust=1643369829388000&amp;usg=AOvVaw3zDPq4jr6WHEmY_OjrcO91\">https:\/\/www.edu365.cat\/<\/a><\/li>\n<li style=\"font-weight: 400;\"><a href=\"https:\/\/clic.xtec.cat\/repo\/\" data-saferedirecturl=\"https:\/\/www.google.com\/url?q=https:\/\/clic.xtec.cat\/repo\/&amp;source=gmail&amp;ust=1643369829388000&amp;usg=AOvVaw0ner_1BABLqrm4HPiAp9QK\">https:\/\/clic.xtec.cat\/repo\/<\/a><\/li>\n<li style=\"font-weight: 400;\"><a href=\"http:\/\/www.cristic.com\/juegos-educativos\/?lang=ca\" data-saferedirecturl=\"https:\/\/www.google.com\/url?q=http:\/\/www.cristic.com\/juegos-educativos\/?lang%3Dca&amp;source=gmail&amp;ust=1643369829388000&amp;usg=AOvVaw0_ileOVRXyNNg3yUSxYq9m\">http:\/\/www.cristic.com\/juegos-educativos\/?lang=ca<\/a><\/li>\n<li style=\"font-weight: 400;\"><a href=\"https:\/\/www.youtube.com\/user\/vivimdelcuentu\" data-saferedirecturl=\"https:\/\/www.google.com\/url?q=https:\/\/www.youtube.com\/user\/vivimdelcuentu&amp;source=gmail&amp;ust=1643369829388000&amp;usg=AOvVaw0cP5ibj-QiRSMBtWR4VFXf\">https:\/\/www.youtube.com\/user\/vivimdelcuentu<\/a><\/li>\n<li style=\"font-weight: 400;\"><a href=\"https:\/\/gloriafort.wordpress.com\/category\/free\/\" data-saferedirecturl=\"https:\/\/www.google.com\/url?q=https:\/\/gloriafort.wordpress.com\/category\/free\/&amp;source=gmail&amp;ust=1643369829388000&amp;usg=AOvVaw2h7Ius4qeCPkmNZJcPQ0RX\">https:\/\/gloriafort.wordpress.com\/category\/free\/<\/a><\/li>\n<li style=\"font-weight: 400;\"><a href=\"https:\/\/edu365.cat\/workshop\/joc\/escapecub\/index.html\" data-saferedirecturl=\"https:\/\/www.google.com\/url?q=https:\/\/edu365.cat\/workshop\/joc\/escapecub\/index.html&amp;source=gmail&amp;ust=1643369829388000&amp;usg=AOvVaw3dIpgKHzUYnZG81xR_O2VU\">https:\/\/edu365.cat\/workshop\/joc\/escapecub\/index.html<\/a><\/li>\n<\/ul>\n<p style=\"font-weight: 400;\">Esperem que aquestes recomanacions siguin de profit al llarg del curs i no han de ser d&#8217;\u00fas exclusiu en \u00e8poca de confinament, ja que poden generar din\u00e0miques beneficioses de treball i d&#8217;estudi que millorin el processos d\u2019adquisici\u00f3 de nous coneixements i d\u2019entendre i conviure en el m\u00f3n.<\/p>\n","protected":false},"excerpt":{"rendered":"<p>Benvolgudes fam\u00edlies i alumnat, Al llarg d&#8217;aquest \u00faltims dos anys hem apr\u00e8s a conviure i relacionar-nos amb el m\u00f3n d&#8217;una [&hellip;]<\/p>\n","protected":false},"author":1,"featured_media":4065,"comment_status":"open","ping_status":"closed","sticky":false,"template":"","format":"standard","meta":{"_bbp_topic_count":0,"_bbp_reply_count":0,"_bbp_total_topic_count":0,"_bbp_total_reply_count":0,"_bbp_voice_count":0,"_bbp_anonymous_reply_count":0,"_bbp_topic_count_hidden":0,"_bbp_reply_count_hidden":0,"_bbp_forum_subforum_count":0,"site-sidebar-layout":"default","site-content-layout":"","ast-site-content-layout":"","site-content-style":"default","site-sidebar-style":"default","ast-global-header-display":"","ast-banner-title-visibility":"","ast-main-header-display":"","ast-hfb-above-header-display":"","ast-hfb-below-header-display":"","ast-hfb-mobile-header-display":"","site-post-title":"","ast-breadcrumbs-content":"","ast-featured-img":"","footer-sml-layout":"","theme-transparent-header-meta":"","adv-header-id-meta":"","stick-header-meta":"","header-above-stick-meta":"","header-main-stick-meta":"","header-below-stick-meta":"","astra-migrate-meta-layouts":"default","ast-page-background-enabled":"default","ast-page-background-meta":{"desktop":{"background-color":"var(--ast-global-color-4)","background-image":"","background-repeat":"repeat","background-position":"center center","background-size":"auto","background-attachment":"scroll","background-type":"","background-media":"","overlay-type":"","overlay-color":"","overlay-opacity":"","overlay-gradient":""},"tablet":{"background-color":"","background-image":"","background-repeat":"repeat","background-position":"center center","background-size":"auto","background-attachment":"scroll","background-type":"","background-media":"","overlay-type":"","overlay-color":"","overlay-opacity":"","overlay-gradient":""},"mobile":{"background-color":"","background-image":"","background-repeat":"repeat","background-position":"center center","background-size":"auto","background-attachment":"scroll","background-type":"","background-media":"","overlay-type":"","overlay-color":"","overlay-opacity":"","overlay-gradient":""}},"ast-content-background-meta":{"desktop":{"background-color":"var(--ast-global-color-5)","background-image":"","background-repeat":"repeat","background-position":"center center","background-size":"auto","background-attachment":"scroll","background-type":"","background-media":"","overlay-type":"","overlay-color":"","overlay-opacity":"","overlay-gradient":""},"tablet":{"background-color":"var(--ast-global-color-5)","background-image":"","background-repeat":"repeat","background-position":"center center","background-size":"auto","background-attachment":"scroll","background-type":"","background-media":"","overlay-type":"","overlay-color":"","overlay-opacity":"","overlay-gradient":""},"mobile":{"background-color":"var(--ast-global-color-5)","background-image":"","background-repeat":"repeat","background-position":"center center","background-size":"auto","background-attachment":"scroll","background-type":"","background-media":"","overlay-type":"","overlay-color":"","overlay-opacity":"","overlay-gradient":""}},"footnotes":""},"categories":[1,4],"tags":[95,102],"class_list":["post-4064","post","type-post","status-publish","format-standard","has-post-thumbnail","hentry","category-general","category-portada","tag-comunitat-de-grans","tag-curs-21-22"],"post_mailing_queue_ids":[],"_links":{"self":[{"href":"https:\/\/agora.xtec.cat\/ceipcescaldea\/wp-json\/wp\/v2\/posts\/4064","targetHints":{"allow":["GET"]}}],"collection":[{"href":"https:\/\/agora.xtec.cat\/ceipcescaldea\/wp-json\/wp\/v2\/posts"}],"about":[{"href":"https:\/\/agora.xtec.cat\/ceipcescaldea\/wp-json\/wp\/v2\/types\/post"}],"author":[{"embeddable":true,"href":"https:\/\/agora.xtec.cat\/ceipcescaldea\/wp-json\/wp\/v2\/users\/1"}],"replies":[{"embeddable":true,"href":"https:\/\/agora.xtec.cat\/ceipcescaldea\/wp-json\/wp\/v2\/comments?post=4064"}],"version-history":[{"count":1,"href":"https:\/\/agora.xtec.cat\/ceipcescaldea\/wp-json\/wp\/v2\/posts\/4064\/revisions"}],"predecessor-version":[{"id":4066,"href":"https:\/\/agora.xtec.cat\/ceipcescaldea\/wp-json\/wp\/v2\/posts\/4064\/revisions\/4066"}],"wp:featuredmedia":[{"embeddable":true,"href":"https:\/\/agora.xtec.cat\/ceipcescaldea\/wp-json\/wp\/v2\/media\/4065"}],"wp:attachment":[{"href":"https:\/\/agora.xtec.cat\/ceipcescaldea\/wp-json\/wp\/v2\/media?parent=4064"}],"wp:term":[{"taxonomy":"category","embeddable":true,"href":"https:\/\/agora.xtec.cat\/ceipcescaldea\/wp-json\/wp\/v2\/categories?post=4064"},{"taxonomy":"post_tag","embeddable":true,"href":"https:\/\/agora.xtec.cat\/ceipcescaldea\/wp-json\/wp\/v2\/tags?post=4064"}],"curies":[{"name":"wp","href":"https:\/\/api.w.org\/{rel}","templated":true}]}}